{"id":219567,"date":"2016-01-28T12:02:39","date_gmt":"2016-01-28T12:02:39","guid":{"rendered":"http:\/\/diariodominicano.ddns.net\/?p=219567"},"modified":"2016-01-28T12:02:39","modified_gmt":"2016-01-28T12:02:39","slug":"delegacion-panama-felicita-a-primera-dama-candida-montilla-de-medina-por-su-labor","status":"publish","type":"post","link":"https:\/\/diariodominicano.com\/?p=219567","title":{"rendered":"Delegaci\u00f3n Panam\u00e1 felicita a Primera Dama, C\u00e1ndida Montilla de Medina  por su labor"},"content":{"rendered":"<p><body><\/p>\n<p><img decoding=\"async\" src=\"img3\/dama 1.jpg\" \/>  <\/p>\n<p>Santo Domingo RD 28 enero (DICOM).- &#8211; El Despacho de Lorena Castillo de Varela, Primera Dama de Panam\u00e1, tiene inter\u00e9s por replicar en su pa\u00eds los servicios y la cobertura que brindan en Rep\u00fablica Dominicana los programas que desarrolla su hom\u00f3loga, C\u00e1ndida Montilla de Medina, a favor de los m\u00e1s necesitados.<\/p>\n<\/p>\n<p>As\u00ed lo manifest\u00f3, Ana Mar\u00eda de Le\u00f3n, directora T\u00e9cnica del Despacho de la Primera Dama de Panam\u00e1, quien, adem\u00e1s, felicit\u00f3 a Montilla de Medina por la labor humanitaria y de amor que desarrolla.<\/p>\n<\/p>\n<p>\u00abUn Despacho con coraz\u00f3n\u00bb<\/p>\n<\/p>\n<p> \u00abEste es un despacho con coraz\u00f3n, con alma y podr\u00edamos decir que es perfecto, porque, adem\u00e1s, lo tienen unido a una propuesta totalmente proactiva y correctiva que les permite a ustedes llegar a donde quieren llegar\u00bb, precis\u00f3.<\/p>\n<\/p>\n<p>La funcionaria paname\u00f1a que el d\u00eda anterior hab\u00eda visitado el CAID para conocer sus servicios y formas de operaci\u00f3n, sostuvo un encuentro con las coordinadoras de los programas Cuenta Conmigo y Servicio al Ciudadano, Lissy Campos y Yety Guzm\u00e1n, respectivamente.<\/p>\n<\/p>\n<p>Estuvieron, adem\u00e1s, la Coordinadora T\u00e9cnica del Despacho, Martha Rodr\u00edguez, y el director de Planificaci\u00f3n y Desarrollo, Jos\u00e9 <\/p>\n<p>Ayala.<\/p>\n<\/p>\n<p>Referentes para pol\u00edticas sociales en Panam\u00e1<\/p>\n<\/p>\n<p> De Le\u00f3n manifest\u00f3 que recopilaba experiencia sobre los programas del Despacho de Montilla de Medina, porque estos servir\u00e1n de referente para ser implementados en los programas que desarrolla la primera dama de su pa\u00eds, Lorena Castillo de Varela.<\/p>\n<\/p>\n<p>La coordinadora de Cuenta Conmigo, Lissy Campos, ofreci\u00f3 amplios detalles sobre el funcionamiento del programa que dirige y que ha impactado desde su puesta en funcionamiento a miles de dominicanos de escasos recursos econ\u00f3micos.<\/p>\n<\/p>\n<p>De su lado, Yety Guzm\u00e1n resalt\u00f3 el funcionamiento de Servicio al Ciudadano, otro de los proyectos que desarrolla el Despacho de la Primera Dama, a favor de miles de familias de escasos recursos econ\u00f3micos.<\/p>\n<\/p>\n<p>\u00abTrabajamos por la inclusi\u00f3n en todos los \u00f3rdenes\u00bb<\/p>\n<\/p>\n<p>La coordinadora T\u00e9cnica del Despacho, Martha Rodriguez de B\u00e1ez, expres\u00f3 la disposici\u00f3n de la entidad que encabeza C\u00e1ndida Montilla de Medina, a colaborar con el hermano pa\u00eds de Panam\u00e1 en todo lo referente a la inclusi\u00f3n social, principalmente en el \u00e1rea de salud.<\/p>\n<\/p>\n<p>Ana Maria de Le\u00f3n, junto a Maruja de Villalobos, directora del Instituto Paname\u00f1o de Habilitaci\u00f3n Especial, integraron la delegaci\u00f3n oficial de la Rep\u00fablica de Panam\u00e1 que visit\u00f3 el pa\u00eds para conocer los procesos de inclusi\u00f3n social y educativa que lleva a cabo el gobierno de Danilo Medina y que implementa el Despacho de la Primera Dama Montilla de Medina.<\/p>\n<\/p>\n<h6> 2016-01-28 12:02:39 <\/h6>\n<p><!--\n<link rel=\"stylesheet\" href=\"css\/bootstrap.min.css\">\n\n\n<ul class=\"pagination\">\n\t    \n\t\n\n<li >\n\t<a href='?page_no=13876'>Previous<\/a>\n\t<\/li>\n\n\n       \n    \n\n<li><a href='?page_no=1'>1<\/a><\/li>\n\n\n\n<li><a href='?page_no=2'>2<\/a><\/li>\n\n\n\n<li><a>...<\/a><\/li>\n\n\n\n<li><a href='?page_no=13875'>13875<\/a><\/li>\n\n\n\n<li><a href='?page_no=13876'>13876<\/a><\/li>\n\n\n\n<li class='active'><a>13877<\/a><\/li>\n\n\n\n<li><a href='?page_no=13878'>13878<\/a><\/li>\n\n\n\n<li><a href='?page_no=13879'>13879<\/a><\/li>\n\n\n\n<li><a>...<\/a><\/li>\n\n\n\n<li><a href='?page_no=56169'>56169<\/a><\/li>\n\n\n\n<li><a href='?page_no=56170'>56170<\/a><\/li>\n\n    \n\t\n\n<li >\n\t<a href='?page_no=13878'>Next<\/a>\n\t<\/li>\n\n\n    \n\n<li><a href='?page_no=56170'>Last &rsaquo;&rsaquo;<\/a><\/li>\n\n<\/ul>\n\n\n--><br \/>\n<\/body><\/p>\n","protected":false},"excerpt":{"rendered":"<p>Santo Domingo RD 28 enero (DICOM).- &#8211; El Despacho de Lorena Castillo de Varela, Primera Dama de Panam\u00e1, tiene inter\u00e9s por replicar en su pa\u00eds los servicios y la cobertura que brindan en Rep\u00fablica Dominicana los programas que desarrolla su hom\u00f3loga, C\u00e1ndida Montilla de Medina, a favor de los m\u00e1s necesitados. As\u00ed lo manifest\u00f3, Ana [&hellip;]<\/p>\n","protected":false},"author":3,"featured_media":0,"comment_status":"open","ping_status":"open","sticky":false,"template":"","format":"standard","meta":{"footnotes":""},"categories":[20],"tags":[],"class_list":["post-219567","post","type-post","status-publish","format-standard","hentry","category-dominicana-hoy"],"_links":{"self":[{"href":"https:\/\/diariodominicano.com\/index.php?rest_route=\/wp\/v2\/posts\/219567","targetHints":{"allow":["GET"]}}],"collection":[{"href":"https:\/\/diariodominicano.com\/index.php?rest_route=\/wp\/v2\/posts"}],"about":[{"href":"https:\/\/diariodominicano.com\/index.php?rest_route=\/wp\/v2\/types\/post"}],"author":[{"embeddable":true,"href":"https:\/\/diariodominicano.com\/index.php?rest_route=\/wp\/v2\/users\/3"}],"replies":[{"embeddable":true,"href":"https:\/\/diariodominicano.com\/index.php?rest_route=%2Fwp%2Fv2%2Fcomments&post=219567"}],"version-history":[{"count":0,"href":"https:\/\/diariodominicano.com\/index.php?rest_route=\/wp\/v2\/posts\/219567\/revisions"}],"wp:attachment":[{"href":"https:\/\/diariodominicano.com\/index.php?rest_route=%2Fwp%2Fv2%2Fmedia&parent=219567"}],"wp:term":[{"taxonomy":"category","embeddable":true,"href":"https:\/\/diariodominicano.com\/index.php?rest_route=%2Fwp%2Fv2%2Fcategories&post=219567"},{"taxonomy":"post_tag","embeddable":true,"href":"https:\/\/diariodominicano.com\/index.php?rest_route=%2Fwp%2Fv2%2Ftags&post=219567"}],"curies":[{"name":"wp","href":"https:\/\/api.w.org\/{rel}","templated":true}]}}