{"id":219566,"date":"2016-01-28T13:55:30","date_gmt":"2016-01-28T13:55:30","guid":{"rendered":"http:\/\/diariodominicano.ddns.net\/?p=219566"},"modified":"2016-01-28T13:55:30","modified_gmt":"2016-01-28T13:55:30","slug":"gobierno-presenta-sistematizacion-de-la-politica-nacional-de-cambio-climatico","status":"publish","type":"post","link":"https:\/\/diariodominicano.com\/?p=219566","title":{"rendered":"Gobierno presenta sistematizaci\u00f3n de la Pol\u00edtica Nacional de Cambio Clim\u00e1tico"},"content":{"rendered":"<p><body><\/p>\n<p><img decoding=\"async\" src=\"img3\/climatico.jpg\" \/>  <\/p>\n<p><span class=\"text1noticias\">Santo Domingo, RD, 28 de enero.-El Gobierno dio a conocer el proceso de sistematizaci\u00f3n y revisi\u00f3n de la Pol\u00edtica Nacional de Cambio Clim\u00e1tico (PNCC), que fue oficializada por el presidente Danilo Medina mediante la promulgaci\u00f3n del decreto n\u00famero 269-15.<\/span><\/p>\n<p><span class=\"text1noticias\">  <\/span><\/p>\n<p><span class=\"text1noticias\">En la elaboraci\u00f3n de la PNCC se involucraron el Ministerio de Econom\u00eda, Planificaci\u00f3n y Desarrollo (MEPyD) y el Consejo Nacional para el Cambio Clim\u00e1tico y el Mecanismo de Desarrollo Limpio (CNCCMDL), quienes analizaron los cuatro ejes de la Estrategia Nacional de Desarrollo 2030 y el Plan Nacional Plurianual del Sector P\u00fablico con un enfoque clim\u00e1tico.<\/span><\/p>\n<p><span class=\"text1noticias\"> <\/span><\/p>\n<p><span class=\"text1noticias\"><strong>Decreto 269-15<\/strong><\/span><\/p>\n<\/p>\n<p><span class=\"text1noticias\">Su ejecuci\u00f3n, conforme el decreto 269-15, es responsabilidad del MEPyD, del Ministerio de Medio Ambiente y Recursos Naturales y del CNCCMDL. Tanto su dise\u00f1o como su revisi\u00f3n se realiz\u00f3 con el apoyo del Programa de las Naciones Unidas para el Desarrollo (PNUD), en el marco del proceso de preparaci\u00f3n de una estrategia de desarrollo bajo en carbono y resiliente al cambio clim\u00e1tico.<\/span><\/p>\n<p><span class=\"text1noticias\"> <\/span><\/p>\n<p><span class=\"text1noticias\">Este decreto plantea que el objetivo de la Pol\u00edtica Nacional de Cambio Clim\u00e1tico es gestionar la variabilidad clim\u00e1tica atribuida, directa o indirectamente, a la actividad humana y a los efectos que genera sobre la poblaci\u00f3n y el territorio nacional, a trav\u00e9s de una adecuada estrategia, programaci\u00f3n, planes y proyectos en el \u00e1mbito nacional, de conformidad con lo establecido en la Convenci\u00f3n Marco de las Naciones Unidas sobre Cambio Clim\u00e1tico y el Protocolo de Kyoto.<\/span><\/p>\n<p><span class=\"text1noticias\"> <\/span><\/p>\n<p><span class=\"text1noticias\">En su art\u00edculo cuarto declara de alto inter\u00e9s incorporar la adaptaci\u00f3n y la mitigaci\u00f3n al cambio clim\u00e1tico como una pol\u00edtica transversal dentro de la Estrategia Nacional de Desarrollo 2030 y su articulaci\u00f3n con las dem\u00e1s pol\u00edticas transversales, en particular, la sostenibilidad ambiental, la gesti\u00f3n de riesgos, la cohesi\u00f3n territorial y la equidad de g\u00e9nero.<\/span><\/p>\n<p><span class=\"text1noticias\"> <\/span><\/p>\n<p><span class=\"text1noticias\">Tambi\u00e9n, instruye a que se dise\u00f1e una estrategia financiera de cambio clim\u00e1tico para hacer frente a la vulnerabilidad clim\u00e1tica del pa\u00eds y atenuar los efectos negativos de los desastres asociados al clima, con la incorporaci\u00f3n de instrumentos de fiscalidad verde que internalicen las externalidades producidas por actividades contaminantes, y que otorguen incentivos a las actividades no contaminantes.<\/span><\/p>\n<p><span class=\"text1noticias\"><strong> <\/strong><\/span><\/p>\n<p><span class=\"text1noticias\"><strong>Capacitaci\u00f3n y sensibilizaci\u00f3n de los ciudadanos y ciudadanas<\/strong><\/span><\/p>\n<\/p>\n<p><span class=\"text1noticias\">En adici\u00f3n, establece que se promueva la capacitaci\u00f3n y la sensibilizaci\u00f3n del ciudadano con respecto al cambio clim\u00e1tico, estimulando la participaci\u00f3n en los planes, los programas y los proyectos de mitigaci\u00f3n y adaptaci\u00f3n.<\/span><\/p>\n<p><span class=\"text1noticias\"> <\/span><\/p>\n<p><span class=\"text1noticias\">De su lado, Lizzy Solano, consultora responsable de la revisi\u00f3n, tuvo a su cargo  la presentaci\u00f3n del proceso de sistematizaci\u00f3n.<\/span><\/p>\n<p><span class=\"text1noticias\"> <\/span><\/p>\n<p><span class=\"text1noticias\">La presentaci\u00f3n de la sistematizaci\u00f3n y revisi\u00f3n de la PNCC se realiz\u00f3 durante un acto que tuvo lugar en el sal\u00f3n Hermanas Mirabal del Palacio Nacional, encabezado por Zoraima Cuello, viceministra de la Presidencia; Juan Tom\u00e1s Monegro, viceministro de Planificaci\u00f3n del MEPyD; Omar Ram\u00edrez Tejada, vicepresidente ejecutivo del CNCCMDL y Mar\u00eda Eugenia Morales, oficial de Programas del PNUD.<\/span><\/p>\n<p><span class=\"text1noticias\"> <\/span><\/p>\n<p><span class=\"text1noticias\">Estuvieron presentes, adem\u00e1s, representantes de la Vicepresidencia de la Rep\u00fablica, de los Ministerios de Agricultura, Hacienda, de la Mujer y Relaciones Exteriores; del Banco Central, la Oficina Nacional de Meteorolog\u00eda, la Oficina Nacional de Estad\u00edstica, la Corporaci\u00f3n Dominicana de Empresas El\u00e9ctricas Estatales, el Centro de Exportaci\u00f3n e Inversi\u00f3n de la Rep\u00fablica Dominicana.<\/span><\/p>\n<p><span class=\"text1noticias\"> <\/span><\/p>\n<p><span class=\"text1noticias\">Asimismo, de la Comisi\u00f3n Nacional de Emergencia, la Direcci\u00f3n General de Desarrollo y Ordenamiento Territorial y el Instituto Nacional de Recursos Hidr\u00e1ulicos, el Centro de Estudio de G\u00e9nero del INTEC, fundaciones Plenitud y Sur Futuro.<\/span><\/p>\n<p><span class=\"text1noticias\"> <\/span><\/p>\n<p><span class=\"text1noticias\">Tambi\u00e9n, Grupo Jaragua, Instituto Dominicano de Desarrollo Integral, Federaci\u00f3n Dominicana de Municipios, Consorcio Dominicano de Competitividad Tur\u00edstica, Instituto Nacional de la Salud y Red Nacional de Apoyo Empresarial a la Protecci\u00f3n Ambiental, entre otras entidades<\/span>.<\/p>\n<h6> 2016-01-28 13:55:30 <\/h6>\n<p><!--\n<link rel=\"stylesheet\" href=\"css\/bootstrap.min.css\">\n\n\n<ul class=\"pagination\">\n\t    \n\t\n\n<li >\n\t<a href='?page_no=13875'>Previous<\/a>\n\t<\/li>\n\n\n       \n    \n\n<li><a href='?page_no=1'>1<\/a><\/li>\n\n\n\n<li><a href='?page_no=2'>2<\/a><\/li>\n\n\n\n<li><a>...<\/a><\/li>\n\n\n\n<li><a href='?page_no=13874'>13874<\/a><\/li>\n\n\n\n<li><a href='?page_no=13875'>13875<\/a><\/li>\n\n\n\n<li class='active'><a>13876<\/a><\/li>\n\n\n\n<li><a href='?page_no=13877'>13877<\/a><\/li>\n\n\n\n<li><a href='?page_no=13878'>13878<\/a><\/li>\n\n\n\n<li><a>...<\/a><\/li>\n\n\n\n<li><a href='?page_no=56169'>56169<\/a><\/li>\n\n\n\n<li><a href='?page_no=56170'>56170<\/a><\/li>\n\n    \n\t\n\n<li >\n\t<a href='?page_no=13877'>Next<\/a>\n\t<\/li>\n\n\n    \n\n<li><a href='?page_no=56170'>Last &rsaquo;&rsaquo;<\/a><\/li>\n\n<\/ul>\n\n\n--><br \/>\n<\/body><\/p>\n","protected":false},"excerpt":{"rendered":"<p>Santo Domingo, RD, 28 de enero.-El Gobierno dio a conocer el proceso de sistematizaci\u00f3n y revisi\u00f3n de la Pol\u00edtica Nacional de Cambio Clim\u00e1tico (PNCC), que fue oficializada por el presidente Danilo Medina mediante la promulgaci\u00f3n del decreto n\u00famero 269-15. En la elaboraci\u00f3n de la PNCC se involucraron el Ministerio de Econom\u00eda, Planificaci\u00f3n y Desarrollo (MEPyD) [&hellip;]<\/p>\n","protected":false},"author":3,"featured_media":0,"comment_status":"open","ping_status":"open","sticky":false,"template":"","format":"standard","meta":{"footnotes":""},"categories":[20],"tags":[],"class_list":["post-219566","post","type-post","status-publish","format-standard","hentry","category-dominicana-hoy"],"_links":{"self":[{"href":"https:\/\/diariodominicano.com\/index.php?rest_route=\/wp\/v2\/posts\/219566","targetHints":{"allow":["GET"]}}],"collection":[{"href":"https:\/\/diariodominicano.com\/index.php?rest_route=\/wp\/v2\/posts"}],"about":[{"href":"https:\/\/diariodominicano.com\/index.php?rest_route=\/wp\/v2\/types\/post"}],"author":[{"embeddable":true,"href":"https:\/\/diariodominicano.com\/index.php?rest_route=\/wp\/v2\/users\/3"}],"replies":[{"embeddable":true,"href":"https:\/\/diariodominicano.com\/index.php?rest_route=%2Fwp%2Fv2%2Fcomments&post=219566"}],"version-history":[{"count":0,"href":"https:\/\/diariodominicano.com\/index.php?rest_route=\/wp\/v2\/posts\/219566\/revisions"}],"wp:attachment":[{"href":"https:\/\/diariodominicano.com\/index.php?rest_route=%2Fwp%2Fv2%2Fmedia&parent=219566"}],"wp:term":[{"taxonomy":"category","embeddable":true,"href":"https:\/\/diariodominicano.com\/index.php?rest_route=%2Fwp%2Fv2%2Fcategories&post=219566"},{"taxonomy":"post_tag","embeddable":true,"href":"https:\/\/diariodominicano.com\/index.php?rest_route=%2Fwp%2Fv2%2Ftags&post=219566"}],"curies":[{"name":"wp","href":"https:\/\/api.w.org\/{rel}","templated":true}]}}