{"id":219563,"date":"2016-01-28T16:01:00","date_gmt":"2016-01-28T16:01:00","guid":{"rendered":"http:\/\/diariodominicano.ddns.net\/?p=219563"},"modified":"2016-01-28T16:01:00","modified_gmt":"2016-01-28T16:01:00","slug":"honestidad-y-vocacion-de-servicio-deben-caracterizar-a-los-servidores-publicos","status":"publish","type":"post","link":"https:\/\/diariodominicano.com\/?p=219563","title":{"rendered":"Honestidad y vocaci\u00f3n de servicio deben caracterizar a los servidores p\u00fablicos"},"content":{"rendered":"<p><body><\/p>\n<p><img decoding=\"async\" src=\"img3\/reconocidoaltooficial.png\" \/>  <\/p>\n<p><span class=\"text1noticias\">Santo Domingo, RD, 28 de Enero.-El ministro, licenciado Ram\u00f3n Ventura Camejo, afirm\u00f3 que la honestidad, vocaci\u00f3n de servicio y compromiso social constituyen los principales rasgos que deben caracterizar el desempe\u00f1o de los servidores p\u00fablicos de  la Rep\u00fablica Dominicana, consideraciones que hizo en el acto de reconocimiento de 844 empleados del Estado con la Medalla al M\u00e9rito, 258 por resultados excelentes y 67 por valoraci\u00f3n en la Carrera Administrativa, una nueva metodolog\u00eda que est\u00e1 usando esa dependencia del Ministerio de Administraci\u00f3n P\u00fablica (MAP).<\/span><\/p>\n<\/p>\n<p><span class=\"text1noticias\">El reconocimiento, desarrollado por el MAP, se hizo en el Auditorio Eduardo Latorre, del Ministerio de Relaciones Exteriores. El acto correspondi\u00f3 al D\u00eda del Servidor P\u00fablico.<\/span><\/p>\n<\/p>\n<p><span class=\"text1noticias\">El funcionario, al pronunciar el discurso central en la actividad, resalt\u00f3 que el eje primario en cualquier organizaci\u00f3n, p\u00fablica o privada, son las personas que la integran, \u00abde ah\u00ed que sea tan importante la capacitaci\u00f3n permanente de los servidores, no s\u00f3lo en los modelos de gesti\u00f3n de calidad, sino tambi\u00e9n en la utilizaci\u00f3n de las tecnolog\u00edas de la informaci\u00f3n y la comunicaci\u00f3n\u00bb, seg\u00fan lo informado por el periodista Lu\u00eds C\u00e9spedes Pe\u00f1a.  <\/span><\/p>\n<\/p>\n<p><span class=\"text1noticias\">Ventura Camejo indic\u00f3 que en la administraci\u00f3n p\u00fablica dominicana \u00abhemos ido avanzando en el tema de la evaluaci\u00f3n del desempe\u00f1o para valorar el servicio que las instituciones y sus empleados y funcionarios prestan a los ciudadanos, y eso es trascendental porque s\u00f3lo as\u00ed lograremos la legitimidad y la confianza de la poblaci\u00f3n\u00bb.<\/span><\/p>\n<\/p>\n<p><span class=\"text1noticias\">El titular del MAP tambi\u00e9n se refiri\u00f3 a que la buena gesti\u00f3n de los servidores p\u00fablicos \u00abno sale del azar, sino que radica en el cumplimiento de ciertos indicadores y criterios, as\u00ed como el hecho que las entidades p\u00fablicas laboren en base a un plan estrat\u00e9gico a largo y mediano plazo, donde se fijen las metas y los objetivos por los cuales hay que evaluar los resultados de las instituciones y los servidores del Estado\u00bb. <\/span><\/p>\n<\/p>\n<p><span class=\"text1noticias\">De acuerdo con los datos proporcionados por la Direcci\u00f3n de Sistemas de Carrera del MAP, los 844 servidores p\u00fablicos que fueron galardonados con la Medalla al M\u00e9rito laboran en 65 instituciones del Estado, mientras que la Direcci\u00f3n de Reclutamiento, Selecci\u00f3n y Evaluaci\u00f3n del Desempe\u00f1o Laboral de ese ministerio inform\u00f3 que los empleados que recibieron excelentes resultados al ser evaluados por factores prestan servicio en 46 entidades estatales.<\/span><\/p>\n<\/p>\n<p><span class=\"text1noticias\">Durante la ceremonia tambi\u00e9n fueron reconocidas las instituciones que utilizan la metodolog\u00eda de evaluaci\u00f3n basada en resultados, competencias y en el r\u00e9gimen \u00e9tico y disciplinario, y recibi\u00f3 una distinci\u00f3n el capit\u00e1n piloto Roger Jovert, presidente de la Junta de Aviaci\u00f3n Civil, entidad ganadora del Gran Premio Nacional a la Calidad en el a\u00f1o 2014. <\/span><\/p>\n<\/p>\n<p><span class=\"text1noticias\">Ventura Camejo asever\u00f3 que \u00abel gran reto frente a la Junta de Aviaci\u00f3n Civil en estos momentos es su participaci\u00f3n en los Premios Iberoamericanos a la Calidad que entrega la FUNDIBEQ y regrese con un premio, ya no s\u00f3lo para ellos, como organizaci\u00f3n, sino para todo el pueblo dominicano\u00bb. <\/span><\/p>\n<\/p>\n<p><span class=\"text1noticias\">Entre los servidores p\u00fablicos que fueron galardonados se encuentran Manuel M\u00e1rquez, quien labora en la Direcci\u00f3n General de Pasaportes, y ha prestado servicio durante 52 a\u00f1os en el Estado dominicano, as\u00ed como \u00c1ngel Roberto Castillo P\u00e9rez, de la Comisi\u00f3n Nacional del Cacao, con 49 a\u00f1os Ana Cecilia Gerardo Fr\u00edas de Javier, del Ministerio de Salud P\u00fablica, con 48, Kenia Amada Pe\u00f1a Rodolis, de la Procuradur\u00eda General de la Rep\u00fablica, con 44; \u00c1ngela Rosario Guerrero, de la Direcci\u00f3n General de Aduanas, con 41, y D\u00e1maso Soriano Morel, de la Direcci\u00f3n General de Impuestos Internos, con 40 a\u00f1os de labor en el sector p\u00fablico. <\/span><\/p>\n<\/p>\n<p><span class=\"text1noticias\">Del Ministerio de Administraci\u00f3n P\u00fablica recibieron la Medalla al M\u00e9rito los servidores Sonia Esther L\u00f3pez, con 26 a\u00f1os de servicio, Juan Manuel Vera Rodr\u00edguez, 26 a\u00f1os y VirnaLissi Pe\u00f1a Mustaf\u00e1, con 25 a\u00f1os. <\/span><\/p>\n<\/p>\n<p><span class=\"text1noticias\">El gobierno entrega esa distinci\u00f3n a los servidores p\u00fablicos, cumpliendo con lo establecido en la Ley 302, del 19 de mayo de 1981, la cual dispone, en su art\u00edculo 2, que se \u00abse instituye la Medalla al M\u00e9rito del Servidor P\u00fablico, la cual ser\u00e1 conferida a aquellos funcionarios y empleados del Estados, de sus organismos aut\u00f3nomos, de las empresas p\u00fablicas y de los Ayuntamientos que hayan servido al pa\u00eds con lealtad, honradez y eficiencia, por m\u00e1s de 25 de a\u00f1os y a ciudadanos que hayan realizado una labor o aporte intelectual o cient\u00edfico relevante para el desarrollo e institucionalizaci\u00f3n de la Administraci\u00f3n P\u00fablica\u00bb<\/span>.<\/p>\n<\/p>\n<h6> 2016-01-28 16:01:00 <\/h6>\n<p><!--\n<link rel=\"stylesheet\" href=\"css\/bootstrap.min.css\">\n\n\n<ul class=\"pagination\">\n\t    \n\t\n\n<li >\n\t<a href='?page_no=13872'>Previous<\/a>\n\t<\/li>\n\n\n       \n    \n\n<li><a href='?page_no=1'>1<\/a><\/li>\n\n\n\n<li><a href='?page_no=2'>2<\/a><\/li>\n\n\n\n<li><a>...<\/a><\/li>\n\n\n\n<li><a href='?page_no=13871'>13871<\/a><\/li>\n\n\n\n<li><a href='?page_no=13872'>13872<\/a><\/li>\n\n\n\n<li class='active'><a>13873<\/a><\/li>\n\n\n\n<li><a href='?page_no=13874'>13874<\/a><\/li>\n\n\n\n<li><a href='?page_no=13875'>13875<\/a><\/li>\n\n\n\n<li><a>...<\/a><\/li>\n\n\n\n<li><a href='?page_no=56169'>56169<\/a><\/li>\n\n\n\n<li><a href='?page_no=56170'>56170<\/a><\/li>\n\n    \n\t\n\n<li >\n\t<a href='?page_no=13874'>Next<\/a>\n\t<\/li>\n\n\n    \n\n<li><a href='?page_no=56170'>Last &rsaquo;&rsaquo;<\/a><\/li>\n\n<\/ul>\n\n\n--><br \/>\n<\/body><\/p>\n","protected":false},"excerpt":{"rendered":"<p>Santo Domingo, RD, 28 de Enero.-El ministro, licenciado Ram\u00f3n Ventura Camejo, afirm\u00f3 que la honestidad, vocaci\u00f3n de servicio y compromiso social constituyen los principales rasgos que deben caracterizar el desempe\u00f1o de los servidores p\u00fablicos de la Rep\u00fablica Dominicana, consideraciones que hizo en el acto de reconocimiento de 844 empleados del Estado con la Medalla al [&hellip;]<\/p>\n","protected":false},"author":3,"featured_media":0,"comment_status":"open","ping_status":"open","sticky":false,"template":"","format":"standard","meta":{"footnotes":""},"categories":[20],"tags":[],"class_list":["post-219563","post","type-post","status-publish","format-standard","hentry","category-dominicana-hoy"],"_links":{"self":[{"href":"https:\/\/diariodominicano.com\/index.php?rest_route=\/wp\/v2\/posts\/219563","targetHints":{"allow":["GET"]}}],"collection":[{"href":"https:\/\/diariodominicano.com\/index.php?rest_route=\/wp\/v2\/posts"}],"about":[{"href":"https:\/\/diariodominicano.com\/index.php?rest_route=\/wp\/v2\/types\/post"}],"author":[{"embeddable":true,"href":"https:\/\/diariodominicano.com\/index.php?rest_route=\/wp\/v2\/users\/3"}],"replies":[{"embeddable":true,"href":"https:\/\/diariodominicano.com\/index.php?rest_route=%2Fwp%2Fv2%2Fcomments&post=219563"}],"version-history":[{"count":0,"href":"https:\/\/diariodominicano.com\/index.php?rest_route=\/wp\/v2\/posts\/219563\/revisions"}],"wp:attachment":[{"href":"https:\/\/diariodominicano.com\/index.php?rest_route=%2Fwp%2Fv2%2Fmedia&parent=219563"}],"wp:term":[{"taxonomy":"category","embeddable":true,"href":"https:\/\/diariodominicano.com\/index.php?rest_route=%2Fwp%2Fv2%2Fcategories&post=219563"},{"taxonomy":"post_tag","embeddable":true,"href":"https:\/\/diariodominicano.com\/index.php?rest_route=%2Fwp%2Fv2%2Ftags&post=219563"}],"curies":[{"name":"wp","href":"https:\/\/api.w.org\/{rel}","templated":true}]}}