{"id":219561,"date":"2016-01-28T16:46:42","date_gmt":"2016-01-28T16:46:42","guid":{"rendered":"http:\/\/diariodominicano.ddns.net\/?p=219561"},"modified":"2016-01-28T16:46:42","modified_gmt":"2016-01-28T16:46:42","slug":"danilo-medina-se-reune-con-presidenta-asamblea-nacional-del-ecuador","status":"publish","type":"post","link":"https:\/\/diariodominicano.com\/?p=219561","title":{"rendered":"Danilo Medina se re\u00fane con presidenta Asamblea Nacional del Ecuador&#13;"},"content":{"rendered":"<p><body><\/p>\n<p><img decoding=\"async\" src=\"img3\/asambleaecuador.jpg\" \/>  <\/p>\n<p><span class=\"text1noticias\">QUITO, ECUADOR, 28 de Enero.-El presidente de la Rep\u00fablica Dominicana y Pro T\u00e9mpore de la Comunidad de Estados Latinoamericanos y Caribe\u00f1os (CELAC), Danilo Medina, se reuni\u00f3 aqu\u00ed con la presidenta de la Asamblea Nacional del Ecuador, Gabriela Rivadeneira.<\/span><\/p>\n<p><span class=\"text1noticias\"> <\/span><\/p>\n<p><span class=\"text1noticias\">Durante el encuentro, en el marco de su participaci\u00f3n en la IV Cumbre de Jefas y Jefes de Estado y de Gobierno de la CELAC, Medina y Rivadeneira conversaron sobre la posibilidad de interrelaci\u00f3n de la organizaci\u00f3n con el Parlamento Latino (Parlatino) y otros organismos regionales.<\/span><\/p>\n<p><span class=\"text1noticias\"> <\/span><\/p>\n<p><span class=\"text1noticias\">Danilo Medina plante\u00f3 la necesidad de vincular adem\u00e1s el Parlamento Centroamericano (Parlacen), con los parlamentos de los pa\u00edses del Sistema de Integraci\u00f3n Centroamericano (SICA)\u00bb.<\/span><\/p>\n<p><span class=\"text1noticias\"> <\/span><\/p>\n<p><span class=\"text1noticias\">Rivadeneira, en tanto, comparti\u00f3 informaci\u00f3n sobre el encuentro que sostuvo con compa\u00f1eros parlamentarios en el que fue conformada la Red Parlamentaria por la Defensa de la Soberan\u00eda y la Uni\u00f3n de Latinoam\u00e9rica y el Caribe.<\/span><\/p>\n<p><span class=\"text1noticias\"> <\/span><\/p>\n<p><span class=\"text1noticias\">El presidente dominicano y presidente de la CELAC, dej\u00f3 abierto el escenario para que en la primera reuni\u00f3n que sostendr\u00e1 esa instituci\u00f3n, en marzo pr\u00f3ximo, en la Rep\u00fablica Dominicana, se contin\u00fae hablando de los referidos temas.<\/span><\/p>\n<p><span class=\"text1noticias\"> <\/span><\/p>\n<p><span class=\"text1noticias\">Minutos antes del encuentro bilateral, el presidente Danilo Medina entreg\u00f3 a su hom\u00f3logo ecuatoriano Rafael Correa, un cuadro con el retrato de quien fuera dos veces presidente del Ecuador, Jos\u00e9 Eloy Alfaro Delgado. La pintura es obra del pintor dominicano Miguel N\u00fa\u00f1ez<\/span>.<\/p>\n<h6> 2016-01-28 16:46:42 <\/h6>\n<p><!--\n<link rel=\"stylesheet\" href=\"css\/bootstrap.min.css\">\n\n\n<ul class=\"pagination\">\n\t    \n\t\n\n<li >\n\t<a href='?page_no=13870'>Previous<\/a>\n\t<\/li>\n\n\n       \n    \n\n<li><a href='?page_no=1'>1<\/a><\/li>\n\n\n\n<li><a href='?page_no=2'>2<\/a><\/li>\n\n\n\n<li><a>...<\/a><\/li>\n\n\n\n<li><a href='?page_no=13869'>13869<\/a><\/li>\n\n\n\n<li><a href='?page_no=13870'>13870<\/a><\/li>\n\n\n\n<li class='active'><a>13871<\/a><\/li>\n\n\n\n<li><a href='?page_no=13872'>13872<\/a><\/li>\n\n\n\n<li><a href='?page_no=13873'>13873<\/a><\/li>\n\n\n\n<li><a>...<\/a><\/li>\n\n\n\n<li><a href='?page_no=56169'>56169<\/a><\/li>\n\n\n\n<li><a href='?page_no=56170'>56170<\/a><\/li>\n\n    \n\t\n\n<li >\n\t<a href='?page_no=13872'>Next<\/a>\n\t<\/li>\n\n\n    \n\n<li><a href='?page_no=56170'>Last &rsaquo;&rsaquo;<\/a><\/li>\n\n<\/ul>\n\n\n--><br \/>\n<\/body><\/p>\n","protected":false},"excerpt":{"rendered":"<p>QUITO, ECUADOR, 28 de Enero.-El presidente de la Rep\u00fablica Dominicana y Pro T\u00e9mpore de la Comunidad de Estados Latinoamericanos y Caribe\u00f1os (CELAC), Danilo Medina, se reuni\u00f3 aqu\u00ed con la presidenta de la Asamblea Nacional del Ecuador, Gabriela Rivadeneira. Durante el encuentro, en el marco de su participaci\u00f3n en la IV Cumbre de Jefas y Jefes [&hellip;]<\/p>\n","protected":false},"author":3,"featured_media":0,"comment_status":"open","ping_status":"open","sticky":false,"template":"","format":"standard","meta":{"footnotes":""},"categories":[20],"tags":[],"class_list":["post-219561","post","type-post","status-publish","format-standard","hentry","category-dominicana-hoy"],"_links":{"self":[{"href":"https:\/\/diariodominicano.com\/index.php?rest_route=\/wp\/v2\/posts\/219561","targetHints":{"allow":["GET"]}}],"collection":[{"href":"https:\/\/diariodominicano.com\/index.php?rest_route=\/wp\/v2\/posts"}],"about":[{"href":"https:\/\/diariodominicano.com\/index.php?rest_route=\/wp\/v2\/types\/post"}],"author":[{"embeddable":true,"href":"https:\/\/diariodominicano.com\/index.php?rest_route=\/wp\/v2\/users\/3"}],"replies":[{"embeddable":true,"href":"https:\/\/diariodominicano.com\/index.php?rest_route=%2Fwp%2Fv2%2Fcomments&post=219561"}],"version-history":[{"count":0,"href":"https:\/\/diariodominicano.com\/index.php?rest_route=\/wp\/v2\/posts\/219561\/revisions"}],"wp:attachment":[{"href":"https:\/\/diariodominicano.com\/index.php?rest_route=%2Fwp%2Fv2%2Fmedia&parent=219561"}],"wp:term":[{"taxonomy":"category","embeddable":true,"href":"https:\/\/diariodominicano.com\/index.php?rest_route=%2Fwp%2Fv2%2Fcategories&post=219561"},{"taxonomy":"post_tag","embeddable":true,"href":"https:\/\/diariodominicano.com\/index.php?rest_route=%2Fwp%2Fv2%2Ftags&post=219561"}],"curies":[{"name":"wp","href":"https:\/\/api.w.org\/{rel}","templated":true}]}}