{"id":219560,"date":"2016-01-28T17:10:53","date_gmt":"2016-01-28T17:10:53","guid":{"rendered":"http:\/\/diariodominicano.ddns.net\/?p=219560"},"modified":"2016-01-28T17:10:53","modified_gmt":"2016-01-28T17:10:53","slug":"acuerdan-sembrar-240-mil-plantas-caoba-en-la-frontera","status":"publish","type":"post","link":"https:\/\/diariodominicano.com\/?p=219560","title":{"rendered":"Acuerdan sembrar 240 mil plantas Caoba en la frontera"},"content":{"rendered":"<p><body><\/p>\n<p><img decoding=\"async\" src=\"img3\/FIRMAN.jpg\" \/>  <\/p>\n<p><span class=\"text1noticias\">ORLANDO ARIAS<\/span><\/p>\n<\/p>\n<p><span class=\"text1noticias\">Santo Domingo, RD, 28 de Enero.-La Direcci\u00f3n General de Desarrollo Fronterizo (DGDF), en coordinaci\u00f3n con el Consorcio de la Caoba Dominicana (CONCADOM) sembrar\u00e1 240 mil plantas de esa especie en las siete provincias que componen la zona de la frontera.<\/span><\/p>\n<\/p>\n<p><span class=\"text1noticias\">Los detalles fueron ofrecidos en una rueda de prensa en la sede  de la DGDF, donde se explic\u00f3 que el objetivo de la iniciativa es hacer aporte significativo a las labores de reforestaci\u00f3n de las cuencas de los r\u00edos de la regi\u00f3n, los cuales est\u00e1n seriamente amenazados por el proceso de degradaci\u00f3n del medio ambiente.<\/span><\/p>\n<\/p>\n<p><span class=\"text1noticias\">En tal sentido, de acuerdo al director general de Desarrollo Fronterizo, Miguel Bejar\u00e1n, el cultivo de la Caoba dominicana reviste una importancia sin precedentes para la gente ya que, adem\u00e1s de ayudar a contener los efectos que da\u00f1an el ambiente, su comercializaci\u00f3n es de alto valor econ\u00f3mico, lo que generar\u00e1 un mayor dinamismo e inter\u00e9s a la actividad agr\u00edcola en la comunidad.<\/span><\/p>\n<\/p>\n<p><span class=\"text1noticias\">Asimismo, resalt\u00f3 que la DGDF ha hecho aportes importantes con miras a fortalecer los procesos de preservaci\u00f3n del medio ambiente, entre los que cit\u00f3 la siembra de m\u00e1s de 100 mil plantas mel\u00edferas, usadas para la producci\u00f3n ap\u00edcola, de las cuales 82 mil son Caoba dominicana; en su mayor\u00eda cultivadas en la cuenca del r\u00edo Artibonito. <\/span><\/p>\n<\/p>\n<p><span class=\"text1noticias\">De su lado, el presidente de CONCADOM, Domingo Contreras, salud\u00f3 la disposici\u00f3n de Bejar\u00e1n de adherirse a la promoci\u00f3n y concienciaci\u00f3n sobre el cultivo de la Caoba dominicana.<\/span><\/p>\n<\/p>\n<p><span class=\"text1noticias\">Explic\u00f3 que la entidad que preside fue creada para implementar un programa forestal para mitigar los efectos ambientales de la central termoel\u00e9ctrica Punta Catalina, en la provincia Peravia, y que dicha experiencia ha sido tan beneficiosa que han decidido reproducirla en todo el territorio nacional.<\/span><\/p>\n<\/p>\n<p><span class=\"text1noticias\">Esta siembra es parte del programa de producci\u00f3n ap\u00edcola que ha beneficiado a m\u00e1s de 600 productores en las provincias El\u00edas Pi\u00f1a, Dajab\u00f3n, Independencia, Santiago Rodr\u00edguez, Montecristi y Pedernales.<\/span><\/p>\n<\/p>\n<p><span class=\"text1noticias\">Se recuerda que a finales del mes de octubre del pasado a\u00f1o la DGDF inici\u00f3 la siembra de m\u00e1s de 17 mil plantas en el Proyecto Modelo la Ruta de la Caoba, ubicado en la comunidad de La Vig\u00eda, provincia Dajab\u00f3n<\/span>.<\/p>\n<h6> 2016-01-28 17:10:53 <\/h6>\n<p><!--\n<link rel=\"stylesheet\" href=\"css\/bootstrap.min.css\">\n\n\n<ul class=\"pagination\">\n\t    \n\t\n\n<li >\n\t<a href='?page_no=13869'>Previous<\/a>\n\t<\/li>\n\n\n       \n    \n\n<li><a href='?page_no=1'>1<\/a><\/li>\n\n\n\n<li><a href='?page_no=2'>2<\/a><\/li>\n\n\n\n<li><a>...<\/a><\/li>\n\n\n\n<li><a href='?page_no=13868'>13868<\/a><\/li>\n\n\n\n<li><a href='?page_no=13869'>13869<\/a><\/li>\n\n\n\n<li class='active'><a>13870<\/a><\/li>\n\n\n\n<li><a href='?page_no=13871'>13871<\/a><\/li>\n\n\n\n<li><a href='?page_no=13872'>13872<\/a><\/li>\n\n\n\n<li><a>...<\/a><\/li>\n\n\n\n<li><a href='?page_no=56169'>56169<\/a><\/li>\n\n\n\n<li><a href='?page_no=56170'>56170<\/a><\/li>\n\n    \n\t\n\n<li >\n\t<a href='?page_no=13871'>Next<\/a>\n\t<\/li>\n\n\n    \n\n<li><a href='?page_no=56170'>Last &rsaquo;&rsaquo;<\/a><\/li>\n\n<\/ul>\n\n\n--><br \/>\n<\/body><\/p>\n","protected":false},"excerpt":{"rendered":"<p>ORLANDO ARIAS Santo Domingo, RD, 28 de Enero.-La Direcci\u00f3n General de Desarrollo Fronterizo (DGDF), en coordinaci\u00f3n con el Consorcio de la Caoba Dominicana (CONCADOM) sembrar\u00e1 240 mil plantas de esa especie en las siete provincias que componen la zona de la frontera. Los detalles fueron ofrecidos en una rueda de prensa en la sede de [&hellip;]<\/p>\n","protected":false},"author":3,"featured_media":0,"comment_status":"open","ping_status":"open","sticky":false,"template":"","format":"standard","meta":{"footnotes":""},"categories":[20],"tags":[],"class_list":["post-219560","post","type-post","status-publish","format-standard","hentry","category-dominicana-hoy"],"_links":{"self":[{"href":"https:\/\/diariodominicano.com\/index.php?rest_route=\/wp\/v2\/posts\/219560","targetHints":{"allow":["GET"]}}],"collection":[{"href":"https:\/\/diariodominicano.com\/index.php?rest_route=\/wp\/v2\/posts"}],"about":[{"href":"https:\/\/diariodominicano.com\/index.php?rest_route=\/wp\/v2\/types\/post"}],"author":[{"embeddable":true,"href":"https:\/\/diariodominicano.com\/index.php?rest_route=\/wp\/v2\/users\/3"}],"replies":[{"embeddable":true,"href":"https:\/\/diariodominicano.com\/index.php?rest_route=%2Fwp%2Fv2%2Fcomments&post=219560"}],"version-history":[{"count":0,"href":"https:\/\/diariodominicano.com\/index.php?rest_route=\/wp\/v2\/posts\/219560\/revisions"}],"wp:attachment":[{"href":"https:\/\/diariodominicano.com\/index.php?rest_route=%2Fwp%2Fv2%2Fmedia&parent=219560"}],"wp:term":[{"taxonomy":"category","embeddable":true,"href":"https:\/\/diariodominicano.com\/index.php?rest_route=%2Fwp%2Fv2%2Fcategories&post=219560"},{"taxonomy":"post_tag","embeddable":true,"href":"https:\/\/diariodominicano.com\/index.php?rest_route=%2Fwp%2Fv2%2Ftags&post=219560"}],"curies":[{"name":"wp","href":"https:\/\/api.w.org\/{rel}","templated":true}]}}