{"id":219554,"date":"2016-01-29T09:19:52","date_gmt":"2016-01-29T09:19:52","guid":{"rendered":"http:\/\/diariodominicano.ddns.net\/?p=219554"},"modified":"2016-01-29T09:19:52","modified_gmt":"2016-01-29T09:19:52","slug":"promete-fortalecer-trabajos-para-elevar-la-calidad-de-vida-residentes-en-los-barrios-que-bordean-los-rios-ozama-e-isabela","status":"publish","type":"post","link":"https:\/\/diariodominicano.com\/?p=219554","title":{"rendered":"Promete fortalecer trabajos para elevar la calidad de vida residentes en los barrios que bordean los r\u00edos Ozama e Isabela"},"content":{"rendered":"<p><body><\/p>\n<p><img decoding=\"async\" src=\"img3\/salcedo 1.jpg\" \/>  <\/p>\n<p>Santo Domingo RD 29 enero.- El alcalde del Distrito Nacional, Roberto Salcedo prometi\u00f3 que seguir\u00e1 trabajando de la mano de las organizaciones sociales de los barrios que bordean la rivera de los r\u00edos Ozama e Isabela para impulsar el desarrollo de estos sectores.<\/p>\n<\/p>\n<p>Salcedo manifest\u00f3 que reforzar\u00e1 el proyecto para garantizar que las familias que viven en estos sectores sean dignas de una mejor calidad de vida.<\/p>\n<\/p>\n<p>\u00abDesde la alcald\u00eda del Distrito Nacional, a pesar de los limitados recursos que manejamos, hemos hecho serios esfuerzos, extraordinarios para mitigar en forma significativa los altos niveles de insalubridad de estos sectores. \u00a1Todav\u00eda se pueden hacer m\u00e1s esfuerzos!; y estamos aqu\u00ed para asumir un compromiso frente a ustedes de seguir trabajando juntos; de seguir coadyuvando; sumando sinergias para lograr que estos barrios sigan avanzando\u00bb, destac\u00f3 el funcionario capitalino.<\/p>\n<\/p>\n<p>Al participar como invitado de un acto de rendici\u00f3n de cuentas de los fondos ejecutados en el proyecto H\u00e1bitat Saludable y Sostenible ?HABISO-, de la ONG Ciudad Alternativa y que se efectu\u00f3 en el Centro Bon\u00f3; Salcedo plante\u00f3 la necesidad de continuar apostando a la descentralizaci\u00f3n para garantizar la transparencia en el manejo de los recursos.<\/p>\n<\/p>\n<p>\u00abEsos recursos que se han puesto en sus manos, se han manejado con transparencia, honorabilidad y estos son los modelos que debemos fortalecer en el Estado, porque es posible hacer un uso correcto y racional\u00bb, signific\u00f3 el alcalde capitalino en presencia del director de Ciudad Alternativa, Rom\u00e1n Batista; Sara Soriano, encargada del proyecto de la Uni\u00f3n Europea y de Onofre Rojas.<\/p>\n<\/p>\n<p>\u00abEsta labor social que desarrolla Ciudad Alternativa, Copadeba y el Centro Bon\u00f3 a favor de los m\u00e1s necesitados, es el metro de nuestros barrios; es la avenida por donde deben descender a diario nuestros estudiantes, envejecientes, ni\u00f1os, madres, trabajadores a trabajar, para forjar sus sue\u00f1os del ma\u00f1ana y poder trascender\u00bb, signific\u00f3 Salcedo.<\/p>\n<\/p>\n<p>De inmediato, declar\u00f3 como altamente productivo para la sociedad la invitaci\u00f3n que hacen estas entidades sociales al estado para trabajar juntos, porque se doblar\u00e1n los resultados. \u00abEsto sirve como modelo para todo el pa\u00eds, estas cosas no deben quedarse en este \u00e1mbito, es necesario extenderlo hacia el conjunto de nuestro pa\u00eds\u00bb.<\/p>\n<p>El proyecto HABISO es parte de un programa financiado por la Uni\u00f3n Europea a trav\u00e9s de entidades sociales de los barrios para hacer inversiones en rutas de evacuaci\u00f3n, pasos peatonales, acondicionamiento de ca\u00f1adas, instalaci\u00f3n de registros de drenajes.<\/p>\n<\/p>\n<p>Adem\u00e1s, jornadas de eliminaci\u00f3n de vertederos, limpieza de ca\u00f1adas, campa\u00f1as de sensibilizaci\u00f3n y orientaci\u00f3n sobre el medio ambiente, entre otras obras en los barrios de Sim\u00f3n Bol\u00edvar, Las Ca\u00f1itas, Gualey, Los Guandules, Los Tres Brazos, El Dique, La Isla, Los Barracones y otros.<\/p>\n<\/p>\n<p>Acto seguido, el alcalde Salcedo se dirigi\u00f3 al Club Mauricio B\u00e1ez, donde particip\u00f3 de un taller formativo para j\u00f3venes del sector de Villa Juana, a quienes les record\u00f3 que \u00e8l es un hijo del sector.<\/p>\n<\/p>\n<p>Salcedo manifest\u00f3 que conoce la vida de los que menos pueden, porque es nacido y criado en esta popular barriada capitalina.<\/p>\n<h6> 2016-01-29 09:19:52 <\/h6>\n<p><!--\n<link rel=\"stylesheet\" href=\"css\/bootstrap.min.css\">\n\n\n<ul class=\"pagination\">\n\t    \n\t\n\n<li >\n\t<a href='?page_no=13864'>Previous<\/a>\n\t<\/li>\n\n\n       \n    \n\n<li><a href='?page_no=1'>1<\/a><\/li>\n\n\n\n<li><a href='?page_no=2'>2<\/a><\/li>\n\n\n\n<li><a>...<\/a><\/li>\n\n\n\n<li><a href='?page_no=13863'>13863<\/a><\/li>\n\n\n\n<li><a href='?page_no=13864'>13864<\/a><\/li>\n\n\n\n<li class='active'><a>13865<\/a><\/li>\n\n\n\n<li><a href='?page_no=13866'>13866<\/a><\/li>\n\n\n\n<li><a href='?page_no=13867'>13867<\/a><\/li>\n\n\n\n<li><a>...<\/a><\/li>\n\n\n\n<li><a href='?page_no=56169'>56169<\/a><\/li>\n\n\n\n<li><a href='?page_no=56170'>56170<\/a><\/li>\n\n    \n\t\n\n<li >\n\t<a href='?page_no=13866'>Next<\/a>\n\t<\/li>\n\n\n    \n\n<li><a href='?page_no=56170'>Last &rsaquo;&rsaquo;<\/a><\/li>\n\n<\/ul>\n\n\n--><br \/>\n<\/body><\/p>\n","protected":false},"excerpt":{"rendered":"<p>Santo Domingo RD 29 enero.- El alcalde del Distrito Nacional, Roberto Salcedo prometi\u00f3 que seguir\u00e1 trabajando de la mano de las organizaciones sociales de los barrios que bordean la rivera de los r\u00edos Ozama e Isabela para impulsar el desarrollo de estos sectores. Salcedo manifest\u00f3 que reforzar\u00e1 el proyecto para garantizar que las familias que [&hellip;]<\/p>\n","protected":false},"author":3,"featured_media":0,"comment_status":"open","ping_status":"open","sticky":false,"template":"","format":"standard","meta":{"footnotes":""},"categories":[20],"tags":[],"class_list":["post-219554","post","type-post","status-publish","format-standard","hentry","category-dominicana-hoy"],"_links":{"self":[{"href":"https:\/\/diariodominicano.com\/index.php?rest_route=\/wp\/v2\/posts\/219554","targetHints":{"allow":["GET"]}}],"collection":[{"href":"https:\/\/diariodominicano.com\/index.php?rest_route=\/wp\/v2\/posts"}],"about":[{"href":"https:\/\/diariodominicano.com\/index.php?rest_route=\/wp\/v2\/types\/post"}],"author":[{"embeddable":true,"href":"https:\/\/diariodominicano.com\/index.php?rest_route=\/wp\/v2\/users\/3"}],"replies":[{"embeddable":true,"href":"https:\/\/diariodominicano.com\/index.php?rest_route=%2Fwp%2Fv2%2Fcomments&post=219554"}],"version-history":[{"count":0,"href":"https:\/\/diariodominicano.com\/index.php?rest_route=\/wp\/v2\/posts\/219554\/revisions"}],"wp:attachment":[{"href":"https:\/\/diariodominicano.com\/index.php?rest_route=%2Fwp%2Fv2%2Fmedia&parent=219554"}],"wp:term":[{"taxonomy":"category","embeddable":true,"href":"https:\/\/diariodominicano.com\/index.php?rest_route=%2Fwp%2Fv2%2Fcategories&post=219554"},{"taxonomy":"post_tag","embeddable":true,"href":"https:\/\/diariodominicano.com\/index.php?rest_route=%2Fwp%2Fv2%2Ftags&post=219554"}],"curies":[{"name":"wp","href":"https:\/\/api.w.org\/{rel}","templated":true}]}}