{"id":219551,"date":"2016-01-29T14:29:10","date_gmt":"2016-01-29T14:29:10","guid":{"rendered":"http:\/\/diariodominicano.ddns.net\/?p=219551"},"modified":"2016-01-29T14:29:10","modified_gmt":"2016-01-29T14:29:10","slug":"rodriguez-marchena-campana-electoral-no-afectara-ritmo-de-trabajo-de-danilo","status":"publish","type":"post","link":"https:\/\/diariodominicano.com\/?p=219551","title":{"rendered":"&#13;Rodr\u00edguez Marchena: \u00abCampa\u00f1a electoral no afectar\u00e1 ritmo de trabajo de Danilo\u00bb"},"content":{"rendered":"<p><body><\/p>\n<p><img decoding=\"async\" src=\"img3\/marche 1.jpg\" \/><br \/><img decoding=\"async\" src=\"img3\/roberto 1.jpg\" \/>  <\/p>\n<p>Santo Domingo RD 29 enero.- El portavoz del Gobierno, Roberto Rodr\u00edguez Marchena, asegur\u00f3 hoy que el ritmo de trabajo del gobierno de Danilo Medina y la transparencia con la que se han venido manejando los fondos p\u00fablicos no se ver\u00e1n afectados por la campa\u00f1a electoral.<\/p>\n<\/p>\n<p>\u00abEl gran mensaje al pueblo dominicano es que a\u00fan estemos en campa\u00f1a, el Gobierno va a seguir con el mismo tren de trabajo que ya conocemos todos, de entrega y de trabajo y, por otro lado, de que no se va a dislocar, no se va a desgua\u00f1angar el gasto p\u00fablico\u00bb, enfatiz\u00f3 el tambi\u00e9n director general de Comunicaci\u00f3n de la Presidencia.<\/p>\n<\/p>\n<p><strong>Danilo instruye trabajar m\u00e1s duro este a\u00f1o<\/strong><\/p>\n<p>Esta aseveraci\u00f3n de que la econom\u00eda no se va a dislocar tambi\u00e9n la hizo a los  inversionistas y a los empresarios, al responder preguntas de los comunicadores Danny Alc\u00e1ntara, Freddy Sandoval, Oscar Medina y Luis\u00edn Mej\u00eda, en el programa Hoy Mismo que se transmite por Color Visi\u00f3n.<\/p>\n<\/p>\n<p>Rodr\u00edguez Marchena sostuvo que la l\u00ednea de trabajo ha sido dispuesta por el propio Presidente, cuyo mensaje est\u00e1 dirigido a que se trabaje m\u00e1s duro este a\u00f1o, siendo  el primero en poner el ejemplo.<\/p>\n<\/p>\n<p><strong>Manejo prudente del gasto ha sido pol\u00edtica permanente del Gobierno<\/strong><\/p>\n<p>Resalt\u00f3 adem\u00e1s que el celo en el cuidado de los recursos p\u00fablicos que ha caracterizado a Danilo Medina, no solo es por el tiempo de campa\u00f1a, sino desde el mismo inicio de su gesti\u00f3n.<\/p>\n<\/p>\n<p>\u00abTenemos la situaci\u00f3n \u00fanica y por primera vez de tener un candidato como el presidente Danilo Medina, que ha hecho una excelente obra de Gobierno, cualquier comparaci\u00f3n con gobiernos anteriores podr\u00eda resultar un fracaso\u00bb.<\/p>\n<\/p>\n<p>\u00abDanilo medina ha venido realizando una gesti\u00f3n que es paradigm\u00e1tica en nuestro pa\u00eds, lo segundo es que es una persona con un gran nivel de responsabilidad, las campa\u00f1as electorales son grandes dinamizadoras de la econom\u00eda\u00bb, adujo.<\/p>\n<\/p>\n<p><strong>Nada que temer, dinamismo econ\u00f3mico se mantiene<\/strong><\/p>\n<p>Afirm\u00f3 que no ha habido desgaste del Gobierno y que la econom\u00eda est\u00e1 creciendo con una pujanza \u00fanica en toda la regi\u00f3n latinoamericana y que no hay nada que temer porque el dinamismo econ\u00f3mico se mantiene, al igual que la popularidad del Gobierno, el afecto ciudadano y la responsabilidad con que el presidente Danilo Medina ha venido manejando los asuntos p\u00fablicos es incuestionable.<\/p>\n<\/p>\n<p>Salud\u00f3 el inter\u00e9s mostrado por el expresidente Hip\u00f3lito Mej\u00eda de conocer de cerca el  proyecto habitacional La Nueva Barquita que construye el Gobierno con el que se dignificar\u00e1 la vida de muchas personas que han sido afectadas por las inclemencias del tiempo.<\/p>\n<\/p>\n<p> \u00abLo felicito, fue un acto de valent\u00eda pol\u00edtica y podemos entenderlo como un mensaje\u00bb, dijo Roberto Rodr\u00edguez Marchena se\u00f1alando que hacer oposici\u00f3n no es descalificar, ni decir que todo est\u00e1 mal.<\/p>\n<p><strong> <\/strong><\/p>\n<p><strong>La familia dominicana ha ganado<\/strong><\/p>\n<p>Dijo que con el Gobierno la familia dominicana ha ganado mucho: \u00abHemos llegado m\u00e1s all\u00e1 de lo que se ha podido con el presupuesto p\u00fablico\u00bb, enfatiz\u00f3.<\/p>\n<\/p>\n<p>Puso como ejemplo el caso de los maestros de b\u00e1sica, que de ganar 28 mil pesos han pasado a devengar 44 mil pesos y los de media, 50 mil; las pensiones en ese sector se han incrementado de 5 mil a 15 mil pesos y ya en este a\u00f1o subieron otro diez porciento. Record\u00f3 adem\u00e1s que tambi\u00e9n los m\u00e9dicos y los polic\u00edas han tenido aumento.<\/p>\n<\/p>\n<p>Precis\u00f3 que una madre con dos hijos en Jornada Escolar Extendida tiene un aumento del ingreso real de 14 mil pesos; la democratizaci\u00f3n del cr\u00e9dito, igualmente ha impactado positivamente en el bienestar de peque\u00f1itos negocios.<\/p>\n<\/p>\n<p>En cuanto a la posibilidad de ir a un debate con el candidato opositor del Partido Revolucionario Moderno (PRM), el Portavoz del Gobierno dijo que no han advertido ninguna intenci\u00f3n seria de debate, ya que su campa\u00f1a est\u00e1 basada en mentiras y en el fomento de rencores en la poblaci\u00f3n.<\/p>\n<h6> 2016-01-29 14:29:10 <\/h6>\n<p><!--\n<link rel=\"stylesheet\" href=\"css\/bootstrap.min.css\">\n\n\n<ul class=\"pagination\">\n\t    \n\t\n\n<li >\n\t<a href='?page_no=13861'>Previous<\/a>\n\t<\/li>\n\n\n       \n    \n\n<li><a href='?page_no=1'>1<\/a><\/li>\n\n\n\n<li><a href='?page_no=2'>2<\/a><\/li>\n\n\n\n<li><a>...<\/a><\/li>\n\n\n\n<li><a href='?page_no=13860'>13860<\/a><\/li>\n\n\n\n<li><a href='?page_no=13861'>13861<\/a><\/li>\n\n\n\n<li class='active'><a>13862<\/a><\/li>\n\n\n\n<li><a href='?page_no=13863'>13863<\/a><\/li>\n\n\n\n<li><a href='?page_no=13864'>13864<\/a><\/li>\n\n\n\n<li><a>...<\/a><\/li>\n\n\n\n<li><a href='?page_no=56169'>56169<\/a><\/li>\n\n\n\n<li><a href='?page_no=56170'>56170<\/a><\/li>\n\n    \n\t\n\n<li >\n\t<a href='?page_no=13863'>Next<\/a>\n\t<\/li>\n\n\n    \n\n<li><a href='?page_no=56170'>Last &rsaquo;&rsaquo;<\/a><\/li>\n\n<\/ul>\n\n\n--><br \/>\n<\/body><\/p>\n","protected":false},"excerpt":{"rendered":"<p>Santo Domingo RD 29 enero.- El portavoz del Gobierno, Roberto Rodr\u00edguez Marchena, asegur\u00f3 hoy que el ritmo de trabajo del gobierno de Danilo Medina y la transparencia con la que se han venido manejando los fondos p\u00fablicos no se ver\u00e1n afectados por la campa\u00f1a electoral. \u00abEl gran mensaje al pueblo dominicano es que a\u00fan estemos [&hellip;]<\/p>\n","protected":false},"author":3,"featured_media":0,"comment_status":"open","ping_status":"open","sticky":false,"template":"","format":"standard","meta":{"footnotes":""},"categories":[20],"tags":[],"class_list":["post-219551","post","type-post","status-publish","format-standard","hentry","category-dominicana-hoy"],"_links":{"self":[{"href":"https:\/\/diariodominicano.com\/index.php?rest_route=\/wp\/v2\/posts\/219551","targetHints":{"allow":["GET"]}}],"collection":[{"href":"https:\/\/diariodominicano.com\/index.php?rest_route=\/wp\/v2\/posts"}],"about":[{"href":"https:\/\/diariodominicano.com\/index.php?rest_route=\/wp\/v2\/types\/post"}],"author":[{"embeddable":true,"href":"https:\/\/diariodominicano.com\/index.php?rest_route=\/wp\/v2\/users\/3"}],"replies":[{"embeddable":true,"href":"https:\/\/diariodominicano.com\/index.php?rest_route=%2Fwp%2Fv2%2Fcomments&post=219551"}],"version-history":[{"count":0,"href":"https:\/\/diariodominicano.com\/index.php?rest_route=\/wp\/v2\/posts\/219551\/revisions"}],"wp:attachment":[{"href":"https:\/\/diariodominicano.com\/index.php?rest_route=%2Fwp%2Fv2%2Fmedia&parent=219551"}],"wp:term":[{"taxonomy":"category","embeddable":true,"href":"https:\/\/diariodominicano.com\/index.php?rest_route=%2Fwp%2Fv2%2Fcategories&post=219551"},{"taxonomy":"post_tag","embeddable":true,"href":"https:\/\/diariodominicano.com\/index.php?rest_route=%2Fwp%2Fv2%2Ftags&post=219551"}],"curies":[{"name":"wp","href":"https:\/\/api.w.org\/{rel}","templated":true}]}}