{"id":219550,"date":"2016-01-29T16:22:20","date_gmt":"2016-01-29T16:22:20","guid":{"rendered":"http:\/\/diariodominicano.ddns.net\/?p=219550"},"modified":"2016-01-29T16:22:20","modified_gmt":"2016-01-29T16:22:20","slug":"la-oms-evalua-si-el-brote-del-zika-significa-ya-una-emergencia-de-salud-publica-internacional","status":"publish","type":"post","link":"https:\/\/diariodominicano.com\/?p=219550","title":{"rendered":"&#13;&#13;&#13;La OMS eval\u00faa si el brote del Zika significa ya una emergencia de salud p\u00fablica internacional"},"content":{"rendered":"<p><body><\/p>\n<p><img decoding=\"async\" src=\"img3\/DIRECTOROMS.JPG\" \/>  <\/p>\n<\/p>\n<p><span class=\"text1noticias\">Sergio Ferrari, desde la Naciones Unidas<\/span><\/p>\n<p><span class=\"text1noticias\"> <\/span><\/p>\n<p><span class=\"text1noticias\"> <\/span><\/p>\n<p><span class=\"text1noticias\">Hasta el momento, el virus que se expande muy r\u00e1pidamente, ha golpeado en 23 pa\u00edses o territorios del continente americano. Fuentes americanas de la OMS expresaron en las \u00faltimas horas que el brote podr\u00eda afectar la salud de entre 3 y 4 millones de personas en ese continente.<\/span><\/p>\n<p><span class=\"text1noticias\"> <\/span><\/p>\n<p><span class=\"text1noticias\">Margaret Chan, directora de la organizaci\u00f3n onusiana,  advirti\u00f3 que el nivel de alerta es extremadamente alto ya que el virus se propaga de forma \u00abexplosiva\u00bb en las Am\u00e9ricas.<\/span><\/p>\n<p><span class=\"text1noticias\"> <\/span><\/p>\n<p><span class=\"text1noticias\">\u00abLa OMS est\u00e1 muy preocupada por la r\u00e1pida evoluci\u00f3n de esta enfermedad por varias razones principales: la posible asociaci\u00f3n de la infecci\u00f3n con malformaciones del reci\u00e9n nacido y s\u00edndromes neurol\u00f3gicos, y el potencial de mayor propagaci\u00f3n internacional debido a la amplia distribuci\u00f3n geogr\u00e1fica del mosquito vector\u00bb, explic\u00f3 la directora de la OMS. <\/span><\/p>\n<\/p>\n<p><span class=\"text1noticias\">Las otras dos razones  que potencian la preocupaci\u00f3n oficial son la falta de inmunidad de la poblaci\u00f3n en nuevas \u00e1reas afectadas y la inexistencia de una vacuna, ni de tratamientos espec\u00edficos ni pruebas de diagn\u00f3stico r\u00e1pido, agreg\u00f3.<\/span><\/p>\n<\/p>\n<p><span class=\"text1noticias\">Chan advirti\u00f3 que otro factor inquietante son las condiciones asociadas al fen\u00f3meno El Ni\u00f1o, que se espera aumente la poblaci\u00f3n de mosquitos en varias \u00e1reas debido a las persistentes lluvias. <\/span><\/p>\n<\/p>\n<p><span class=\"text1noticias\">\u00abEl nivel de preocupaci\u00f3n es alto, pero tambi\u00e9n el de incertidumbre. Abundan los cuestionamientos. Debemos proveer respuestas r\u00e1pido\u00bb, subray\u00f3 la directora de la OMS<\/span><\/p>\n<h6> 2016-01-29 16:22:20 <\/h6>\n<p><!--\n<link rel=\"stylesheet\" href=\"css\/bootstrap.min.css\">\n\n\n<ul class=\"pagination\">\n\t    \n\t\n\n<li >\n\t<a href='?page_no=13860'>Previous<\/a>\n\t<\/li>\n\n\n       \n    \n\n<li><a href='?page_no=1'>1<\/a><\/li>\n\n\n\n<li><a href='?page_no=2'>2<\/a><\/li>\n\n\n\n<li><a>...<\/a><\/li>\n\n\n\n<li><a href='?page_no=13859'>13859<\/a><\/li>\n\n\n\n<li><a href='?page_no=13860'>13860<\/a><\/li>\n\n\n\n<li class='active'><a>13861<\/a><\/li>\n\n\n\n<li><a href='?page_no=13862'>13862<\/a><\/li>\n\n\n\n<li><a href='?page_no=13863'>13863<\/a><\/li>\n\n\n\n<li><a>...<\/a><\/li>\n\n\n\n<li><a href='?page_no=56169'>56169<\/a><\/li>\n\n\n\n<li><a href='?page_no=56170'>56170<\/a><\/li>\n\n    \n\t\n\n<li >\n\t<a href='?page_no=13862'>Next<\/a>\n\t<\/li>\n\n\n    \n\n<li><a href='?page_no=56170'>Last &rsaquo;&rsaquo;<\/a><\/li>\n\n<\/ul>\n\n\n--><br \/>\n<\/body><\/p>\n","protected":false},"excerpt":{"rendered":"<p>Sergio Ferrari, desde la Naciones Unidas Hasta el momento, el virus que se expande muy r\u00e1pidamente, ha golpeado en 23 pa\u00edses o territorios del continente americano. Fuentes americanas de la OMS expresaron en las \u00faltimas horas que el brote podr\u00eda afectar la salud de entre 3 y 4 millones de personas en ese continente. Margaret [&hellip;]<\/p>\n","protected":false},"author":3,"featured_media":0,"comment_status":"open","ping_status":"open","sticky":false,"template":"","format":"standard","meta":{"footnotes":""},"categories":[20],"tags":[],"class_list":["post-219550","post","type-post","status-publish","format-standard","hentry","category-dominicana-hoy"],"_links":{"self":[{"href":"https:\/\/diariodominicano.com\/index.php?rest_route=\/wp\/v2\/posts\/219550","targetHints":{"allow":["GET"]}}],"collection":[{"href":"https:\/\/diariodominicano.com\/index.php?rest_route=\/wp\/v2\/posts"}],"about":[{"href":"https:\/\/diariodominicano.com\/index.php?rest_route=\/wp\/v2\/types\/post"}],"author":[{"embeddable":true,"href":"https:\/\/diariodominicano.com\/index.php?rest_route=\/wp\/v2\/users\/3"}],"replies":[{"embeddable":true,"href":"https:\/\/diariodominicano.com\/index.php?rest_route=%2Fwp%2Fv2%2Fcomments&post=219550"}],"version-history":[{"count":0,"href":"https:\/\/diariodominicano.com\/index.php?rest_route=\/wp\/v2\/posts\/219550\/revisions"}],"wp:attachment":[{"href":"https:\/\/diariodominicano.com\/index.php?rest_route=%2Fwp%2Fv2%2Fmedia&parent=219550"}],"wp:term":[{"taxonomy":"category","embeddable":true,"href":"https:\/\/diariodominicano.com\/index.php?rest_route=%2Fwp%2Fv2%2Fcategories&post=219550"},{"taxonomy":"post_tag","embeddable":true,"href":"https:\/\/diariodominicano.com\/index.php?rest_route=%2Fwp%2Fv2%2Ftags&post=219550"}],"curies":[{"name":"wp","href":"https:\/\/api.w.org\/{rel}","templated":true}]}}