{"id":219547,"date":"2016-01-29T20:16:13","date_gmt":"2016-01-29T20:16:13","guid":{"rendered":"http:\/\/diariodominicano.ddns.net\/?p=219547"},"modified":"2016-01-29T20:16:13","modified_gmt":"2016-01-29T20:16:13","slug":"mas-de-12-mil-servidores-del-minerd-en-prevencion-del-zika-virus","status":"publish","type":"post","link":"https:\/\/diariodominicano.com\/?p=219547","title":{"rendered":"M\u00e1s de 12 mil servidores del MINERD en prevenci\u00f3n del Zika-Virus"},"content":{"rendered":"<p><body><\/p>\n<p><img decoding=\"async\" src=\"img3\/Jornada.JPG\" \/><br \/><img decoding=\"async\" src=\"img3\/ACM_2689 (1).JPG\" \/>  <\/p>\n<p><span class=\"text1noticias\">Santo Domingo, R. D., 29 de enero.- El Ministerio de Educaci\u00f3n integr\u00f3 a unos 12,100 empleados y funcionarios administrativos de su sede central, Regionales y Distritos Educativos en todo el pa\u00eds en el primer d\u00eda de la Jornada Nacional contra el Zika-virus y la eliminaci\u00f3n de los criaderos de los mosquitos que lo producen, dispuesta por el presidente Danilo Medina mediante decreto, con la participaci\u00f3n de todas las instituciones del Estado.<\/span><\/p>\n<p><span class=\"text1noticias\"> <\/span><\/p>\n<p><span class=\"text1noticias\">Los servidores de la cartera educativa se desplazaron desde la sede central del MINERD en varios autobuses desde las primeras horas de la ma\u00f1ana hacia diferentes sectores del Distrito Nacional y la provincia Santo Domingo.<\/span><\/p>\n<p><span class=\"text1noticias\"> <\/span><\/p>\n<p><span class=\"text1noticias\">La Jornada inici\u00f3 oficialmente con un acto en el Ministerio de Salud P\u00fablica, con la asistencia de los ministros de Educaci\u00f3n, Carlos Amarante Baret; Mercedes Rodr\u00edguez Silva, viceministra de Salud P\u00fablica, en representaci\u00f3n de la titular, Altagracia Guzm\u00e1n Marcelino, por fallecimiento de su madre; los Ministros de Defensa y de Agricultura, teniente general William Mu\u00f1oz Delgado y \u00c1ngel Est\u00e9vez, respectivamente.<\/span><\/p>\n<p><span class=\"text1noticias\"> <\/span><\/p>\n<p><span class=\"text1noticias\">Tambi\u00e9n estuvieron el general Juan Manuel M\u00e9ndez, Director del Centro de Operaciones de Emergencia (COE), quien declar\u00f3 oficialmente abierto el operativo correspondiente a la Jornada contra el Zika-virus.<\/span><\/p>\n<p><span class=\"text1noticias\"> <\/span><\/p>\n<p><span class=\"text1noticias\">El doctor Jos\u00e9 Manuel Puello, Director de Gesti\u00f3n de Salud de la Poblaci\u00f3n, explic\u00f3 los objetivos de la Jornada. En el Distrito Nacional, el personal administrativo del Ministerio de Educaci\u00f3n se desplaz\u00f3 por calles, callejones, patios y ca\u00f1adas de los sectores Cristo Rey, Mar\u00eda Auxiliadora, Ensanche Luper\u00f3n, Capotillo, Villa Juana, Villa Consuelo, y en la provincia Santo Domingo tocaron los sectores y barrios de Villa Mella, Santo Domingo Norte y la ribera del R\u00edo Ozama.<\/span><\/p>\n<p><span class=\"text1noticias\"> <\/span><\/p>\n<p><span class=\"text1noticias\">Las brigadas del Ministerio de Educaci\u00f3n tambi\u00e9n ten\u00edan bajo su responsabilidad la eliminaci\u00f3n de criaderos de mosquitos en comunidades de las provincias Espaillat, Santiago, La Vega, San Pedro de Macor\u00eds, San Francisco de Macor\u00eds y Barahona. Tambi\u00e9n fue notoria la presencia de brigadistas del MINERD en Constanza, y Jarabacoa, as\u00ed como en el entorno donde est\u00e1n ubicadas las 18 Direcciones Regionales de Educaci\u00f3n.<\/span><\/p>\n<p><span class=\"text1noticias\"> <\/span><\/p>\n<p><span class=\"text1noticias\">Para visitar los hogares de las citadas comunidades y barrios, los servidores del MINERD formaron grupos de 10 y 15 personas que conversaban con los residentes y les entregaban literatura y afiches con orientaciones sobre Qu\u00e9 es el Zika, el Dengue, la Chikungunya y c\u00f3mo prevenir estas enfermedades.<\/span><\/p>\n<p><span class=\"text1noticias\"> <\/span><\/p>\n<p><span class=\"text1noticias\">Asimismo, la poblaci\u00f3n fue orientada en torno a la eliminaci\u00f3n de los criaderos del mosquito Aedes Aegypti, que causa las citadas tres enfermedades. <\/span><\/p>\n<p><span class=\"text1noticias\"> <\/span><\/p>\n<p><span class=\"text1noticias\">En cumplimiento a las directrices trazadas por el Ministro Amarante Baret, para hacer efectiva la participaci\u00f3n del MINERD en la jornada, las brigadas explicaron a los residentes en los barrios que para prevenir la reproducci\u00f3n del mosquito se debe untar cloro a las paredes internas de los tanques u otros recipientes sobre el nivel del agua, esperar unos 15 minutos y despu\u00e9s taparlos bien.<\/span><\/p>\n<p><span class=\"text1noticias\"> <\/span><\/p>\n<p><span class=\"text1noticias\">Subrayan que esta acci\u00f3n se debe hacer por lo menos una vez a la semana, para de esta forma evitar que la mosquita ponga sus huevos en las franjas h\u00famedas que queda en los tanques, en la medida que el agua descienda.   <\/span><\/p>\n<p><span class=\"text1noticias\"> <\/span><\/p>\n<p><span class=\"text1noticias\">La Jornada Nacional de Prevenci\u00f3n del Zika-Virus y Eliminaci\u00f3n de Criaderos fue convocada por el presidente Danilo Medina mediante el Decreto 7-16, de fecha 23 de enero.<\/span><\/p>\n<p><span class=\"text1noticias\"> <\/span><\/p>\n<p><span class=\"text1noticias\">En la disposici\u00f3n, el mandatario  instruy\u00f3 al Ministerio de Salud P\u00fablica \u00aba desarrollar acciones coordinadas para detectar y confirmar casos de infecci\u00f3n por dengue, chikungunya y fiebre por Zika Virus, a tratar a los pacientes, y a implementar una efectiva estrategia de comunicaci\u00f3n con el p\u00fablico para reducir la presencia del mosquito transmisor de esta enfermedad, en especial, en las \u00e1reas en las que est\u00e1 presente el vector de prevenci\u00f3n\u00bb.<\/span><\/p>\n<p><span class=\"text1noticias\"> <\/span><\/p>\n<p><span class=\"text1noticias\">En consonancia con las directrices del Jefe del Estado, Amarante Baret emiti\u00f3 la circular n\u00famero 0041, de fecha 26 de enero, en la que dispuso que los Directores Regionales y Distritales coordinaran con los gobernadores y Directores Provinciales de Salud, la participaci\u00f3n de todo el personal administrativo y de apoyo de las dependencias del MINERD.<\/span><\/p>\n<p><span class=\"text1noticias\"> <\/span><\/p>\n<p><span class=\"text1noticias\">El Ministro de Educaci\u00f3n hizo un llamado a los servidores de la instituci\u00f3n a redoblar los esfuerzos para que la Jornada Nacional de Prevenci\u00f3n del Zika-Virus y Eliminaci\u00f3n de Criaderos concluya con \u00e9xito este s\u00e1bado, y contribuir a detener la propagaci\u00f3n de est<\/span>a enfermedad.<\/p>\n<h6> 2016-01-29 20:16:13 <\/h6>\n<p><!--\n<link rel=\"stylesheet\" href=\"css\/bootstrap.min.css\">\n\n\n<ul class=\"pagination\">\n\t    \n\t\n\n<li >\n\t<a href='?page_no=13858'>Previous<\/a>\n\t<\/li>\n\n\n       \n    \n\n<li><a href='?page_no=1'>1<\/a><\/li>\n\n\n\n<li><a href='?page_no=2'>2<\/a><\/li>\n\n\n\n<li><a>...<\/a><\/li>\n\n\n\n<li><a href='?page_no=13857'>13857<\/a><\/li>\n\n\n\n<li><a href='?page_no=13858'>13858<\/a><\/li>\n\n\n\n<li class='active'><a>13859<\/a><\/li>\n\n\n\n<li><a href='?page_no=13860'>13860<\/a><\/li>\n\n\n\n<li><a href='?page_no=13861'>13861<\/a><\/li>\n\n\n\n<li><a>...<\/a><\/li>\n\n\n\n<li><a href='?page_no=56169'>56169<\/a><\/li>\n\n\n\n<li><a href='?page_no=56170'>56170<\/a><\/li>\n\n    \n\t\n\n<li >\n\t<a href='?page_no=13860'>Next<\/a>\n\t<\/li>\n\n\n    \n\n<li><a href='?page_no=56170'>Last &rsaquo;&rsaquo;<\/a><\/li>\n\n<\/ul>\n\n\n--><br \/>\n<\/body><\/p>\n","protected":false},"excerpt":{"rendered":"<p>Santo Domingo, R. D., 29 de enero.- El Ministerio de Educaci\u00f3n integr\u00f3 a unos 12,100 empleados y funcionarios administrativos de su sede central, Regionales y Distritos Educativos en todo el pa\u00eds en el primer d\u00eda de la Jornada Nacional contra el Zika-virus y la eliminaci\u00f3n de los criaderos de los mosquitos que lo producen, dispuesta [&hellip;]<\/p>\n","protected":false},"author":3,"featured_media":0,"comment_status":"open","ping_status":"open","sticky":false,"template":"","format":"standard","meta":{"footnotes":""},"categories":[20],"tags":[],"class_list":["post-219547","post","type-post","status-publish","format-standard","hentry","category-dominicana-hoy"],"_links":{"self":[{"href":"https:\/\/diariodominicano.com\/index.php?rest_route=\/wp\/v2\/posts\/219547","targetHints":{"allow":["GET"]}}],"collection":[{"href":"https:\/\/diariodominicano.com\/index.php?rest_route=\/wp\/v2\/posts"}],"about":[{"href":"https:\/\/diariodominicano.com\/index.php?rest_route=\/wp\/v2\/types\/post"}],"author":[{"embeddable":true,"href":"https:\/\/diariodominicano.com\/index.php?rest_route=\/wp\/v2\/users\/3"}],"replies":[{"embeddable":true,"href":"https:\/\/diariodominicano.com\/index.php?rest_route=%2Fwp%2Fv2%2Fcomments&post=219547"}],"version-history":[{"count":0,"href":"https:\/\/diariodominicano.com\/index.php?rest_route=\/wp\/v2\/posts\/219547\/revisions"}],"wp:attachment":[{"href":"https:\/\/diariodominicano.com\/index.php?rest_route=%2Fwp%2Fv2%2Fmedia&parent=219547"}],"wp:term":[{"taxonomy":"category","embeddable":true,"href":"https:\/\/diariodominicano.com\/index.php?rest_route=%2Fwp%2Fv2%2Fcategories&post=219547"},{"taxonomy":"post_tag","embeddable":true,"href":"https:\/\/diariodominicano.com\/index.php?rest_route=%2Fwp%2Fv2%2Ftags&post=219547"}],"curies":[{"name":"wp","href":"https:\/\/api.w.org\/{rel}","templated":true}]}}