{"id":219546,"date":"2016-01-29T20:42:13","date_gmt":"2016-01-29T20:42:13","guid":{"rendered":"http:\/\/diariodominicano.ddns.net\/?p=219546"},"modified":"2016-01-29T20:42:13","modified_gmt":"2016-01-29T20:42:13","slug":"danilo-medina-dispone-el-saneamiento-de-canada-en-barrio-enriquillo","status":"publish","type":"post","link":"https:\/\/diariodominicano.com\/?p=219546","title":{"rendered":"Danilo Medina dispone el saneamiento de ca\u00f1ada en Barrio Enriquillo"},"content":{"rendered":"<p><body><\/p>\n<p><img decoding=\"async\" src=\"img3\/visita_sorpresa.jpg\" \/>  <\/p>\n<p>Santo Domingo, R. D., 29 de enero (DICOM).- El presidente Danilo Medina dispuso la tarde de este viernes el saneamiento y la soluci\u00f3n a las inundaciones que provoca la ca\u00f1ada del Barrio Enriquillo, luego de realizar una visita sorpresa a este sector de Herrera, en Santo Domingo Oeste.<\/p>\n<\/p>\n<p>El jefe de Estado se reuni\u00f3 con los vecinos y escuch\u00f3 sus planteamientos en torno a los inconvenientes que produce dicha ca\u00f1ada, instruyendo de inmediato a los funcionarios que le acompa\u00f1aron a que resuelvan la situaci\u00f3n.<\/p>\n<\/p>\n<p>Los lugare\u00f1os solicitaban soluciones<\/p>\n<\/p>\n<p>La visita sorpresa del gobernante, espec\u00edficamente al sector El Hoyo, en el Barrio Enriquillo, se produjo luego de que los lugare\u00f1os solicitaran la soluci\u00f3n a las dificultades con la quebrada.<\/p>\n<\/p>\n<p>En medio de un ambiente de regocijo de la comunidad, Danilo Medina recorri\u00f3 los distintos puntos neur\u00e1lgicos que presenta la larga ca\u00f1ada que pr\u00e1cticamente atraviesa todo el sector.<\/p>\n<\/p>\n<p>Confiados en que se resolver\u00e1n las dificultades<\/p>\n<\/p>\n<p>Los vecinos sal\u00edan de sus viviendas, saludaban al gobernante y se mostraron confiados en que tras la visita sorpresa ver\u00e1n definitivamente resueltos los inconvenientes que se presentan con la ca\u00f1ada.<\/p>\n<\/p>\n<p>En su recorrido por la barriada Danilo Medina estuvo acompa\u00f1ado del ministro administrativo de la Presidencia, Jos\u00e9 Ram\u00f3n Peralta; del director de la CAASD, Alejandro Mont\u00e1s; el director de la OISOE, Francisco Pag\u00e1n, y de sus asistentes especiales Carlos Pared P\u00e9rez y Robert de la Cruz.<\/p>\n<h6> 2016-01-29 20:42:13 <\/h6>\n<p><!--\n<link rel=\"stylesheet\" href=\"css\/bootstrap.min.css\">\n\n\n<ul class=\"pagination\">\n\t    \n\t\n\n<li >\n\t<a href='?page_no=13857'>Previous<\/a>\n\t<\/li>\n\n\n       \n    \n\n<li><a href='?page_no=1'>1<\/a><\/li>\n\n\n\n<li><a href='?page_no=2'>2<\/a><\/li>\n\n\n\n<li><a>...<\/a><\/li>\n\n\n\n<li><a href='?page_no=13856'>13856<\/a><\/li>\n\n\n\n<li><a href='?page_no=13857'>13857<\/a><\/li>\n\n\n\n<li class='active'><a>13858<\/a><\/li>\n\n\n\n<li><a href='?page_no=13859'>13859<\/a><\/li>\n\n\n\n<li><a href='?page_no=13860'>13860<\/a><\/li>\n\n\n\n<li><a>...<\/a><\/li>\n\n\n\n<li><a href='?page_no=56169'>56169<\/a><\/li>\n\n\n\n<li><a href='?page_no=56170'>56170<\/a><\/li>\n\n    \n\t\n\n<li >\n\t<a href='?page_no=13859'>Next<\/a>\n\t<\/li>\n\n\n    \n\n<li><a href='?page_no=56170'>Last &rsaquo;&rsaquo;<\/a><\/li>\n\n<\/ul>\n\n\n--><br \/>\n<\/body><\/p>\n","protected":false},"excerpt":{"rendered":"<p>Santo Domingo, R. D., 29 de enero (DICOM).- El presidente Danilo Medina dispuso la tarde de este viernes el saneamiento y la soluci\u00f3n a las inundaciones que provoca la ca\u00f1ada del Barrio Enriquillo, luego de realizar una visita sorpresa a este sector de Herrera, en Santo Domingo Oeste. El jefe de Estado se reuni\u00f3 con [&hellip;]<\/p>\n","protected":false},"author":3,"featured_media":0,"comment_status":"open","ping_status":"open","sticky":false,"template":"","format":"standard","meta":{"footnotes":""},"categories":[20],"tags":[],"class_list":["post-219546","post","type-post","status-publish","format-standard","hentry","category-dominicana-hoy"],"_links":{"self":[{"href":"https:\/\/diariodominicano.com\/index.php?rest_route=\/wp\/v2\/posts\/219546","targetHints":{"allow":["GET"]}}],"collection":[{"href":"https:\/\/diariodominicano.com\/index.php?rest_route=\/wp\/v2\/posts"}],"about":[{"href":"https:\/\/diariodominicano.com\/index.php?rest_route=\/wp\/v2\/types\/post"}],"author":[{"embeddable":true,"href":"https:\/\/diariodominicano.com\/index.php?rest_route=\/wp\/v2\/users\/3"}],"replies":[{"embeddable":true,"href":"https:\/\/diariodominicano.com\/index.php?rest_route=%2Fwp%2Fv2%2Fcomments&post=219546"}],"version-history":[{"count":0,"href":"https:\/\/diariodominicano.com\/index.php?rest_route=\/wp\/v2\/posts\/219546\/revisions"}],"wp:attachment":[{"href":"https:\/\/diariodominicano.com\/index.php?rest_route=%2Fwp%2Fv2%2Fmedia&parent=219546"}],"wp:term":[{"taxonomy":"category","embeddable":true,"href":"https:\/\/diariodominicano.com\/index.php?rest_route=%2Fwp%2Fv2%2Fcategories&post=219546"},{"taxonomy":"post_tag","embeddable":true,"href":"https:\/\/diariodominicano.com\/index.php?rest_route=%2Fwp%2Fv2%2Ftags&post=219546"}],"curies":[{"name":"wp","href":"https:\/\/api.w.org\/{rel}","templated":true}]}}