{"id":219543,"date":"2016-01-29T22:43:05","date_gmt":"2016-01-29T22:43:05","guid":{"rendered":"http:\/\/diariodominicano.ddns.net\/?p=219543"},"modified":"2016-01-29T22:43:05","modified_gmt":"2016-01-29T22:43:05","slug":"panama-se-interesa-en-proyectos-situan-a-danilo-medina-entre-mejor-valorado","status":"publish","type":"post","link":"https:\/\/diariodominicano.com\/?p=219543","title":{"rendered":"Panam\u00e1 se interesa en proyectos sit\u00faan a Danilo Medina entre mejor valorado"},"content":{"rendered":"<p><body><\/p>\n<p><img decoding=\"async\" src=\"img3\/portada_jrp.jpg\" \/>  <\/p>\n<p><span class=\"text1noticias\">Santo Domingo, R. D., 29 de enero (DICOM).- Una misi\u00f3n de alto nivel del gobierno de Panam\u00e1 visita la Rep\u00fablica Dominicana para conocer los programas y los proyectos econ\u00f3micos y sociales que han hecho del presidente Danilo Medina uno de los mandatarios mejor valorado de Am\u00e9rica Latina.<\/span><\/p>\n<p><span class=\"text1noticias\"> <\/span><\/p>\n<p><span class=\"text1noticias\">El ministro administrativo de la Presidencia, Jos\u00e9 Ram\u00f3n Peralta, se reuni\u00f3 hoy durante varias horas con la delegaci\u00f3n paname\u00f1a compuesta por el embajador de esa naci\u00f3n en el pa\u00eds Pablo Quintero Luna; Carlos A. Duboy y Guillermo Su\u00e1rez, ministro y secretario de Metas de la Presidencia, respectivamente.<\/span><\/p>\n<p><span class=\"text1noticias\"> <\/span><\/p>\n<p><span class=\"text1noticias\">En el encuentro, celebrado en sal\u00f3n Los Trinitarios del Palacio Nacional, el ministro Peralta estuvo acompa\u00f1ado del equipo de funcionarios de las instituciones gubernamentales que le da seguimiento a los compromisos aprobados en las Visitas Sorpresa, entre ellos Justo Guzm\u00e1n, coordinador ejecutivo de proyectos de la Presidencia; Antonio L\u00f3pez, director del FEDA; Emilio Toribio Olivo, director del IAD; Wilton Marte, de planificaci\u00f3n del Ministerio de Agricultura.<\/span><\/p>\n<p><span class=\"text1noticias\"> <\/span><\/p>\n<p><span class=\"text1noticias\">Peralta agradeci\u00f3, en nombre del presidente Danilo Medina, la visita de los funcionarios paname\u00f1os y explic\u00f3 el seguimiento y la estructura t\u00e9cnica encargada de darle cumplimiento a los acuerdos del jefe de Estado con cada una de las organizaciones populares, comunitarias y campesinas que se re\u00fanen con el gobernante.<\/span><\/p>\n<p><span class=\"text1noticias\"> <\/span><\/p>\n<p><span class=\"text1noticias\">Los comisionados se interesaron en conocer la forma y el mecanismo de c\u00f3mo les llegan las ayudas financieras o directas a las agrupaciones populares dominicanas; y tambi\u00e9n las v\u00edas de comunicaci\u00f3n que tiene estas entidades sociales para canalizar sus peticiones y sus proyectos.<\/span><\/p>\n<p><span class=\"text1noticias\"> <\/span><\/p>\n<p><span class=\"text1noticias\">Peralta sostuvo que adem\u00e1s de pr\u00e9stamos y asesor\u00edas t\u00e9cnicas a los productores, el presidente Medina  dispone, cuando los casos lo ameritan, la construcci\u00f3n de obras de infraestructuras para hacer m\u00e1s viables y productivos los proyectos agropecuarios.<\/span><\/p>\n<p><span class=\"text1noticias\"> <\/span><\/p>\n<p><span class=\"text1noticias\">Asegur\u00f3 a los funcionarios paname\u00f1os que el dialogo del presidente con los productores \u00abha devuelto la esperanza a un sector que por d\u00e9cada estuvo desatendido\u00bb. <\/span><\/p>\n<p><span class=\"text1noticias\"> <\/span><\/p>\n<p><span class=\"text1noticias\">En el encuentro el director del FEDA, Antonio L\u00f3pez, explic\u00f3 tambi\u00e9n a la comisi\u00f3n el trabajo que realizan los t\u00e9cnicos y los funcionarios  ante, durante y despu\u00e9s de las visitas presidenciales a las comunidades m\u00e1s apartadas del pa\u00eds.<\/span><\/p>\n<p><span class=\"text1noticias\"> <\/span><\/p>\n<p><span class=\"text1noticias\">Igualmente, el director del IAD expuso a los visitantes los positivos que ha sido el programa en la recuperaci\u00f3n de los sentamientos agropecuarios, lo que ha permitido el fortalecimiento de la producci\u00f3n del sector reformado.<\/span><\/p>\n<p><span class=\"text1noticias\"> <\/span><\/p>\n<p><span class=\"text1noticias\">Emilio Toribio sostuvo que otro aspecto novedoso derivado de la iniciativa presidencial es el crecimiento que ha habido en el flujo de las inversiones privadas para la producci\u00f3n de productos agropecuarios para la exp<\/span>ortaci\u00f3n.<\/p>\n<h6> 2016-01-29 22:43:05 <\/h6>\n<p><!--\n<link rel=\"stylesheet\" href=\"css\/bootstrap.min.css\">\n\n\n<ul class=\"pagination\">\n\t    \n\t\n\n<li >\n\t<a href='?page_no=13854'>Previous<\/a>\n\t<\/li>\n\n\n       \n    \n\n<li><a href='?page_no=1'>1<\/a><\/li>\n\n\n\n<li><a href='?page_no=2'>2<\/a><\/li>\n\n\n\n<li><a>...<\/a><\/li>\n\n\n\n<li><a href='?page_no=13853'>13853<\/a><\/li>\n\n\n\n<li><a href='?page_no=13854'>13854<\/a><\/li>\n\n\n\n<li class='active'><a>13855<\/a><\/li>\n\n\n\n<li><a href='?page_no=13856'>13856<\/a><\/li>\n\n\n\n<li><a href='?page_no=13857'>13857<\/a><\/li>\n\n\n\n<li><a>...<\/a><\/li>\n\n\n\n<li><a href='?page_no=56169'>56169<\/a><\/li>\n\n\n\n<li><a href='?page_no=56170'>56170<\/a><\/li>\n\n    \n\t\n\n<li >\n\t<a href='?page_no=13856'>Next<\/a>\n\t<\/li>\n\n\n    \n\n<li><a href='?page_no=56170'>Last &rsaquo;&rsaquo;<\/a><\/li>\n\n<\/ul>\n\n\n--><br \/>\n<\/body><\/p>\n","protected":false},"excerpt":{"rendered":"<p>Santo Domingo, R. D., 29 de enero (DICOM).- Una misi\u00f3n de alto nivel del gobierno de Panam\u00e1 visita la Rep\u00fablica Dominicana para conocer los programas y los proyectos econ\u00f3micos y sociales que han hecho del presidente Danilo Medina uno de los mandatarios mejor valorado de Am\u00e9rica Latina. El ministro administrativo de la Presidencia, Jos\u00e9 Ram\u00f3n [&hellip;]<\/p>\n","protected":false},"author":3,"featured_media":0,"comment_status":"open","ping_status":"open","sticky":false,"template":"","format":"standard","meta":{"footnotes":""},"categories":[20],"tags":[],"class_list":["post-219543","post","type-post","status-publish","format-standard","hentry","category-dominicana-hoy"],"_links":{"self":[{"href":"https:\/\/diariodominicano.com\/index.php?rest_route=\/wp\/v2\/posts\/219543","targetHints":{"allow":["GET"]}}],"collection":[{"href":"https:\/\/diariodominicano.com\/index.php?rest_route=\/wp\/v2\/posts"}],"about":[{"href":"https:\/\/diariodominicano.com\/index.php?rest_route=\/wp\/v2\/types\/post"}],"author":[{"embeddable":true,"href":"https:\/\/diariodominicano.com\/index.php?rest_route=\/wp\/v2\/users\/3"}],"replies":[{"embeddable":true,"href":"https:\/\/diariodominicano.com\/index.php?rest_route=%2Fwp%2Fv2%2Fcomments&post=219543"}],"version-history":[{"count":0,"href":"https:\/\/diariodominicano.com\/index.php?rest_route=\/wp\/v2\/posts\/219543\/revisions"}],"wp:attachment":[{"href":"https:\/\/diariodominicano.com\/index.php?rest_route=%2Fwp%2Fv2%2Fmedia&parent=219543"}],"wp:term":[{"taxonomy":"category","embeddable":true,"href":"https:\/\/diariodominicano.com\/index.php?rest_route=%2Fwp%2Fv2%2Fcategories&post=219543"},{"taxonomy":"post_tag","embeddable":true,"href":"https:\/\/diariodominicano.com\/index.php?rest_route=%2Fwp%2Fv2%2Ftags&post=219543"}],"curies":[{"name":"wp","href":"https:\/\/api.w.org\/{rel}","templated":true}]}}