{"id":219540,"date":"2016-01-30T08:56:03","date_gmt":"2016-01-30T08:56:03","guid":{"rendered":"http:\/\/diariodominicano.ddns.net\/?p=219540"},"modified":"2016-01-30T08:56:03","modified_gmt":"2016-01-30T08:56:03","slug":"lopez-rodriguez-califica-de-anormales-a-quienes-cometen-crimenes-y-violaciones-contra-menores","status":"publish","type":"post","link":"https:\/\/diariodominicano.com\/?p=219540","title":{"rendered":"L\u00f3pez Rodr\u00edguez califica de \u00abanormales\u00bb a quienes cometen cr\u00edmenes y violaciones contra menores"},"content":{"rendered":"<p><body><\/p>\n<p><img decoding=\"async\" src=\"img3\/denal 1.jpg\" \/><br \/><img decoding=\"async\" src=\"img3\/carde 1.jpeg\" \/>  <\/p>\n<p>Santo Domingo RD 30 enero.- El cardenal Nicol\u00e1s de Jes\u00fas L\u00f3pez Rodr\u00edguez calific\u00f3 a las personas que cometen cr\u00edmenes, violaciones y abusos en contra de los ni\u00f1os, adolescentes y j\u00f3venes como seres humanos anormales.<\/p>\n<\/p>\n<p>\u00abLos ni\u00f1os siempre iban detr\u00e1s de Jesucristo, y \u00e9l se acercaba con cari\u00f1o para demostrar que ese sector de la poblaci\u00f3n es muy importante, tanto en el reino de los cielos, como en la tierra, que es la iglesia. Por eso es que cada vez que aparecen esas monstruosidades y barbaridades, como cr\u00edmenes, violaciones y abusos, son cosas desleales, que no son de gente humana normal, por eso hay que defender la infancia y la juventud\u00bb, consider\u00f3 el prelado.<\/p>\n<\/p>\n<p>Durante una misa por el D\u00eda Nacional de la Juventud, el cual se celebrar\u00e1 el pr\u00f3ximo domingo 31 de este mes, realizada en la Catedral Primada de Am\u00e9rica, L\u00f3pez Rodr\u00edguez dijo que desde que comenz\u00f3 su sacerdocio en La Vega trabajaba con j\u00f3venes, lo que lo ha llevado a tener un especial privilegio y cari\u00f1o por la juventud.<\/p>\n<\/p>\n<p>\u00abEs por eso que insisto mucho a los sacerdotes para que se ocupen de la juventud, no dejarlos\u00bb, expres\u00f3.<\/p>\n<h6> 2016-01-30 08:56:03 <\/h6>\n<p><!--\n<link rel=\"stylesheet\" href=\"css\/bootstrap.min.css\">\n\n\n<ul class=\"pagination\">\n\t    \n\t\n\n<li >\n\t<a href='?page_no=13851'>Previous<\/a>\n\t<\/li>\n\n\n       \n    \n\n<li><a href='?page_no=1'>1<\/a><\/li>\n\n\n\n<li><a href='?page_no=2'>2<\/a><\/li>\n\n\n\n<li><a>...<\/a><\/li>\n\n\n\n<li><a href='?page_no=13850'>13850<\/a><\/li>\n\n\n\n<li><a href='?page_no=13851'>13851<\/a><\/li>\n\n\n\n<li class='active'><a>13852<\/a><\/li>\n\n\n\n<li><a href='?page_no=13853'>13853<\/a><\/li>\n\n\n\n<li><a href='?page_no=13854'>13854<\/a><\/li>\n\n\n\n<li><a>...<\/a><\/li>\n\n\n\n<li><a href='?page_no=56169'>56169<\/a><\/li>\n\n\n\n<li><a href='?page_no=56170'>56170<\/a><\/li>\n\n    \n\t\n\n<li >\n\t<a href='?page_no=13853'>Next<\/a>\n\t<\/li>\n\n\n    \n\n<li><a href='?page_no=56170'>Last &rsaquo;&rsaquo;<\/a><\/li>\n\n<\/ul>\n\n\n--><br \/>\n<\/body><\/p>\n","protected":false},"excerpt":{"rendered":"<p>Santo Domingo RD 30 enero.- El cardenal Nicol\u00e1s de Jes\u00fas L\u00f3pez Rodr\u00edguez calific\u00f3 a las personas que cometen cr\u00edmenes, violaciones y abusos en contra de los ni\u00f1os, adolescentes y j\u00f3venes como seres humanos anormales. \u00abLos ni\u00f1os siempre iban detr\u00e1s de Jesucristo, y \u00e9l se acercaba con cari\u00f1o para demostrar que ese sector de la poblaci\u00f3n [&hellip;]<\/p>\n","protected":false},"author":3,"featured_media":0,"comment_status":"open","ping_status":"open","sticky":false,"template":"","format":"standard","meta":{"footnotes":""},"categories":[20],"tags":[],"class_list":["post-219540","post","type-post","status-publish","format-standard","hentry","category-dominicana-hoy"],"_links":{"self":[{"href":"https:\/\/diariodominicano.com\/index.php?rest_route=\/wp\/v2\/posts\/219540","targetHints":{"allow":["GET"]}}],"collection":[{"href":"https:\/\/diariodominicano.com\/index.php?rest_route=\/wp\/v2\/posts"}],"about":[{"href":"https:\/\/diariodominicano.com\/index.php?rest_route=\/wp\/v2\/types\/post"}],"author":[{"embeddable":true,"href":"https:\/\/diariodominicano.com\/index.php?rest_route=\/wp\/v2\/users\/3"}],"replies":[{"embeddable":true,"href":"https:\/\/diariodominicano.com\/index.php?rest_route=%2Fwp%2Fv2%2Fcomments&post=219540"}],"version-history":[{"count":0,"href":"https:\/\/diariodominicano.com\/index.php?rest_route=\/wp\/v2\/posts\/219540\/revisions"}],"wp:attachment":[{"href":"https:\/\/diariodominicano.com\/index.php?rest_route=%2Fwp%2Fv2%2Fmedia&parent=219540"}],"wp:term":[{"taxonomy":"category","embeddable":true,"href":"https:\/\/diariodominicano.com\/index.php?rest_route=%2Fwp%2Fv2%2Fcategories&post=219540"},{"taxonomy":"post_tag","embeddable":true,"href":"https:\/\/diariodominicano.com\/index.php?rest_route=%2Fwp%2Fv2%2Ftags&post=219540"}],"curies":[{"name":"wp","href":"https:\/\/api.w.org\/{rel}","templated":true}]}}