{"id":219538,"date":"2016-01-30T15:13:06","date_gmt":"2016-01-30T15:13:06","guid":{"rendered":"http:\/\/diariodominicano.ddns.net\/?p=219538"},"modified":"2016-01-30T15:13:06","modified_gmt":"2016-01-30T15:13:06","slug":"danilo-medina-felicita-a-marcelo-rebelo-de-sousa-presidente-electo-de-portugal","status":"publish","type":"post","link":"https:\/\/diariodominicano.com\/?p=219538","title":{"rendered":"Danilo Medina felicita a Marcelo Rebelo de Sousa, presidente electo de Portugal"},"content":{"rendered":"<p><body><\/p>\n<p><img decoding=\"async\" src=\"img3\/daniloportugal.jpg\" \/>  <\/p>\n<p><span class=\"text1noticias\">Santo Domingo, RD, 30 de enero.-El presidente dominicano Danilo Medina felicit\u00f3 al gobernante electo de Portugal, Marcelo Rebelo de Sousa, respaldado por un amplio porcentaje de los sufragios emitidos por los electores.<\/span><\/p>\n<p><span class=\"text1noticias\"> <\/span><\/p>\n<p><span class=\"text1noticias\">\u00abMe siento muy complacido al expresarle las m\u00e1s c\u00e1lidas congratulaciones, en nombre del pueblo y del Gobierno de la Rep\u00fablica Dominicana y en el m\u00edo propio, por su elecci\u00f3n como presidente de Portugal\u00bb, precis\u00f3 el jefe de Estado en una carta remitida a Rebelo de Sousa, v\u00eda el Ministerio de Relaciones Exteriores.<\/span><\/p>\n<p><span class=\"text1noticias\"> <\/span><\/p>\n<p><span class=\"text1noticias\">Danilo Medina, adem\u00e1s, confi\u00f3 en que se fortalezcan las excelentes relaciones bilaterales existentes entre ambos pa\u00edses, a trav\u00e9s de nuevos intercambios comerciales y culturales.<\/span><\/p>\n<p><span class=\"text1noticias\"> <\/span><\/p>\n<p><span class=\"text1noticias\">Igualmente, se mostr\u00f3 satisfecho de que en sus primeras declaraciones el presidente electo de Portugal citara como prioridad fomentar la unidad nacional, enarbolando la consigna \u00abcuanto m\u00e1s juntos m\u00e1s fuertes seremos\u00bb, lo cual es una garant\u00eda de la paz y el progreso continuo de su pueblo y del m\u00e1s puro ejercicio de convivencia democr\u00e1tica.<\/span><\/p>\n<h6> 2016-01-30 15:13:06 <\/h6>\n<p><!--\n<link rel=\"stylesheet\" href=\"css\/bootstrap.min.css\">\n\n\n<ul class=\"pagination\">\n\t    \n\t\n\n<li >\n\t<a href='?page_no=13849'>Previous<\/a>\n\t<\/li>\n\n\n       \n    \n\n<li><a href='?page_no=1'>1<\/a><\/li>\n\n\n\n<li><a href='?page_no=2'>2<\/a><\/li>\n\n\n\n<li><a>...<\/a><\/li>\n\n\n\n<li><a href='?page_no=13848'>13848<\/a><\/li>\n\n\n\n<li><a href='?page_no=13849'>13849<\/a><\/li>\n\n\n\n<li class='active'><a>13850<\/a><\/li>\n\n\n\n<li><a href='?page_no=13851'>13851<\/a><\/li>\n\n\n\n<li><a href='?page_no=13852'>13852<\/a><\/li>\n\n\n\n<li><a>...<\/a><\/li>\n\n\n\n<li><a href='?page_no=56169'>56169<\/a><\/li>\n\n\n\n<li><a href='?page_no=56170'>56170<\/a><\/li>\n\n    \n\t\n\n<li >\n\t<a href='?page_no=13851'>Next<\/a>\n\t<\/li>\n\n\n    \n\n<li><a href='?page_no=56170'>Last &rsaquo;&rsaquo;<\/a><\/li>\n\n<\/ul>\n\n\n--><br \/>\n<\/body><\/p>\n","protected":false},"excerpt":{"rendered":"<p>Santo Domingo, RD, 30 de enero.-El presidente dominicano Danilo Medina felicit\u00f3 al gobernante electo de Portugal, Marcelo Rebelo de Sousa, respaldado por un amplio porcentaje de los sufragios emitidos por los electores. \u00abMe siento muy complacido al expresarle las m\u00e1s c\u00e1lidas congratulaciones, en nombre del pueblo y del Gobierno de la Rep\u00fablica Dominicana y en [&hellip;]<\/p>\n","protected":false},"author":3,"featured_media":0,"comment_status":"open","ping_status":"open","sticky":false,"template":"","format":"standard","meta":{"footnotes":""},"categories":[20],"tags":[],"class_list":["post-219538","post","type-post","status-publish","format-standard","hentry","category-dominicana-hoy"],"_links":{"self":[{"href":"https:\/\/diariodominicano.com\/index.php?rest_route=\/wp\/v2\/posts\/219538","targetHints":{"allow":["GET"]}}],"collection":[{"href":"https:\/\/diariodominicano.com\/index.php?rest_route=\/wp\/v2\/posts"}],"about":[{"href":"https:\/\/diariodominicano.com\/index.php?rest_route=\/wp\/v2\/types\/post"}],"author":[{"embeddable":true,"href":"https:\/\/diariodominicano.com\/index.php?rest_route=\/wp\/v2\/users\/3"}],"replies":[{"embeddable":true,"href":"https:\/\/diariodominicano.com\/index.php?rest_route=%2Fwp%2Fv2%2Fcomments&post=219538"}],"version-history":[{"count":0,"href":"https:\/\/diariodominicano.com\/index.php?rest_route=\/wp\/v2\/posts\/219538\/revisions"}],"wp:attachment":[{"href":"https:\/\/diariodominicano.com\/index.php?rest_route=%2Fwp%2Fv2%2Fmedia&parent=219538"}],"wp:term":[{"taxonomy":"category","embeddable":true,"href":"https:\/\/diariodominicano.com\/index.php?rest_route=%2Fwp%2Fv2%2Fcategories&post=219538"},{"taxonomy":"post_tag","embeddable":true,"href":"https:\/\/diariodominicano.com\/index.php?rest_route=%2Fwp%2Fv2%2Ftags&post=219538"}],"curies":[{"name":"wp","href":"https:\/\/api.w.org\/{rel}","templated":true}]}}