{"id":219534,"date":"2016-01-31T07:18:14","date_gmt":"2016-01-31T07:18:14","guid":{"rendered":"http:\/\/diariodominicano.ddns.net\/?p=219534"},"modified":"2016-01-31T07:18:14","modified_gmt":"2016-01-31T07:18:14","slug":"sergio-sarita-decir-la-verdad-en-el-area-de-la-medicina-forense-resulta-politicamente-incomodo","status":"publish","type":"post","link":"https:\/\/diariodominicano.com\/?p=219534","title":{"rendered":"Sergio Sarita: \u00abdecir la verdad en el \u00e1rea de la medicina forense resulta pol\u00edticamente inc\u00f3modo\u00bb"},"content":{"rendered":"<p><body><\/p>\n<p><img decoding=\"async\" src=\"img3\/sarita 31.jpg\" \/>  <\/p>\n<p>Santo Domingo RD 31 enero.- El reputado pat\u00f3logo Sergio sarita Valdez denunci\u00f3 que las autoridades del Ministerio P\u00fablico que las autoridades del Ministerio P\u00fablico han excluido al Instituto Nacional de Patolog\u00eda Forense de la realizaci\u00f3n de las autopsias de hechos violentos, y solo la han limitado a realizar esos trabajos a personas que mueren de causa natural.<\/p>\n<\/p>\n<p>Sarita Valdez dijo que eso se debe a que Patolog\u00eda Forense se ha convertido en un \u00abincordio\u00bb para las autoridades investigativas porque esa instituci\u00f3n dice verdades que incomodan a quienes tienen a bajo su responsabilidad investigar una muerte violenta.<\/p>\n<\/p>\n<p>Agreg\u00f3 que decir la verdad en lo concerniente a las autopsias que se le practican a las personas que han fallecido producto de la violencia resulta pol\u00edticamente inc\u00f3modo, lo que equivale a decir que el pat\u00f3logo \u00abno puede poner el muerto hablar\u00bb.<\/p>\n<\/p>\n<p>Entrevistado por H\u00e9ctor Herrera Cabral en el programa D\u00b4AGENDA que cada domingo se difunde por Telesistema Canal 11, el profesional de la medicina forense puso como ejemplo cuando la polic\u00eda mata al alguien alegando intercambio de disparos, pero resulta que la autopsia establece que esa persona muri\u00f3 por heridas de balas que recibi\u00f3 por la espalda, decir esa verdad no conviene.<\/p>\n<\/p>\n<p>Conden\u00f3 que en el pa\u00eds hay mucha gente que viven de las apariencias, que p\u00fablicamente dicen y profesan que est\u00e1 identificadas con las mejores causas, quieren el orden y son los que por debajo gestionan el desorden.<\/p>\n<\/p>\n<p>\u00abEntonces cuando usted hace un trabajo, diciendo se\u00f1ores yo no me pongo a calcular si lo que ese muerto me dice va a beneficiar a zutano o a mengano, entonces yo tengo que decir lo que hay en ese muerto, eso incomoda, porque a usted le llega no metamensaje, si no que le llegue directo el mensaje dici\u00e9ndole a uno que decir eso no conviene\u00bb, explic\u00f3 el galeno.<\/p>\n<\/p>\n<p>Record\u00f3 que el evangelio de Juan establece que \u00aby conocer\u00e9is la verdad, y la verdad os har\u00e1 libre\u00bb, porque la verdad sana y salva y a un pueblo que se le dice la verdad, piensa reflexiona y trabaja para corregir lo que est\u00e9 mal hecho.<\/p>\n<\/p>\n<p>\u00abYo estoy convencido de que el servicio del Instituto Nacional de Patolog\u00eda dice verdades que incomodan autoridades y se lo <\/p>\n<p>puedo demostrar con hechos, porque en este pa\u00eds hay que decir las cosas como son\u00bb, precis\u00f3.<\/p>\n<\/p>\n<p>Record\u00f3 que la fiscal del Distrito Nacional Yeni Berenice Reynoso lo insult\u00f3 y lo mand\u00f3 a callar cuando \u00e9l dijo que la autopsia practicada al cad\u00e1ver del presentador de Televisi\u00f3n Claudio Nasco hab\u00eda revelado que \u00e9ste tuvo relaci\u00f3n homosexual previo a ser asesinado por sus verdugos.<\/p>\n<\/p>\n<p>\u00abEntonces esa persona estaba hablando con autoridad, entonces no es cuesti\u00f3n de invento, es de realidad, por tanto dice esp\u00e9rate, Sergio Sarita hay que reducirle su intervenci\u00f3n en cuanto a participar en lo que se llama muerte violenta, que no participe, que no intervenga y eso se est\u00e1 logrando poco a poco\u00bb, denunci\u00f3.<\/p>\n<\/p>\n<p>Dijo que lo han sacado casi totalmente y \u00e9l as\u00ed lo ha entendido y por lo tanto no va a pelear contra el mar, a la vez que record\u00f3 que muchas autoridades quieren tapar ciertas realidades de personas que mueren por hechos violentos y no quieren que se diga la verdad de todo cuanto ha revelado la autopsia.<\/p>\n<\/p>\n<p>Record\u00f3 que el Instituto de Patolog\u00eda Forense fue una conquista que se le arranc\u00f3 al gobierno del presidente Joaqu\u00edn Balaguer, y en su g\u00e9nesis prim\u00f3 la idea de que fuera donde se hiciera un trabajo cient\u00edfico sin que fuera forzado o respondiera a un determinado sector, pero que eso en Rep\u00fablica Dominicana desgraciadamente no es posible, porque hay gente que cuando asume un cargo quiere ser todo y manejarlo como si fuera algo de su propiedad.<\/p>\n<\/p>\n<p>Dijo que en la realidad es que en la actualidad la mayor\u00eda de las muertes violentas que suceden se est\u00e1n llevando al hospital Marcelino V\u00e9lez de Herrera, mientras que al Instituto de Patolog\u00eda Forense se est\u00e1n enviando los cad\u00e1veres de personas que han fallecido de muerte natural.<\/p>\n<\/p>\n<p>\u00abLo que pasa que Patolog\u00eda Forense es un incordio, y por tanto en un momento determinado era necesario hacerlo desaparecer, porque la verdad que ah\u00ed se dice ha estado molestando a ciertas autoridades de la investigaci\u00f3n\u00bb, afirm\u00f3 Sarita Valdez.<\/p>\n<\/p>\n<p>Sarita Valdez dice en el 2015 en el pa\u00eds se realizaron alrededor de 1900 autopsias<\/p>\n<\/p>\n<p>El pat\u00f3logo Sergio Sarita Valdez dijo que el pasado a\u00f1o en el pa\u00eds se realizaron cerca de mil 900 autopsias, el 60 por ciento de ellas concerniente a hechos violentos, lo que equivale a decir que m\u00e1s de mil 100 personas perdieron la vida de forma no natural.<\/p>\n<\/p>\n<p>Explic\u00f3 que los homicidios y los accidentes de tr\u00e1nsito son las principales causas de muertes en el pa\u00eds, siendo las muertes por armas de fuego la de mayor impacto en lo concerniente a los fallecimientos violentos.<\/p>\n<\/p>\n<p>Agreg\u00f3 que una constante que se repite tanto en el componente de los homicidios como de los accidentes de tr\u00e1nsito es que las v\u00edctimas son personas muy j\u00f3venes cuyas edades oscilan entre 18 y 30 a\u00f1os, a lo que se agrega que en la mayor\u00eda de los casos aparece el componente del alcohol y otras sustancias controladas.<\/p>\n<\/p>\n<p>En el caso de los accidentes de tr\u00e1nsito lo defini\u00f3 como una carnicer\u00eda lo que est\u00e1 sucediendo en calles y carreteras del pa\u00eds, por lo cual urgi\u00f3 a las autoridades a establecer pol\u00edticas p\u00fablicas que eviten que esa tragedia siga llevando luto y dolor a la familia dominicana.<\/p>\n<\/p>\n<p>Con respeto a la situaci\u00f3n de la seguridad ciudadana rechaz\u00f3 que sea una percepci\u00f3n que viva la poblaci\u00f3n en cuanto a la ola de robos y  asaltos, y puso como ejemplo que no hay una sola familia que no tenga una amarga experiencia de uno de sus miembros que haya sido v\u00edctima de un hecho delictivo, dijo que en su caso particular ha sido asaltado en dos ocasiones.<\/p>\n<\/p>\n<p>Sarita Valdez dijo que es de opini\u00f3n que la violencia delictiva que vive el pa\u00eds no puede ser combatida con m\u00e1s violencia, sino que hay que atacarla en su ra\u00edz con el fortalecimiento de la educaci\u00f3n, condiciones de trabajo para los j\u00f3venes y fortalecer la familia como n\u00facleo esencial de la sociedad.<\/p>\n<\/p>\n<p>Dijo que tanto en las v\u00edctimas de la delincuencia, como entre quienes guardan prisi\u00f3n acusados de cometer esos delitos est\u00e1 el componente de la pobreza como el principal factor generador de esa tragedia nacional.<\/p>\n<\/p>\n<p>Aseguro que todo el que anda armado es porque tiene miedo, ya que si un ciudadano sabe que no corre riesgo de ser v\u00edctima de un robo o asalto no invertir\u00eda una gran cantidad de dinero para proveerse de un arma de fuego.<\/p>\n<\/p>\n<h6> 2016-01-31 07:18:14 <\/h6>\n<p><!--\n<link rel=\"stylesheet\" href=\"css\/bootstrap.min.css\">\n\n\n<ul class=\"pagination\">\n\t    \n\t\n\n<li >\n\t<a href='?page_no=13846'>Previous<\/a>\n\t<\/li>\n\n\n       \n    \n\n<li><a href='?page_no=1'>1<\/a><\/li>\n\n\n\n<li><a href='?page_no=2'>2<\/a><\/li>\n\n\n\n<li><a>...<\/a><\/li>\n\n\n\n<li><a href='?page_no=13845'>13845<\/a><\/li>\n\n\n\n<li><a href='?page_no=13846'>13846<\/a><\/li>\n\n\n\n<li class='active'><a>13847<\/a><\/li>\n\n\n\n<li><a href='?page_no=13848'>13848<\/a><\/li>\n\n\n\n<li><a href='?page_no=13849'>13849<\/a><\/li>\n\n\n\n<li><a>...<\/a><\/li>\n\n\n\n<li><a href='?page_no=56169'>56169<\/a><\/li>\n\n\n\n<li><a href='?page_no=56170'>56170<\/a><\/li>\n\n    \n\t\n\n<li >\n\t<a href='?page_no=13848'>Next<\/a>\n\t<\/li>\n\n\n    \n\n<li><a href='?page_no=56170'>Last &rsaquo;&rsaquo;<\/a><\/li>\n\n<\/ul>\n\n\n--><br \/>\n<\/body><\/p>\n","protected":false},"excerpt":{"rendered":"<p>Santo Domingo RD 31 enero.- El reputado pat\u00f3logo Sergio sarita Valdez denunci\u00f3 que las autoridades del Ministerio P\u00fablico que las autoridades del Ministerio P\u00fablico han excluido al Instituto Nacional de Patolog\u00eda Forense de la realizaci\u00f3n de las autopsias de hechos violentos, y solo la han limitado a realizar esos trabajos a personas que mueren de [&hellip;]<\/p>\n","protected":false},"author":3,"featured_media":0,"comment_status":"open","ping_status":"open","sticky":false,"template":"","format":"standard","meta":{"footnotes":""},"categories":[20],"tags":[],"class_list":["post-219534","post","type-post","status-publish","format-standard","hentry","category-dominicana-hoy"],"_links":{"self":[{"href":"https:\/\/diariodominicano.com\/index.php?rest_route=\/wp\/v2\/posts\/219534","targetHints":{"allow":["GET"]}}],"collection":[{"href":"https:\/\/diariodominicano.com\/index.php?rest_route=\/wp\/v2\/posts"}],"about":[{"href":"https:\/\/diariodominicano.com\/index.php?rest_route=\/wp\/v2\/types\/post"}],"author":[{"embeddable":true,"href":"https:\/\/diariodominicano.com\/index.php?rest_route=\/wp\/v2\/users\/3"}],"replies":[{"embeddable":true,"href":"https:\/\/diariodominicano.com\/index.php?rest_route=%2Fwp%2Fv2%2Fcomments&post=219534"}],"version-history":[{"count":0,"href":"https:\/\/diariodominicano.com\/index.php?rest_route=\/wp\/v2\/posts\/219534\/revisions"}],"wp:attachment":[{"href":"https:\/\/diariodominicano.com\/index.php?rest_route=%2Fwp%2Fv2%2Fmedia&parent=219534"}],"wp:term":[{"taxonomy":"category","embeddable":true,"href":"https:\/\/diariodominicano.com\/index.php?rest_route=%2Fwp%2Fv2%2Fcategories&post=219534"},{"taxonomy":"post_tag","embeddable":true,"href":"https:\/\/diariodominicano.com\/index.php?rest_route=%2Fwp%2Fv2%2Ftags&post=219534"}],"curies":[{"name":"wp","href":"https:\/\/api.w.org\/{rel}","templated":true}]}}