{"id":219533,"date":"2016-01-31T07:28:10","date_gmt":"2016-01-31T07:28:10","guid":{"rendered":"http:\/\/diariodominicano.ddns.net\/?p=219533"},"modified":"2016-01-31T07:28:10","modified_gmt":"2016-01-31T07:28:10","slug":"rodriguez-marchena-ahora-vamos-por-mas-conquistas-del-pueblo","status":"publish","type":"post","link":"https:\/\/diariodominicano.com\/?p=219533","title":{"rendered":"Rodr\u00edguez Marchena: \u00abAhora vamos por m\u00e1s conquistas del pueblo\u00bb"},"content":{"rendered":"<p><body><\/p>\n<p><img decoding=\"async\" src=\"img3\/chena 1.jpg\" \/>  <\/p>\n<p>Santo Domingo RD 31 enero.- El Portavoz del Gobierno, Roberto Rodr\u00edguez Marchena, adelant\u00f3 que en el pr\u00f3ximo cuatrienio el presidente Danilo Medina consolidar\u00e1 las conquistas sociales y econ\u00f3micas que hasta el momento ha alcanzado el pueblo dominicano.<\/p>\n<\/p>\n<p><strong> Vamos por m\u00e1s<\/strong><\/p>\n<\/p>\n<p>El tambi\u00e9n director general de Comunicaci\u00f3n destac\u00f3 que \u00abahora vamos por m\u00e1s\u00bb, al precisar que, si en esta gesti\u00f3n un mill\u00f3n de estudiantes se beneficia de la Jornada Escolar Extendida, para los pr\u00f3ximos cuatro a\u00f1os la totalidad de los alumnos del sector p\u00fablico estudiar\u00e1 bajo el nuevo modelo que impulsa la Revoluci\u00f3n Educativa.<\/p>\n<\/p>\n<p>Rodr\u00edguez Marchena dijo en el programa Informe 16, que conducen las periodistas Ana Jim\u00e9nez y Danilsa Vargas y que se transmite por el Canal 16, que en materia de salud en la pr\u00f3xima gesti\u00f3n gubernamental Danilo Medina lograr\u00e1 que todos los dominicanos tengan un seguro m\u00e9dico.<\/p>\n<\/p>\n<p><strong>Derecho a la educaci\u00f3n, salud y avance en el transporte p\u00fablico<\/strong><\/p>\n<p><strong> <\/strong><\/p>\n<p>\u00abEs decir, vamos a la universalizaci\u00f3n del derecho a la educaci\u00f3n, del derecho a la salud y vamos a continuar avanzando en el tema del transporte p\u00fablico de pasajeros\u00bb, asegur\u00f3 el funcionario.<\/p>\n<\/p>\n<p><strong>Seguir\u00e1 fomentado las viviendas<\/strong><\/p>\n<\/p>\n<p>Refiri\u00f3 que igualmente continuar\u00e1n y profundizar\u00e1n el fomento para la construcci\u00f3n de viviendas a bajo costo, a los fines de ofrecer a las familias pobres que con el mismo dinero que pagan de alquiler, obtengan un techo digno y propio.<\/p>\n<\/p>\n<p>Signific\u00f3 que para la siguiente gesti\u00f3n gubernamental, Danilo Medina consolidar\u00e1 otras conquistas de los dominicanos como son la democratizaci\u00f3n del cr\u00e9dito, la eliminaci\u00f3n de la cuota de recuperaci\u00f3n en los hospitales, el Plan Quisqueya Aprende Contigo y la centralizaci\u00f3n de la compra de medicamentos e insumos a Promese.<\/p>\n<\/p>\n<p>M\u00e1s del 70 por ciento dice Danilo Medina ganar\u00e1 elecciones<\/p>\n<\/p>\n<p>El Portavoz del Gobierno se\u00f1al\u00f3 que gracias al s\u00f3lido afecto que Danilo Medina ha creado con la poblaci\u00f3n estando presente en los momentos dif\u00edciles de los ciudadanos, m\u00e1s del 70 por ciento de los dominicanos est\u00e1 convencido de que ganar\u00e1 los venideros comicios.<\/p>\n<\/p>\n<p>\u00abDe modo que es un afecto muy s\u00f3lido y nuestras encuestas nos dicen que el presidente Danilo Medina superar\u00e1 ampliamente el 60%de los votos\u00bb, dijo Rodr\u00edguez Marchena al descartar la posibilidad de que se produzca una segunda vuelta electoral.<\/p>\n<p><strong>Gobierno honesto y frugal<\/strong><\/p>\n<\/p>\n<p>El funcionario detall\u00f3 que el Gobierno durante esto casi cuatro a\u00f1os ha enfrentado con hechos y determinaci\u00f3n la corrupci\u00f3n administrativa, poniendo como ejemplo diversas negociaciones de contratos, las que se hicieron con absoluta honestidad, y adem\u00e1s se han creado importantes mecanismos como la Cuenta \u00danica del Tesoro.<\/p>\n<\/p>\n<p>\u00abSolo un Gobierno interesado en la transparencia, la honestidad y la democratizaci\u00f3n de oportunidades es capaz de hacer eso.  Ning\u00fan otro Gobierno tuvo  la capacidad ni la voluntad pol\u00edtica de hacerlo\u00bb, proclam\u00f3 el director general de Comunicaci\u00f3n.<\/p>\n<\/p>\n<p>Agreg\u00f3 que se trata de una voluntad muy definida de la administraci\u00f3n de Danilo Medina de manejar de forma adecuada los fondos p\u00fablicos, \u00aby eso solo lo hace un Gobierno que tiene la voluntad concretade luchar contra la corrupci\u00f3n\u00bb.<\/p>\n<\/p>\n<p>No ve raz\u00f3n para posponer Pacto El\u00e9ctrico<\/p>\n<\/p>\n<p>En otro sentido, en su comparecencia en el espacio televisivo, Roberto Rodr\u00edguez Marchena puntualiz\u00f3 que no ve razones para que se pospongan las discusiones sobre el Pacto El\u00e9ctrico para despu\u00e9s de las elecciones, tras se\u00f1alar que estamos frente a un gran esfuerzo para lograr mayor eficiencia del sistema.<\/p>\n<p><strong>Redistribuyendo riquezas<\/strong><\/p>\n<\/p>\n<p>Igualmente se refiri\u00f3 a la educaci\u00f3n dominicana, observando que se trata del mayor logro de la presente gesti\u00f3n, toda vez que a partir de esta pol\u00edtica social se est\u00e1 redistribuyendo la riqueza que genera Rep\u00fablica Dominicana.<\/p>\n<\/p>\n<p>Cit\u00f3 el caso de una madre con dos hijos en Jornada Escolar Extendida, por ejemplo, empleada privada que con un ingreso mensual de 10,000 pesos, la matr\u00edcula, mensualidad, desayuno, comida, merienda y utiler\u00eda escolar significan un ingreso de 14,000 pesos.<\/p>\n<\/p>\n<p>De modo pues, que a los 10,000 pesos, se suman los 14 mil que esa madre recibe del Estado, v\u00eda Gobierno, siendo su ingreso real mensual de 24,000 pesos.<\/p>\n<\/p>\n<\/p>\n<\/p>\n<h6> 2016-01-31 07:28:10 <\/h6>\n<p><!--\n<link rel=\"stylesheet\" href=\"css\/bootstrap.min.css\">\n\n\n<ul class=\"pagination\">\n\t    \n\t\n\n<li >\n\t<a href='?page_no=13845'>Previous<\/a>\n\t<\/li>\n\n\n       \n    \n\n<li><a href='?page_no=1'>1<\/a><\/li>\n\n\n\n<li><a href='?page_no=2'>2<\/a><\/li>\n\n\n\n<li><a>...<\/a><\/li>\n\n\n\n<li><a href='?page_no=13844'>13844<\/a><\/li>\n\n\n\n<li><a href='?page_no=13845'>13845<\/a><\/li>\n\n\n\n<li class='active'><a>13846<\/a><\/li>\n\n\n\n<li><a href='?page_no=13847'>13847<\/a><\/li>\n\n\n\n<li><a href='?page_no=13848'>13848<\/a><\/li>\n\n\n\n<li><a>...<\/a><\/li>\n\n\n\n<li><a href='?page_no=56169'>56169<\/a><\/li>\n\n\n\n<li><a href='?page_no=56170'>56170<\/a><\/li>\n\n    \n\t\n\n<li >\n\t<a href='?page_no=13847'>Next<\/a>\n\t<\/li>\n\n\n    \n\n<li><a href='?page_no=56170'>Last &rsaquo;&rsaquo;<\/a><\/li>\n\n<\/ul>\n\n\n--><br \/>\n<\/body><\/p>\n","protected":false},"excerpt":{"rendered":"<p>Santo Domingo RD 31 enero.- El Portavoz del Gobierno, Roberto Rodr\u00edguez Marchena, adelant\u00f3 que en el pr\u00f3ximo cuatrienio el presidente Danilo Medina consolidar\u00e1 las conquistas sociales y econ\u00f3micas que hasta el momento ha alcanzado el pueblo dominicano. Vamos por m\u00e1s El tambi\u00e9n director general de Comunicaci\u00f3n destac\u00f3 que \u00abahora vamos por m\u00e1s\u00bb, al precisar que, [&hellip;]<\/p>\n","protected":false},"author":3,"featured_media":0,"comment_status":"open","ping_status":"open","sticky":false,"template":"","format":"standard","meta":{"footnotes":""},"categories":[20],"tags":[],"class_list":["post-219533","post","type-post","status-publish","format-standard","hentry","category-dominicana-hoy"],"_links":{"self":[{"href":"https:\/\/diariodominicano.com\/index.php?rest_route=\/wp\/v2\/posts\/219533","targetHints":{"allow":["GET"]}}],"collection":[{"href":"https:\/\/diariodominicano.com\/index.php?rest_route=\/wp\/v2\/posts"}],"about":[{"href":"https:\/\/diariodominicano.com\/index.php?rest_route=\/wp\/v2\/types\/post"}],"author":[{"embeddable":true,"href":"https:\/\/diariodominicano.com\/index.php?rest_route=\/wp\/v2\/users\/3"}],"replies":[{"embeddable":true,"href":"https:\/\/diariodominicano.com\/index.php?rest_route=%2Fwp%2Fv2%2Fcomments&post=219533"}],"version-history":[{"count":0,"href":"https:\/\/diariodominicano.com\/index.php?rest_route=\/wp\/v2\/posts\/219533\/revisions"}],"wp:attachment":[{"href":"https:\/\/diariodominicano.com\/index.php?rest_route=%2Fwp%2Fv2%2Fmedia&parent=219533"}],"wp:term":[{"taxonomy":"category","embeddable":true,"href":"https:\/\/diariodominicano.com\/index.php?rest_route=%2Fwp%2Fv2%2Fcategories&post=219533"},{"taxonomy":"post_tag","embeddable":true,"href":"https:\/\/diariodominicano.com\/index.php?rest_route=%2Fwp%2Fv2%2Ftags&post=219533"}],"curies":[{"name":"wp","href":"https:\/\/api.w.org\/{rel}","templated":true}]}}