{"id":219531,"date":"2016-01-31T08:14:41","date_gmt":"2016-01-31T08:14:41","guid":{"rendered":"http:\/\/diariodominicano.ddns.net\/?p=219531"},"modified":"2016-01-31T08:14:41","modified_gmt":"2016-01-31T08:14:41","slug":"realizan-el-3er-congreso-juventud-y-politica-dirigido-a-jovenes-en-santiago","status":"publish","type":"post","link":"https:\/\/diariodominicano.com\/?p=219531","title":{"rendered":"Realizan el 3er. Congreso Juventud y Pol\u00edtica dirigido a j\u00f3venes en Santiago"},"content":{"rendered":"<p><body><\/p>\n<p><img decoding=\"async\" src=\"img3\/ju 4.jpg\" \/><br \/><img decoding=\"async\" src=\"img3\/ju 3.jpg\" \/><br \/><img decoding=\"async\" src=\"img3\/ju 5.jpg\" \/>  <\/p>\n<p>Santiago RD 31 enero.- El pasado 30 de enero se llev\u00f3 a cabo con total \u00e9xito,  tercer Congreso \u00abJuventud y Pol\u00edtica\u00bb, organizado por la Fundaci\u00f3n Para el Desarrollo Social y Comunitario de la Regi\u00f3n Norte (FUNDESCORENORTE) y con una especial dedicatoria al excelent\u00edsimo se\u00f1or presidente de la Rep\u00fablica Lic. Danilo Medina S\u00e1nchez.<\/p>\n<\/p>\n<p>Dicha actividad conto con la presencia de m\u00e1s 200 j\u00f3venes y se llevo a cabo en la sala Julio Alberto Hern\u00e1ndez del Gran Teatro del Cibao, el cual inicio con las palabras de bienvenida a cargo del Lic. Luis Jos\u00e9 Est\u00e9vez, quien hablo en nombre del presidente de la Fundaci\u00f3n FUNDESCORENORTE, Quivio Grull\u00f3n, luego se dirigi\u00f3 a los presentes el Lic. Fernando Rosa con unas palabras de motivaci\u00f3n y finalmente el coordinador de la juventud en Santiago, Isael Molina dijo las palabras de agradecimiento.<\/p>\n<\/p>\n<p>Molina, dijo con este Congreso se construye un nuevo paradigma para hacer pol\u00edtica desde la juventud del PLD, basado en  t\u00e9cnicas y metodolog\u00edas de concertaci\u00f3n y liderazgo.<\/p>\n<\/p>\n<p>Las exposiciones de los contenidos del Congreso, estuvieron a cargo del ministro de la Juventud Jorge Minaya, el cual fue el<\/p>\n<p>primero en hace disertaci\u00f3n con el tema \u00abJuventud en la Pol\u00edtica Dominicana\u00bb, luego el mercadologo y comunicador Pablo Ross con el tema \u00abMarketing Pol\u00edtico\u00bb.<\/p>\n<\/p>\n<p>A seguida con el tema Esp\u00edritu Emprendedor\u00bb se dirigi\u00f3 a todos el joven pol\u00edtico Andr\u00e9s Van der Horst, despu\u00e9s, el pol\u00edtico y miembros del Comit\u00e9 Central, Jos\u00e9 Laluz con el tema \u00abLiderazgo Responsable\u00bb y Concluyo con la magistrales conferencias de los  expositores internacionales Jos\u00e9 Manuel Saavedra y Dimas Concha.<\/p>\n<\/p>\n<p>Para la ocasi\u00f3n se pudo contar con la presencia de un notable conjunto de j\u00f3venes compa\u00f1eros, todos militantes activos de la Juventud del Partido de la Liberaci\u00f3n Dominicana (PLD), de toda la provincia de Santiago, as\u00ed como la presencia del senador Julio Cesar Valent\u00edn<\/p>\n<\/p>\n<p>Tambi\u00e9n, durante el desarrollo del Congreso, se fueron reconociendo los panelistas, el cual quienes agradecieron por la invitaci\u00f3n para participar en la actividad.<\/p>\n<\/p>\n<p>El Congreso Juventud y Pol\u00edtica termino exitosamente con la entrega certificado de participaci\u00f3n.  <\/p>\n<\/p>\n<h6> 2016-01-31 08:14:41 <\/h6>\n<p><!--\n<link rel=\"stylesheet\" href=\"css\/bootstrap.min.css\">\n\n\n<ul class=\"pagination\">\n\t    \n\t\n\n<li >\n\t<a href='?page_no=13843'>Previous<\/a>\n\t<\/li>\n\n\n       \n    \n\n<li><a href='?page_no=1'>1<\/a><\/li>\n\n\n\n<li><a href='?page_no=2'>2<\/a><\/li>\n\n\n\n<li><a>...<\/a><\/li>\n\n\n\n<li><a href='?page_no=13842'>13842<\/a><\/li>\n\n\n\n<li><a href='?page_no=13843'>13843<\/a><\/li>\n\n\n\n<li class='active'><a>13844<\/a><\/li>\n\n\n\n<li><a href='?page_no=13845'>13845<\/a><\/li>\n\n\n\n<li><a href='?page_no=13846'>13846<\/a><\/li>\n\n\n\n<li><a>...<\/a><\/li>\n\n\n\n<li><a href='?page_no=56169'>56169<\/a><\/li>\n\n\n\n<li><a href='?page_no=56170'>56170<\/a><\/li>\n\n    \n\t\n\n<li >\n\t<a href='?page_no=13845'>Next<\/a>\n\t<\/li>\n\n\n    \n\n<li><a href='?page_no=56170'>Last &rsaquo;&rsaquo;<\/a><\/li>\n\n<\/ul>\n\n\n--><br \/>\n<\/body><\/p>\n","protected":false},"excerpt":{"rendered":"<p>Santiago RD 31 enero.- El pasado 30 de enero se llev\u00f3 a cabo con total \u00e9xito, tercer Congreso \u00abJuventud y Pol\u00edtica\u00bb, organizado por la Fundaci\u00f3n Para el Desarrollo Social y Comunitario de la Regi\u00f3n Norte (FUNDESCORENORTE) y con una especial dedicatoria al excelent\u00edsimo se\u00f1or presidente de la Rep\u00fablica Lic. Danilo Medina S\u00e1nchez. Dicha actividad conto [&hellip;]<\/p>\n","protected":false},"author":3,"featured_media":0,"comment_status":"open","ping_status":"open","sticky":false,"template":"","format":"standard","meta":{"footnotes":""},"categories":[20],"tags":[],"class_list":["post-219531","post","type-post","status-publish","format-standard","hentry","category-dominicana-hoy"],"_links":{"self":[{"href":"https:\/\/diariodominicano.com\/index.php?rest_route=\/wp\/v2\/posts\/219531","targetHints":{"allow":["GET"]}}],"collection":[{"href":"https:\/\/diariodominicano.com\/index.php?rest_route=\/wp\/v2\/posts"}],"about":[{"href":"https:\/\/diariodominicano.com\/index.php?rest_route=\/wp\/v2\/types\/post"}],"author":[{"embeddable":true,"href":"https:\/\/diariodominicano.com\/index.php?rest_route=\/wp\/v2\/users\/3"}],"replies":[{"embeddable":true,"href":"https:\/\/diariodominicano.com\/index.php?rest_route=%2Fwp%2Fv2%2Fcomments&post=219531"}],"version-history":[{"count":0,"href":"https:\/\/diariodominicano.com\/index.php?rest_route=\/wp\/v2\/posts\/219531\/revisions"}],"wp:attachment":[{"href":"https:\/\/diariodominicano.com\/index.php?rest_route=%2Fwp%2Fv2%2Fmedia&parent=219531"}],"wp:term":[{"taxonomy":"category","embeddable":true,"href":"https:\/\/diariodominicano.com\/index.php?rest_route=%2Fwp%2Fv2%2Fcategories&post=219531"},{"taxonomy":"post_tag","embeddable":true,"href":"https:\/\/diariodominicano.com\/index.php?rest_route=%2Fwp%2Fv2%2Ftags&post=219531"}],"curies":[{"name":"wp","href":"https:\/\/api.w.org\/{rel}","templated":true}]}}