{"id":219529,"date":"2016-01-31T08:50:33","date_gmt":"2016-01-31T08:50:33","guid":{"rendered":"http:\/\/diariodominicano.ddns.net\/?p=219529"},"modified":"2016-01-31T08:50:33","modified_gmt":"2016-01-31T08:50:33","slug":"colegio-de-periodistas-y-la-unesco-analizan-desafios-para-la-seguridad-del-periodista-en-rd","status":"publish","type":"post","link":"https:\/\/diariodominicano.com\/?p=219529","title":{"rendered":"Colegio de Periodistas y la UNESCO analizan desaf\u00edos para \u00abLa Seguridad del Periodista en RD\u00bb"},"content":{"rendered":"<p><body><\/p>\n<p>PUNTA CANA, Higuey-R.D 31 enero.- Expertos en comunicaci\u00f3n de distintos litorales del pa\u00eds y del exterior, ejecutivos de medios, comentaristas de televisi\u00f3n, juristas y especialistas en medios digitales analizaron durante tres d\u00edas en la regi\u00f3n este del pa\u00eds \u00abLa Seguridad del Periodista en Rep\u00fablica Dominicana\u00bb.<\/p>\n<\/p>\n<p>Se trata de un evento organizado por el Colegio Dominicano de Periodistas (CDP)  con los auspicios de la Organizaci\u00f3n de las Naciones Unidas para la Ciencia y la Cultura (UNESCO), en el cual se analizaron los desaf\u00edos y amenazas que enfrentan los periodistas en pleno ejercicio, tanto en Rep\u00fablica Dominicana como en Am\u00e9rica Latina y otras latitudes.<\/p>\n<\/p>\n<p>El Seminario se inici\u00f3 con las palabras del presidente del CDP, Olivo De Le\u00f3n, quien valor\u00f3 el esfuerzo de la UNESCO en trabajar de cerca con el Colegio Dominicano de Periodistas para buscar soluciones a las amenazas y riesgos en que se ven envueltos los periodistas dominicanos y de la Regi\u00f3n de Am\u00e9rica Latina y el Caribe.<\/p>\n<\/p>\n<p>De su lado, la representante de la UNESCO Rep\u00fablica Dominicana, Julissa Ure\u00f1a, plante\u00f3 que para ese organismo, la seguridad del periodista es de vital importancia, pues del ejercicio de la libertad de expresi\u00f3n depende la democracia de los pa\u00edses\u00bb.<\/p>\n<\/p>\n<p><strong>La autocensura<\/strong><\/p>\n<\/p>\n<p>En el Seminario sobre Seguridad del Periodista en Rep\u00fablica participan, expertos internacionales, entre \u00e9stos la puertorrique\u00f1a radicada en Colombia, Amalia Toledo Hern\u00e1ndez, consultora de la UNESCO y coordinadora de Proyectos de la Fundaci\u00f3n Karisma, consider\u00f3 que uno de los mayores desaf\u00edos que enfrentan los periodista en su ejercicio es la autocensura.<\/p>\n<\/p>\n<p>Cit\u00f3 durante su ponencia que las nuevas tecnolog\u00edas de la informaci\u00f3n y la comunicaci\u00f3n implica grandes riesgos e incluso desaf\u00edos cuyo uso inadecuado tambi\u00e9n pone en riesgo al periodista, am\u00e9n de la revoluci\u00f3n y avance que esto haya significado para la profesi\u00f3n.<\/p>\n<p><strong> <\/strong><\/p>\n<p><strong>Inestabilidad<\/strong><\/p>\n<p><strong> <\/strong><\/p>\n<p>Adalberto Grull\u00f3n, director de prensa de Teleantillas y coordinador de la Comisi\u00f3n de Investigaci\u00f3n del CDP en el marco del Proyecto \u00cdndices de Desarrollo Medi\u00e1tico de la UNESCO, abord\u00f3 las deplorables condiciones laborales en que se encuentran los periodistas en Rep\u00fablica Dominicana en t\u00e9rminos laborales.<\/p>\n<\/p>\n<p>Lament\u00f3 que la libertad de prensa se haya convertido en una excepci\u00f3n en distintos pa\u00edses de la regi\u00f3n, incluyendo a la Rep\u00fablica Dominicana, donde hay figuras cuyos nombres no pueden mencionarse en los medios de comunicaci\u00f3n.<\/p>\n<p><strong> <\/strong><\/p>\n<p><strong>Despenalizaci\u00f3n<\/strong><\/p>\n<\/p>\n<p>En el evento participaron, entre otros, el jurista C\u00e1ndido Sim\u00f3n Polanco, quien abord\u00f3 el tema de la seguridad jur\u00eddica para el periodista, enfocando lo que establece la Constituci\u00f3n de la Rep\u00fablica y los Tratados Internacionales, junto al periodista y abogado David Lorenzo, quien se encarg\u00f3 de las leyes, haciendo un recuento  un an\u00e1lisis comparativo de toda la legislaci\u00f3n <\/p>\n<p>relativas a este tema.<\/p>\n<\/p>\n<p>Dijo que el gran desaf\u00edo para el ejercicio period\u00edstico en Rep\u00fablica Dominicana es la penalizaci\u00f3n por demandas por difamaci\u00f3n, una normativa que debe modificarse, pues se contrapone con lo que establece la Constituci\u00f3n de la Rep\u00fablica en torno al derecho a informar que tienen los periodistas.<\/p>\n<\/p>\n<p>Tambi\u00e9n, Alex Jim\u00e9nez, director del peri\u00f3dico Primicias; la licenciada Mercedes Castillo, presidenta del Instituto de Previsi\u00f3n y Protecci\u00f3n al Periodista (IPPP), Robert Vargas, director del peri\u00f3dico digital Ciudad Priental.org; Genris Garc\u00eda, director del portal Vigilante Informativo.com, Jos\u00e9 Beato, secretario general del Sindicato Nacional de Trabajadores de la Prensa (SNTP), Olivo De Le\u00f3n, presidente del CDP<\/p>\n<\/p>\n<p>Durante el seminario se abord\u00f3 el tema de la violencia de g\u00e9nero y la discriminaci\u00f3n a la mujer en el ejercicio, un hecho que suele pasar desapercibido en distintas sociedades y que plantea un desaf\u00edo que se busca erradicar.<\/p>\n<\/p>\n<h6> 2016-01-31 08:50:33 <\/h6>\n<p><!--\n<link rel=\"stylesheet\" href=\"css\/bootstrap.min.css\">\n\n\n<ul class=\"pagination\">\n\t    \n\t\n\n<li >\n\t<a href='?page_no=13841'>Previous<\/a>\n\t<\/li>\n\n\n       \n    \n\n<li><a href='?page_no=1'>1<\/a><\/li>\n\n\n\n<li><a href='?page_no=2'>2<\/a><\/li>\n\n\n\n<li><a>...<\/a><\/li>\n\n\n\n<li><a href='?page_no=13840'>13840<\/a><\/li>\n\n\n\n<li><a href='?page_no=13841'>13841<\/a><\/li>\n\n\n\n<li class='active'><a>13842<\/a><\/li>\n\n\n\n<li><a href='?page_no=13843'>13843<\/a><\/li>\n\n\n\n<li><a href='?page_no=13844'>13844<\/a><\/li>\n\n\n\n<li><a>...<\/a><\/li>\n\n\n\n<li><a href='?page_no=56169'>56169<\/a><\/li>\n\n\n\n<li><a href='?page_no=56170'>56170<\/a><\/li>\n\n    \n\t\n\n<li >\n\t<a href='?page_no=13843'>Next<\/a>\n\t<\/li>\n\n\n    \n\n<li><a href='?page_no=56170'>Last &rsaquo;&rsaquo;<\/a><\/li>\n\n<\/ul>\n\n\n--><br \/>\n<\/body><\/p>\n","protected":false},"excerpt":{"rendered":"<p>PUNTA CANA, Higuey-R.D 31 enero.- Expertos en comunicaci\u00f3n de distintos litorales del pa\u00eds y del exterior, ejecutivos de medios, comentaristas de televisi\u00f3n, juristas y especialistas en medios digitales analizaron durante tres d\u00edas en la regi\u00f3n este del pa\u00eds \u00abLa Seguridad del Periodista en Rep\u00fablica Dominicana\u00bb. Se trata de un evento organizado por el Colegio Dominicano [&hellip;]<\/p>\n","protected":false},"author":3,"featured_media":0,"comment_status":"open","ping_status":"open","sticky":false,"template":"","format":"standard","meta":{"footnotes":""},"categories":[20],"tags":[],"class_list":["post-219529","post","type-post","status-publish","format-standard","hentry","category-dominicana-hoy"],"_links":{"self":[{"href":"https:\/\/diariodominicano.com\/index.php?rest_route=\/wp\/v2\/posts\/219529","targetHints":{"allow":["GET"]}}],"collection":[{"href":"https:\/\/diariodominicano.com\/index.php?rest_route=\/wp\/v2\/posts"}],"about":[{"href":"https:\/\/diariodominicano.com\/index.php?rest_route=\/wp\/v2\/types\/post"}],"author":[{"embeddable":true,"href":"https:\/\/diariodominicano.com\/index.php?rest_route=\/wp\/v2\/users\/3"}],"replies":[{"embeddable":true,"href":"https:\/\/diariodominicano.com\/index.php?rest_route=%2Fwp%2Fv2%2Fcomments&post=219529"}],"version-history":[{"count":0,"href":"https:\/\/diariodominicano.com\/index.php?rest_route=\/wp\/v2\/posts\/219529\/revisions"}],"wp:attachment":[{"href":"https:\/\/diariodominicano.com\/index.php?rest_route=%2Fwp%2Fv2%2Fmedia&parent=219529"}],"wp:term":[{"taxonomy":"category","embeddable":true,"href":"https:\/\/diariodominicano.com\/index.php?rest_route=%2Fwp%2Fv2%2Fcategories&post=219529"},{"taxonomy":"post_tag","embeddable":true,"href":"https:\/\/diariodominicano.com\/index.php?rest_route=%2Fwp%2Fv2%2Ftags&post=219529"}],"curies":[{"name":"wp","href":"https:\/\/api.w.org\/{rel}","templated":true}]}}