{"id":219528,"date":"2016-01-31T10:01:31","date_gmt":"2016-01-31T10:01:31","guid":{"rendered":"http:\/\/diariodominicano.ddns.net\/?p=219528"},"modified":"2016-01-31T10:01:31","modified_gmt":"2016-01-31T10:01:31","slug":"personalidades-publicas-de-san-juan-expresan-orgullo-por-el-caid","status":"publish","type":"post","link":"https:\/\/diariodominicano.com\/?p=219528","title":{"rendered":"Personalidades p\u00fablicas de San Juan expresan orgullo por el CAID"},"content":{"rendered":"<p><body><\/p>\n<p><img decoding=\"async\" src=\"img3\/agua 1.jpg\" \/><br \/><img decoding=\"async\" src=\"img3\/magu 5.jpg\" \/><br \/><img decoding=\"async\" src=\"img3\/magu 1.jpg\" \/>  <\/p>\n<p>San Juan de la Maguana RD 31 enero- La alcaldesa y la diputada de este municipio, Hanoi S\u00e1nchez y Luc\u00eda Medina, respectivamente, expresaron su orgullo, entusiasmo y agradecimiento por la construcci\u00f3n all\u00ed del Centro de Atenci\u00f3n Integral para la Discapacidad (CAID), por parte del Despacho de la Primera Dama C\u00e1ndida Montilla de Medina.<\/p>\n<\/p>\n<p>Las funcionarias emitieron su opini\u00f3n al t\u00e9rmino de un recorrido realizado en ese centro, junto a la Primera Dama Montilla de Medina; su director, Fausto Mart\u00ednez; y el ministro de Obras P\u00fablicas, Gonzalo Castillo, quien, adem\u00e1s, ofreci\u00f3 detalles t\u00e9cnicos sobre los avances de la construcci\u00f3n.<\/p>\n<p>Siembra semillas de amor<\/p>\n<\/p>\n<p>La principal ejecutiva municipal en San Juan de la Maguana defini\u00f3 el CAID como una inversi\u00f3n con mucha calidad humana y mucho futuro para la gente.<\/p>\n<\/p>\n<p>\u00abEn San Juan y toda la regi\u00f3n sur del pa\u00eds agradecemos al presidente de la Rep\u00fablica Danilo Medina y a su esposa, C\u00e1ndida Montilla de Medina, todo lo que representa el CAID aqu\u00ed. Esto constituye una oportunidad y una esperanza para los ni\u00f1os que recibir\u00e1n atenciones integrales que les permitir\u00e1 elevar completamente su calidad de vida\u00bb, expuso Hanoi S\u00e1nchez.<\/p>\n<\/p>\n<p>Manifest\u00f3 que la Primera Dama siembra semillas de amor por todo el pa\u00eds y la exhort\u00f3 a mantener ese trabajo \u00abefectivo, sensible y humano a favor de los m\u00e1s vulnerables de la poblaci\u00f3n\u00bb.<\/p>\n<\/p>\n<p>Impronta imborrable<\/p>\n<\/p>\n<p>De su lado, la diputada Lucia Medina expres\u00f3 que la presente gesti\u00f3n de Danilo Medina y Montilla de Medina dejar\u00e1, a trav\u00e9s del CAID, una impronta imborrable para los ni\u00f1os con condiciones especiales, que antes no ten\u00edan ninguna oportunidad.<\/p>\n<\/p>\n<p>Consider\u00f3 que esa impronta se mantendr\u00e1 tambi\u00e9n entre los padres, madres y otros familiares que ahora pueden encontrar un centro en el que sus ni\u00f1os reciban atenciones adecuadas que los ayudar\u00e1n a construirse como seres humanos \u00fatiles a la sociedad, en el marco de una pol\u00edtica inclusiva con todos sus derechos.<\/p>\n<\/p>\n<p>A favor de recursos humanos<\/p>\n<\/p>\n<p>La legisladora tambi\u00e9n valor\u00f3 \u00abla revoluci\u00f3n que en t\u00e9rminos de recursos humanos genera la construcci\u00f3n de este CAID, el cual provoca que muchos profesionales de la regi\u00f3n y del pa\u00eds est\u00e9n siendo requeridos para formar parte de este proyecto\u00bb.<\/p>\n<\/p>\n<p>\u00abYo creo que tendremos que agradecer por mucho tiempo a un gobierno solidario, que piensa en la gente. Qu\u00e9 bueno que lo est\u00e1 haciendo el Presidente de la Rep\u00fablica y su esposa, a trav\u00e9s del Despacho de la Primera Dama\u00bb, dijo.<\/p>\n<\/p>\n<p>El CAID-San Juan est\u00e1 listo en un 85 por ciento<\/p>\n<\/p>\n<p>El ministro de Obras P\u00fablicas y Comunicaciones, Gonzalo Castillo, tambi\u00e9ndestac\u00f3 la importancia de la construcci\u00f3n del Centro de Atenci\u00f3n Integral para la Discapacidad (CAID),en San Juan de la Maguana, a beneficio de la regi\u00f3n sur del pa\u00eds.<\/p>\n<\/p>\n<p> \u00abEstamos cerca de un 85% en la ejecuci\u00f3n de los trabajos y ya se est\u00e1 trabajando en los detalles de terminaci\u00f3n como son pisos, ba\u00f1os, plafonados, parte el\u00e9ctrica, as\u00ed que estimamos que en pocos d\u00edas esta obra estar\u00e1 completamente terminada\u00bb.<\/p>\n<\/p>\n<p>Manifest\u00f3 que \u00abel CAID es una edificaci\u00f3n de gran envergadura que en pocos pa\u00edses desarrollados puede encontrarse de esta naturaleza, no solamente, por el tama\u00f1o, sino tambi\u00e9n por la calidad de la construcci\u00f3n, el dise\u00f1o, las condiciones y las caracter\u00edsticas totales de la propiedad\u00bb.<\/p>\n<\/p>\n<p>El de San Juan es el tercer CAID a ser inaugurado, de cinco prometidos por la Primera Dama C\u00e1ndida Montilla de Medina para brindar servicios integrales en todo el pa\u00eds a ni\u00f1os de 0 a 10 a\u00f1os de edad, impactados por discapacidades generadas por S\u00edndrome de Down, Trastornos del Espectro Autista (TEA) y Par\u00e1lisis Cerebral.<\/p>\n<\/p>\n<h6> 2016-01-31 10:01:31 <\/h6>\n<p><!--\n<link rel=\"stylesheet\" href=\"css\/bootstrap.min.css\">\n\n\n<ul class=\"pagination\">\n\t    \n\t\n\n<li >\n\t<a href='?page_no=13840'>Previous<\/a>\n\t<\/li>\n\n\n       \n    \n\n<li><a href='?page_no=1'>1<\/a><\/li>\n\n\n\n<li><a href='?page_no=2'>2<\/a><\/li>\n\n\n\n<li><a>...<\/a><\/li>\n\n\n\n<li><a href='?page_no=13839'>13839<\/a><\/li>\n\n\n\n<li><a href='?page_no=13840'>13840<\/a><\/li>\n\n\n\n<li class='active'><a>13841<\/a><\/li>\n\n\n\n<li><a href='?page_no=13842'>13842<\/a><\/li>\n\n\n\n<li><a href='?page_no=13843'>13843<\/a><\/li>\n\n\n\n<li><a>...<\/a><\/li>\n\n\n\n<li><a href='?page_no=56169'>56169<\/a><\/li>\n\n\n\n<li><a href='?page_no=56170'>56170<\/a><\/li>\n\n    \n\t\n\n<li >\n\t<a href='?page_no=13842'>Next<\/a>\n\t<\/li>\n\n\n    \n\n<li><a href='?page_no=56170'>Last &rsaquo;&rsaquo;<\/a><\/li>\n\n<\/ul>\n\n\n--><br \/>\n<\/body><\/p>\n","protected":false},"excerpt":{"rendered":"<p>San Juan de la Maguana RD 31 enero- La alcaldesa y la diputada de este municipio, Hanoi S\u00e1nchez y Luc\u00eda Medina, respectivamente, expresaron su orgullo, entusiasmo y agradecimiento por la construcci\u00f3n all\u00ed del Centro de Atenci\u00f3n Integral para la Discapacidad (CAID), por parte del Despacho de la Primera Dama C\u00e1ndida Montilla de Medina. Las funcionarias [&hellip;]<\/p>\n","protected":false},"author":3,"featured_media":0,"comment_status":"open","ping_status":"open","sticky":false,"template":"","format":"standard","meta":{"footnotes":""},"categories":[20],"tags":[],"class_list":["post-219528","post","type-post","status-publish","format-standard","hentry","category-dominicana-hoy"],"_links":{"self":[{"href":"https:\/\/diariodominicano.com\/index.php?rest_route=\/wp\/v2\/posts\/219528","targetHints":{"allow":["GET"]}}],"collection":[{"href":"https:\/\/diariodominicano.com\/index.php?rest_route=\/wp\/v2\/posts"}],"about":[{"href":"https:\/\/diariodominicano.com\/index.php?rest_route=\/wp\/v2\/types\/post"}],"author":[{"embeddable":true,"href":"https:\/\/diariodominicano.com\/index.php?rest_route=\/wp\/v2\/users\/3"}],"replies":[{"embeddable":true,"href":"https:\/\/diariodominicano.com\/index.php?rest_route=%2Fwp%2Fv2%2Fcomments&post=219528"}],"version-history":[{"count":0,"href":"https:\/\/diariodominicano.com\/index.php?rest_route=\/wp\/v2\/posts\/219528\/revisions"}],"wp:attachment":[{"href":"https:\/\/diariodominicano.com\/index.php?rest_route=%2Fwp%2Fv2%2Fmedia&parent=219528"}],"wp:term":[{"taxonomy":"category","embeddable":true,"href":"https:\/\/diariodominicano.com\/index.php?rest_route=%2Fwp%2Fv2%2Fcategories&post=219528"},{"taxonomy":"post_tag","embeddable":true,"href":"https:\/\/diariodominicano.com\/index.php?rest_route=%2Fwp%2Fv2%2Ftags&post=219528"}],"curies":[{"name":"wp","href":"https:\/\/api.w.org\/{rel}","templated":true}]}}