{"id":219527,"date":"2016-01-31T11:47:21","date_gmt":"2016-01-31T11:47:21","guid":{"rendered":"http:\/\/diariodominicano.ddns.net\/?p=219527"},"modified":"2016-01-31T11:47:21","modified_gmt":"2016-01-31T11:47:21","slug":"dm-elogia-a-leonel-fernandez-y-exhorta-a-la-poblacion-elegirlo-para-completar-obras","status":"publish","type":"post","link":"https:\/\/diariodominicano.com\/?p=219527","title":{"rendered":"&#13;DM elogia a Leonel Fern\u00e1ndez y exhorta a la poblaci\u00f3n elegirlo para completar obras"},"content":{"rendered":"<p><body><\/p>\n<p><img decoding=\"async\" src=\"img3\/dany 1.jpg\" \/><br \/><img decoding=\"async\" src=\"img3\/dan 1.jpg\" \/>  <\/p>\n<p>Santo Domingo RD 31 enero.- En su discurso de  lanzamiento de campa\u00f1a a la presidencia, el mandatario Danilo Medina alab\u00f3 las cualidades y \u00e9xitos del exjefe de Estado y presidente del PLD,  Leonel Fern\u00e1ndez,  y pidi\u00f3  a la poblaci\u00f3n que le d\u00e9 la oportunidad de un nuevo periodo gubernamental para continuar todos los logros que ha tenido su gesti\u00f3n.<\/p>\n<\/p>\n<p>El acto pol\u00edtico inici\u00f3 pasadas las 10:30 de la ma\u00f1ana en el Palacio de los Deportes Virgilio Travieso Soto del Centro Ol\u00edmpico Juan Pablo Duarte, lugar que fue abarrotado por pelede\u00edstas, aliados y simpatizantes de la organizaci\u00f3n.<\/p>\n<\/p>\n<p>En una alocuci\u00f3n que duro alrededor de una hora y en la cual hizo uso de frases de figuras hist\u00f3ricas como Martin Luther King, Mahatma Gandhi y la Madre Teresa de Calcuta, Medina hizo hincapi\u00e9 en todos los avances que entiende ha logrado su gobierno.<\/p>\n<\/p>\n<p>Entre ellos se\u00f1al\u00f3 la Tanda Extendida, el sistema de atenci\u00f3n y emergencia 911, la cantidad de personas que han salido de la pobreza, las cuales cifr\u00f3 en m\u00e1s de 700; la creaci\u00f3n de 400 mil nuevos empleos, los beneficios de las \u00abvisitas sorpresas\u00bb, lainclusi\u00f3n de m\u00e1s de 6,3 millones al sistema de seguridad social, de ellos 3 millones en el r\u00e9gimen subsidiado, el crecimiento de la econom\u00eda y los logros alcalzados en la inversi\u00f3n extranjeras, entre otros.<\/p>\n<\/p>\n<p>Igualmente, Medina se\u00f1al\u00f3 que en su nuevo gobierno se propone dar continuidad a los programas que han sido exitosos en su gobierno, as\u00ed como basar su nuevo nueva gesti\u00f3n en ochos nuevos pilares.<\/p>\n<\/p>\n<p>Prometi\u00f3 tambi\u00e9n que de ser elegido por el pueblo, crear\u00e1 400 mil nuevos empleos de calidad; reducir\u00e1 a\u00fan m\u00e1s la pobreza; aumentar en un 80% la poblaci\u00f3n la cobertura de la seguridad social; tambi\u00e9n salud gratuita y de calidad. Igualmente el mandatario prometi\u00f3 entregar una computadora a cada esstudiante y a cada profesor para que haya una verdadera educaci\u00f3n, debido a que dijo se ha comprobado la importante del internet para lograr avances en todos los niveles.<\/p>\n<\/p>\n<p>De gial manera, prometi\u00f3 amplair a todo el pa\u00eds el sistema de emergencia 911 y crear el primer Centro de Atenci\u00f3n Integral a la Mujer. Tambi\u00e9n construir m\u00e1s viviendas de bajo costo, as\u00ed como una modernizaci\u00f3n del transporte.<\/p>\n<h6> 2016-01-31 11:47:21 <\/h6>\n<p><!--\n<link rel=\"stylesheet\" href=\"css\/bootstrap.min.css\">\n\n\n<ul class=\"pagination\">\n\t    \n\t\n\n<li >\n\t<a href='?page_no=13839'>Previous<\/a>\n\t<\/li>\n\n\n       \n    \n\n<li><a href='?page_no=1'>1<\/a><\/li>\n\n\n\n<li><a href='?page_no=2'>2<\/a><\/li>\n\n\n\n<li><a>...<\/a><\/li>\n\n\n\n<li><a href='?page_no=13838'>13838<\/a><\/li>\n\n\n\n<li><a href='?page_no=13839'>13839<\/a><\/li>\n\n\n\n<li class='active'><a>13840<\/a><\/li>\n\n\n\n<li><a href='?page_no=13841'>13841<\/a><\/li>\n\n\n\n<li><a href='?page_no=13842'>13842<\/a><\/li>\n\n\n\n<li><a>...<\/a><\/li>\n\n\n\n<li><a href='?page_no=56169'>56169<\/a><\/li>\n\n\n\n<li><a href='?page_no=56170'>56170<\/a><\/li>\n\n    \n\t\n\n<li >\n\t<a href='?page_no=13841'>Next<\/a>\n\t<\/li>\n\n\n    \n\n<li><a href='?page_no=56170'>Last &rsaquo;&rsaquo;<\/a><\/li>\n\n<\/ul>\n\n\n--><br \/>\n<\/body><\/p>\n","protected":false},"excerpt":{"rendered":"<p>Santo Domingo RD 31 enero.- En su discurso de lanzamiento de campa\u00f1a a la presidencia, el mandatario Danilo Medina alab\u00f3 las cualidades y \u00e9xitos del exjefe de Estado y presidente del PLD, Leonel Fern\u00e1ndez, y pidi\u00f3 a la poblaci\u00f3n que le d\u00e9 la oportunidad de un nuevo periodo gubernamental para continuar todos los logros que [&hellip;]<\/p>\n","protected":false},"author":3,"featured_media":0,"comment_status":"open","ping_status":"open","sticky":false,"template":"","format":"standard","meta":{"footnotes":""},"categories":[20],"tags":[],"class_list":["post-219527","post","type-post","status-publish","format-standard","hentry","category-dominicana-hoy"],"_links":{"self":[{"href":"https:\/\/diariodominicano.com\/index.php?rest_route=\/wp\/v2\/posts\/219527","targetHints":{"allow":["GET"]}}],"collection":[{"href":"https:\/\/diariodominicano.com\/index.php?rest_route=\/wp\/v2\/posts"}],"about":[{"href":"https:\/\/diariodominicano.com\/index.php?rest_route=\/wp\/v2\/types\/post"}],"author":[{"embeddable":true,"href":"https:\/\/diariodominicano.com\/index.php?rest_route=\/wp\/v2\/users\/3"}],"replies":[{"embeddable":true,"href":"https:\/\/diariodominicano.com\/index.php?rest_route=%2Fwp%2Fv2%2Fcomments&post=219527"}],"version-history":[{"count":0,"href":"https:\/\/diariodominicano.com\/index.php?rest_route=\/wp\/v2\/posts\/219527\/revisions"}],"wp:attachment":[{"href":"https:\/\/diariodominicano.com\/index.php?rest_route=%2Fwp%2Fv2%2Fmedia&parent=219527"}],"wp:term":[{"taxonomy":"category","embeddable":true,"href":"https:\/\/diariodominicano.com\/index.php?rest_route=%2Fwp%2Fv2%2Fcategories&post=219527"},{"taxonomy":"post_tag","embeddable":true,"href":"https:\/\/diariodominicano.com\/index.php?rest_route=%2Fwp%2Fv2%2Ftags&post=219527"}],"curies":[{"name":"wp","href":"https:\/\/api.w.org\/{rel}","templated":true}]}}