{"id":219525,"date":"2016-01-31T14:36:01","date_gmt":"2016-01-31T14:36:01","guid":{"rendered":"http:\/\/diariodominicano.ddns.net\/?p=219525"},"modified":"2016-01-31T14:36:01","modified_gmt":"2016-01-31T14:36:01","slug":"capacitacion-de-medicos-integracion-de-la-sociedad-vital-en-lucha-contra-el-zika","status":"publish","type":"post","link":"https:\/\/diariodominicano.com\/?p=219525","title":{"rendered":"Capacitaci\u00f3n de m\u00e9dicos, integraci\u00f3n de la sociedad vital en lucha contra el Zika"},"content":{"rendered":"<p><body><\/p>\n<p><img decoding=\"async\" src=\"img3\/Pedatria.jpg\" \/>  <\/p>\n<p><span class=\"text1noticias\">Santo Domingo, RD, 31 de Enero.-La Sociedad Dominicana de Pediatr\u00eda asegur\u00f3 que la batalla contra el Zika-virus y el dengue es un asunto de todos los m\u00e9dicos del pa\u00eds, as\u00ed como de los sectores involucrados en las pol\u00edticas sanitarias, recogida de basura y la sociedad civil.<\/span><\/p>\n<\/p>\n<p><span class=\"text1noticias\">La doctora Sandra Orsini, presidenta de la entidad, asegur\u00f3 que ambas enfermedades est\u00e1n presente en el pa\u00eds con un impacto importante en mortalidad y en secuelas en los reci\u00e9n nacidos, en este \u00faltimo caso en el Zika-virus.<\/span><\/p>\n<\/p>\n<p><span class=\"text1noticias\">Precis\u00f3 que la formaci\u00f3n de los m\u00e9dicos es importante para un diagn\u00f3stico certero y tratamientos adecuados para evitar muertes y da\u00f1os a la salud de los reci\u00e9n nacidos.<\/span><\/p>\n<\/p>\n<p><span class=\"text1noticias\">Agreg\u00f3 que en el tema deben involucrarse activamente los cabildos del pa\u00eds y las organizaciones de la sociedad civil, sobre todo aquellas que trabajan en las poblaciones m\u00e1s vulnerables y con condiciones que permiten la f\u00e1cil expansi\u00f3n del mosquito que produce el Zika y el dengue.<\/span><\/p>\n<\/p>\n<p><span class=\"text1noticias\">La presidenta de la Sociedad Dominicana de Pediatr\u00eda habl\u00f3 al encabezar en San Pedro de Macor\u00eds una jornada regional que incluy\u00f3 actualizaci\u00f3n en temas de Zika, dengue, tuberculosis y lactancia materna.<\/span><\/p>\n<\/p>\n<p><span class=\"text1noticias\">La especialista sostuvo que la actualizaci\u00f3n en atenci\u00f3n y manejo de los ni\u00f1os que llegan a los centros p\u00fablicos y privados, es vital para detener el avance de enfermedades que afectan actualmente a la poblaci\u00f3n infantil dominicana.<\/span><\/p>\n<\/p>\n<p><span class=\"text1noticias\">\u00abEs por eso que en la Sociedad Dominicana de Pediatr\u00eda capacitamos permanentemente a nuestros miembros y apoyamos las jornadas de prevenci\u00f3n y ataque a los males de salud de los ni\u00f1os, ni\u00f1as y adolescentes de la Rep\u00fablica Dominicana\u00bb, coment\u00f3.<\/span><\/p>\n<\/p>\n<p><span class=\"text1noticias\">La doctora Orsini inform\u00f3 que la jornada regional en San Pedro fue encabezada por directivos nacionales y la doctora Orqu\u00eddea Cordero, presidenta de la filial San Pedro de Macor\u00eds.<\/span><\/p>\n<\/p>\n<p><span class=\"text1noticias\">Explic\u00f3 que como expositores participaron los doctores Edgar Alan Vargas, Elsa Camilo, Pedro Marte, Elvin Valdez y Rafael Mena Canto.<\/span><\/p>\n<\/p>\n<p><span class=\"text1noticias\">Dijo que es parte del intenso programa de actividades cient\u00edficas desarrollado por la entidad que preside<\/span>.<\/p>\n<\/p>\n<\/p>\n<h6> 2016-01-31 14:36:01 <\/h6>\n<p><!--\n<link rel=\"stylesheet\" href=\"css\/bootstrap.min.css\">\n\n\n<ul class=\"pagination\">\n\t    \n\t\n\n<li >\n\t<a href='?page_no=13838'>Previous<\/a>\n\t<\/li>\n\n\n       \n    \n\n<li><a href='?page_no=1'>1<\/a><\/li>\n\n\n\n<li><a href='?page_no=2'>2<\/a><\/li>\n\n\n\n<li><a>...<\/a><\/li>\n\n\n\n<li><a href='?page_no=13837'>13837<\/a><\/li>\n\n\n\n<li><a href='?page_no=13838'>13838<\/a><\/li>\n\n\n\n<li class='active'><a>13839<\/a><\/li>\n\n\n\n<li><a href='?page_no=13840'>13840<\/a><\/li>\n\n\n\n<li><a href='?page_no=13841'>13841<\/a><\/li>\n\n\n\n<li><a>...<\/a><\/li>\n\n\n\n<li><a href='?page_no=56169'>56169<\/a><\/li>\n\n\n\n<li><a href='?page_no=56170'>56170<\/a><\/li>\n\n    \n\t\n\n<li >\n\t<a href='?page_no=13840'>Next<\/a>\n\t<\/li>\n\n\n    \n\n<li><a href='?page_no=56170'>Last &rsaquo;&rsaquo;<\/a><\/li>\n\n<\/ul>\n\n\n--><br \/>\n<\/body><\/p>\n","protected":false},"excerpt":{"rendered":"<p>Santo Domingo, RD, 31 de Enero.-La Sociedad Dominicana de Pediatr\u00eda asegur\u00f3 que la batalla contra el Zika-virus y el dengue es un asunto de todos los m\u00e9dicos del pa\u00eds, as\u00ed como de los sectores involucrados en las pol\u00edticas sanitarias, recogida de basura y la sociedad civil. La doctora Sandra Orsini, presidenta de la entidad, asegur\u00f3 [&hellip;]<\/p>\n","protected":false},"author":3,"featured_media":0,"comment_status":"open","ping_status":"open","sticky":false,"template":"","format":"standard","meta":{"footnotes":""},"categories":[20],"tags":[],"class_list":["post-219525","post","type-post","status-publish","format-standard","hentry","category-dominicana-hoy"],"_links":{"self":[{"href":"https:\/\/diariodominicano.com\/index.php?rest_route=\/wp\/v2\/posts\/219525","targetHints":{"allow":["GET"]}}],"collection":[{"href":"https:\/\/diariodominicano.com\/index.php?rest_route=\/wp\/v2\/posts"}],"about":[{"href":"https:\/\/diariodominicano.com\/index.php?rest_route=\/wp\/v2\/types\/post"}],"author":[{"embeddable":true,"href":"https:\/\/diariodominicano.com\/index.php?rest_route=\/wp\/v2\/users\/3"}],"replies":[{"embeddable":true,"href":"https:\/\/diariodominicano.com\/index.php?rest_route=%2Fwp%2Fv2%2Fcomments&post=219525"}],"version-history":[{"count":0,"href":"https:\/\/diariodominicano.com\/index.php?rest_route=\/wp\/v2\/posts\/219525\/revisions"}],"wp:attachment":[{"href":"https:\/\/diariodominicano.com\/index.php?rest_route=%2Fwp%2Fv2%2Fmedia&parent=219525"}],"wp:term":[{"taxonomy":"category","embeddable":true,"href":"https:\/\/diariodominicano.com\/index.php?rest_route=%2Fwp%2Fv2%2Fcategories&post=219525"},{"taxonomy":"post_tag","embeddable":true,"href":"https:\/\/diariodominicano.com\/index.php?rest_route=%2Fwp%2Fv2%2Ftags&post=219525"}],"curies":[{"name":"wp","href":"https:\/\/api.w.org\/{rel}","templated":true}]}}