{"id":219523,"date":"2016-01-31T15:43:53","date_gmt":"2016-01-31T15:43:53","guid":{"rendered":"http:\/\/diariodominicano.ddns.net\/?p=219523"},"modified":"2016-01-31T15:43:53","modified_gmt":"2016-01-31T15:43:53","slug":"presenta-entidades-beneficiadas-conagenda-por-la-vida-2016","status":"publish","type":"post","link":"https:\/\/diariodominicano.com\/?p=219523","title":{"rendered":"&#13;&#13;Presenta entidades beneficiadas con\u00bbAgenda por la Vida 2016&#8243;&#13;"},"content":{"rendered":"<p><body><\/p>\n<p><img decoding=\"async\" src=\"img3\/Patinar.jpg\" \/>  <\/p>\n<p><span class=\"text1noticias\">Santo Domingo, RD, 31 de Enero.- Referencia Laboratorio Cl\u00ednico dio a conocer los nombres de las doce entidades sin fines de lucro del \u00e1rea de la salud que recibir\u00e1n este a\u00f1o los aportes econ\u00f3micos a trav\u00e9s del proyecto de responsabilidad social anual \u00abAgenda por la Vida 2016\u00bb, que en su octava versi\u00f3n reafirma su compromiso con la sociedad dominicana. <\/span><\/p>\n<\/p>\n<p><span class=\"text1noticias\">La directora administrativa, Cynthia Le\u00f3n, destac\u00f3 que con este programa Referencia Laboratorio Cl\u00ednico contribuye a mejorar los servicios queofrecen las instituciones beneficiadas a miles de personas de escasos recursos econ\u00f3micos que ven imposibilitados de costear sus necesidades.<\/span><\/p>\n<\/p>\n<p><span class=\"text1noticias\">Indic\u00f3que al igual que en ediciones pasadas se distribuye material publicitario, agendas, calendarios y alcanc\u00edas donde se destaca en cada mes, la instituci\u00f3n a la cual se le realizar\u00e1 el aporte y los detalles sobre la labor que lleva a cabo la entidad en su entorno social.<\/span><\/p>\n<\/p>\n<p><span class=\"text1noticias\">Cynthia Le\u00f3n dijo que este a\u00f1o las agendas \u00abtienen el prop\u00f3sito de valorar nuestras actividades f\u00edsicas, fijar nuestras metas e introducir todos los cambios necesarios para vivir  m\u00e1s plenamente\u00bb.<\/span><\/p>\n<\/p>\n<p><span class=\"text1noticias\">\u00abEs por estas razones, que Referencia Laboratorio Cl\u00ednico invita a que hagamos en este 2016 el prop\u00f3sito de valorar nuestras actividades f\u00edsicas, fijar nuestras metas e introducir todos los cambios necesarios para vivir m\u00e1s plenamente y m\u00e1s saludable.<\/span><\/p>\n<\/p>\n<p><span class=\"text1noticias\">Las 12 instituciones que ser\u00e1n las protagonistas de cada mes, con fotograf\u00edas realizadas por un grupo de artistas dominicanos entre ellos Jos\u00e9 Miguel \u00c1ngeles, Sandra Garip, Tiziano De Stefano, Colectivo 3, Turismo Rural y Rancho Baiguate, que llenan de vigor y est\u00edmulo est\u00e1s im\u00e1genes que induce el ejercicio f\u00edsico.<\/span><\/p>\n<\/p>\n<p><span class=\"text1noticias\">La Agenda cuyo lema es \u00abEjercicio, h\u00e1bito indispensable para vivir m\u00e1s y mejor\u00bb, cont\u00f3 con la colaboraci\u00f3n del doctor Roberto Hern\u00e1ndez Troncoso, m\u00e9dico internista, endocrin\u00f3logo, nutricionista, que como bien resalta, \u00ab\u00a1Hacer ejercicios&#8230;sacar\u00e1 lo mejor de nosotros!\u00bb<\/span><\/p>\n<\/p>\n<p><span class=\"text1noticias\">Sobre las 12 entidades beneficiadas<\/span><\/p>\n<\/p>\n<p><span class=\"text1noticias\">\tEneroest\u00e1 destinado al Hogar de Ni\u00f1os Discapacitados Granito de Mostaza, de Puerto Plata; febreroal Hogar Crea Dominicano, de Hig\u00fcey; marzo a la Fundaci\u00f3n Qui\u00e9reme como Soy, de Santo Domingo; abril a la Escuela Casa de la Providencia, de Santo Domingo; mayo al Hogar de Ancianos Santa Ana y San Joaqu\u00edn, de La Vega, y junio a la Fundaci\u00f3n Forjando un Futuro-Estancia Infantil Peque\u00f1os Cometas, de Punta Cana.<\/span><\/p>\n<\/p>\n<p><span class=\"text1noticias\">\tMientras que Julio al Hogar Albergue Gosen, de San Francisco de Macor\u00eds; agosto a la Fundaci\u00f3n Acci\u00f3n Callejera, de Santiago; septiembre aHeartCare Dominicana, de Santo Domingo; octubre a la Fundaci\u00f3n Pedi\u00e1trica por un Mejor Ma\u00f1ana, de Santo Domingo; noviembre al Hogar de Paso para Ni\u00f1as y Adolescentes, de Jarabacoa, y diciembre al Hogar del Ni\u00f1o,de La Romana<\/span>.<\/p>\n<h6> 2016-01-31 15:43:53 <\/h6>\n<p><!--\n<link rel=\"stylesheet\" href=\"css\/bootstrap.min.css\">\n\n\n<ul class=\"pagination\">\n\t    \n\t\n\n<li >\n\t<a href='?page_no=13836'>Previous<\/a>\n\t<\/li>\n\n\n       \n    \n\n<li><a href='?page_no=1'>1<\/a><\/li>\n\n\n\n<li><a href='?page_no=2'>2<\/a><\/li>\n\n\n\n<li><a>...<\/a><\/li>\n\n\n\n<li><a href='?page_no=13835'>13835<\/a><\/li>\n\n\n\n<li><a href='?page_no=13836'>13836<\/a><\/li>\n\n\n\n<li class='active'><a>13837<\/a><\/li>\n\n\n\n<li><a href='?page_no=13838'>13838<\/a><\/li>\n\n\n\n<li><a href='?page_no=13839'>13839<\/a><\/li>\n\n\n\n<li><a>...<\/a><\/li>\n\n\n\n<li><a href='?page_no=56169'>56169<\/a><\/li>\n\n\n\n<li><a href='?page_no=56170'>56170<\/a><\/li>\n\n    \n\t\n\n<li >\n\t<a href='?page_no=13838'>Next<\/a>\n\t<\/li>\n\n\n    \n\n<li><a href='?page_no=56170'>Last &rsaquo;&rsaquo;<\/a><\/li>\n\n<\/ul>\n\n\n--><br \/>\n<\/body><\/p>\n","protected":false},"excerpt":{"rendered":"<p>Santo Domingo, RD, 31 de Enero.- Referencia Laboratorio Cl\u00ednico dio a conocer los nombres de las doce entidades sin fines de lucro del \u00e1rea de la salud que recibir\u00e1n este a\u00f1o los aportes econ\u00f3micos a trav\u00e9s del proyecto de responsabilidad social anual \u00abAgenda por la Vida 2016\u00bb, que en su octava versi\u00f3n reafirma su compromiso [&hellip;]<\/p>\n","protected":false},"author":3,"featured_media":0,"comment_status":"open","ping_status":"open","sticky":false,"template":"","format":"standard","meta":{"footnotes":""},"categories":[20],"tags":[],"class_list":["post-219523","post","type-post","status-publish","format-standard","hentry","category-dominicana-hoy"],"_links":{"self":[{"href":"https:\/\/diariodominicano.com\/index.php?rest_route=\/wp\/v2\/posts\/219523","targetHints":{"allow":["GET"]}}],"collection":[{"href":"https:\/\/diariodominicano.com\/index.php?rest_route=\/wp\/v2\/posts"}],"about":[{"href":"https:\/\/diariodominicano.com\/index.php?rest_route=\/wp\/v2\/types\/post"}],"author":[{"embeddable":true,"href":"https:\/\/diariodominicano.com\/index.php?rest_route=\/wp\/v2\/users\/3"}],"replies":[{"embeddable":true,"href":"https:\/\/diariodominicano.com\/index.php?rest_route=%2Fwp%2Fv2%2Fcomments&post=219523"}],"version-history":[{"count":0,"href":"https:\/\/diariodominicano.com\/index.php?rest_route=\/wp\/v2\/posts\/219523\/revisions"}],"wp:attachment":[{"href":"https:\/\/diariodominicano.com\/index.php?rest_route=%2Fwp%2Fv2%2Fmedia&parent=219523"}],"wp:term":[{"taxonomy":"category","embeddable":true,"href":"https:\/\/diariodominicano.com\/index.php?rest_route=%2Fwp%2Fv2%2Fcategories&post=219523"},{"taxonomy":"post_tag","embeddable":true,"href":"https:\/\/diariodominicano.com\/index.php?rest_route=%2Fwp%2Fv2%2Ftags&post=219523"}],"curies":[{"name":"wp","href":"https:\/\/api.w.org\/{rel}","templated":true}]}}