{"id":219522,"date":"2016-02-01T11:27:01","date_gmt":"2016-02-01T11:27:01","guid":{"rendered":"http:\/\/diariodominicano.ddns.net\/?p=219522"},"modified":"2016-02-01T11:27:01","modified_gmt":"2016-02-01T11:27:01","slug":"semana-laboral-inicia-con-pocas-lluvias","status":"publish","type":"post","link":"https:\/\/diariodominicano.com\/?p=219522","title":{"rendered":"Semana laboral inicia con pocas lluvias"},"content":{"rendered":"<p><body><\/p>\n<p>Santo Domingo RD 1 febrero.- Durante la madrugada algunos fragmentos nubosos cargados de humedad se observaron incursionando sobre la regi\u00f3n este del pa\u00eds, generando lluvias d\u00e9biles y aisladas. Este ser\u00e1 el comportamiento que predominar\u00e1 durante las horas matutinas al iniciar la semana laboral, debido a que no existen fen\u00f3menos en el \u00e1rea que puedan variar la estabilidad que genera el sistema de alta presi\u00f3n que se manifiesta en toda el \u00e1rea del Caribe.<\/p>\n<\/p>\n<p>Para este martes, permanecer\u00e1 la incidencia del sistema de alta presi\u00f3n en todo el Caribe Central inhibiendo las formaciones de gran desarrollo nuboso y manteniendo escasas las lluvias en toda la geograf\u00eda nacional, no obstante a estas condiciones, el viento del sureste permanecer\u00e1 transportando campos nubosos que en ocasiones generar\u00e1n lluvias sobre la llanura costera del Caribe, Los Haitises y en algunas localidades del nordeste y la parte oriental del valle del Cibao.<\/p>\n<\/p>\n<p>El mi\u00e9rcoles se presentaran algunos periodos lluviosos sobre la regi\u00f3n norte, noreste y en algunos puntos de la llanura costera del Atl\u00e1ntico. Las temperaturas experimentaran una disminuci\u00f3n significativa en las zonas de monta\u00f1a debido al viento del norte\/noreste.<\/p>\n<\/p>\n<p>Distrito Nacional.              Nubes en aumento, con algunos periodos lluviosos de corto tiempo debidos al viento del este\/sureste.<\/p>\n<\/p>\n<p>Santo domingo norte.       Nubes en aumento, con algunos periodos lluviosos de corto tiempo debidos al viento del este\/sureste.<\/p>\n<\/p>\n<p>Santo Domingo Oeste.      Medio nublado en ocasiones, con algunos periodos lluviosos en la tarde.<\/p>\n<\/p>\n<p>Santo Domingo Este.        Nubes en aumento, con algunos periodos lluviosos de corto tiempo debidos al viento del este\/sureste.<\/p>\n<\/p>\n<p>El  Gran Santo Domingo. La temperatura m\u00e1xima estar\u00e1 entre  27\u00baC y 29\u00baC  y la m\u00ednima entre 17\u00baC y 19\u00baC.    <\/p>\n<\/p>\n<p>Resumen. Sistema de alta presi\u00f3n mantendr\u00e1 bajas probabilidades de lluvias, pero aquellas que se observen ser\u00e1n ocasionadas por los campos nubosos que transporta el viento del este.<\/p>\n<p><strong>PRONOSTICO EXTENDIDO<\/strong><\/p>\n<\/p>\n<p>Hoy.  Nubes dispersas aumentando en ocasiones con algunas lluvias d\u00e9biles y aisladas sobre la llanura costera del Caribe, el sureste, noreste y el centro del pa\u00eds.<\/p>\n<\/p>\n<p>Martes.  Permanecer\u00e1 la incidencia del sistema de alta presi\u00f3n en todo el Caribe Central inhibiendo las formaciones nubosas y manteniendo escasas las lluvias en toda la geograf\u00eda nacional. Seguir\u00e1 la incursi\u00f3n de campos nubosos hacia el pa\u00eds.<\/p>\n<\/p>\n<p>Santo Domingo y sus municipios. Mezcla de nubes y sol con algunos periodos lluviosos.<\/p>\n<\/p>\n<p>Distrito Nacional. Mezcla de nubes y sol Mezcla de nubes y sol con algunos periodos lluviosos.<\/p>\n<\/p>\n<p>Mi\u00e9rcoles. Incremento de la nubosidad sobre la regi\u00f3n norte y noreste con algunas lluvias d\u00e9biles y aisladas.<\/p>\n<\/p>\n<p>Santo Domingo y sus municipios. Incrementos nubosos ocasionales.<\/p>\n<\/p>\n<p>Distrito Nacional. Nubes dispersas.<\/p>\n<h6> 2016-02-01 11:27:01 <\/h6>\n<p><!--\n<link rel=\"stylesheet\" href=\"css\/bootstrap.min.css\">\n\n\n<ul class=\"pagination\">\n\t    \n\t\n\n<li >\n\t<a href='?page_no=13835'>Previous<\/a>\n\t<\/li>\n\n\n       \n    \n\n<li><a href='?page_no=1'>1<\/a><\/li>\n\n\n\n<li><a href='?page_no=2'>2<\/a><\/li>\n\n\n\n<li><a>...<\/a><\/li>\n\n\n\n<li><a href='?page_no=13834'>13834<\/a><\/li>\n\n\n\n<li><a href='?page_no=13835'>13835<\/a><\/li>\n\n\n\n<li class='active'><a>13836<\/a><\/li>\n\n\n\n<li><a href='?page_no=13837'>13837<\/a><\/li>\n\n\n\n<li><a href='?page_no=13838'>13838<\/a><\/li>\n\n\n\n<li><a>...<\/a><\/li>\n\n\n\n<li><a href='?page_no=56169'>56169<\/a><\/li>\n\n\n\n<li><a href='?page_no=56170'>56170<\/a><\/li>\n\n    \n\t\n\n<li >\n\t<a href='?page_no=13837'>Next<\/a>\n\t<\/li>\n\n\n    \n\n<li><a href='?page_no=56170'>Last &rsaquo;&rsaquo;<\/a><\/li>\n\n<\/ul>\n\n\n--><br \/>\n<\/body><\/p>\n","protected":false},"excerpt":{"rendered":"<p>Santo Domingo RD 1 febrero.- Durante la madrugada algunos fragmentos nubosos cargados de humedad se observaron incursionando sobre la regi\u00f3n este del pa\u00eds, generando lluvias d\u00e9biles y aisladas. Este ser\u00e1 el comportamiento que predominar\u00e1 durante las horas matutinas al iniciar la semana laboral, debido a que no existen fen\u00f3menos en el \u00e1rea que puedan variar [&hellip;]<\/p>\n","protected":false},"author":3,"featured_media":0,"comment_status":"open","ping_status":"open","sticky":false,"template":"","format":"standard","meta":{"footnotes":""},"categories":[20],"tags":[],"class_list":["post-219522","post","type-post","status-publish","format-standard","hentry","category-dominicana-hoy"],"_links":{"self":[{"href":"https:\/\/diariodominicano.com\/index.php?rest_route=\/wp\/v2\/posts\/219522","targetHints":{"allow":["GET"]}}],"collection":[{"href":"https:\/\/diariodominicano.com\/index.php?rest_route=\/wp\/v2\/posts"}],"about":[{"href":"https:\/\/diariodominicano.com\/index.php?rest_route=\/wp\/v2\/types\/post"}],"author":[{"embeddable":true,"href":"https:\/\/diariodominicano.com\/index.php?rest_route=\/wp\/v2\/users\/3"}],"replies":[{"embeddable":true,"href":"https:\/\/diariodominicano.com\/index.php?rest_route=%2Fwp%2Fv2%2Fcomments&post=219522"}],"version-history":[{"count":0,"href":"https:\/\/diariodominicano.com\/index.php?rest_route=\/wp\/v2\/posts\/219522\/revisions"}],"wp:attachment":[{"href":"https:\/\/diariodominicano.com\/index.php?rest_route=%2Fwp%2Fv2%2Fmedia&parent=219522"}],"wp:term":[{"taxonomy":"category","embeddable":true,"href":"https:\/\/diariodominicano.com\/index.php?rest_route=%2Fwp%2Fv2%2Fcategories&post=219522"},{"taxonomy":"post_tag","embeddable":true,"href":"https:\/\/diariodominicano.com\/index.php?rest_route=%2Fwp%2Fv2%2Ftags&post=219522"}],"curies":[{"name":"wp","href":"https:\/\/api.w.org\/{rel}","templated":true}]}}