{"id":219521,"date":"2016-02-01T13:44:50","date_gmt":"2016-02-01T13:44:50","guid":{"rendered":"http:\/\/diariodominicano.ddns.net\/?p=219521"},"modified":"2016-02-01T13:44:50","modified_gmt":"2016-02-01T13:44:50","slug":"rodriguez-marchena-hemos-aprendido-mucho-de-la-gente-para-desarrollar-una-gestion-inclusiva","status":"publish","type":"post","link":"https:\/\/diariodominicano.com\/?p=219521","title":{"rendered":"&#13;Rodr\u00edguez Marchena: \u00abHemos aprendido mucho de la gente para desarrollar una gesti\u00f3n inclusiva"},"content":{"rendered":"<p><body><\/p>\n<p><img decoding=\"async\" src=\"img3\/marchenados.jpg\" \/><br \/><img decoding=\"async\" src=\"img3\/marchenauna.jpg\" \/>  <\/p>\n<\/p>\n<p>Santo Domingo, RD, 1 de febrero.- El Director de Comunicaci\u00f3n de la Presidencia dijo que colocar a la gente en el centro de las pol\u00edticas p\u00fablicas es lo que ha dotado al gobierno de Danilo Medina de la suficiente capacidad para desarrollar una gesti\u00f3n inclusiva, democr\u00e1tica y horizontal en favor del pueblo dominicano.<\/p>\n<\/p>\n<p>\u00abHemos aprendido mucho de la gente, incluso hasta para gobernar\u00bb, reconoci\u00f3 Roberto Rodr\u00edguez Marchena, Portavoz del Gobierno, al explicar la conexi\u00f3n que se produce cada vez que Danilo Medina hace contacto con la gente, as\u00ed como la empat\u00eda y familiaridad que se vivi\u00f3 en el lanzamiento oficial de la campa\u00f1a de Danilo Medina, como candidato presidencial por el Partido de la Liberaci\u00f3n Dominicana (PLD).<\/p>\n<\/p>\n<p>El tambi\u00e9n director general de comunicaci\u00f3n de la Presidencia, habl\u00f3 en torno al tema al responder preguntas de los periodistas Homero Figueroa y Lorena Pierre, en el programa Matutino AN7, que transmite a diario por Antena Latina.<\/p>\n<\/p>\n<p><strong>Danilo promete ahora porque cumpli\u00f3<\/strong><\/p>\n<\/p>\n<p>Manifest\u00f3 que el Gobierno de Danilo Medina se ha caracterizado por cumplir lo que promete, por lo que destac\u00f3 que el Presidente tiene ganada credibilidad y autoridad moral para seguir haciendo promesas a la poblaci\u00f3n.<\/p>\n<\/p>\n<p>En ese sentido, dijo que el Gobierno se comprometi\u00f3 a crear 400 mil empleos, a sostener el crecimiento econ\u00f3mico y a invertir m\u00e1s en educaci\u00f3n y lo cumpli\u00f3.<\/p>\n<\/p>\n<p>Entre los logros de la presente gesti\u00f3n tambi\u00e9n cit\u00f3 la democratizaci\u00f3n del cr\u00e9dito, el aumento de los proveedores del Estado de 19 mil a 59 mil, de los cuales el n\u00famero de mujeres beneficiadas aument\u00f3 de 2,700 a 14 mil.<\/p>\n<\/p>\n<p><strong>Logros palpables <\/strong><\/p>\n<\/p>\n<p>A trav\u00e9s de la descentralizaci\u00f3n de las compras de medicinas del Programa de Medicamentos (PROMESE), &#8211;dijo&#8211; el Gobierno logr\u00f3 ahorrar 1,300 millones de pesos, mientras que mediante de la implementaci\u00f3n de la Cuenta \u00danica del Tesoro el ahorro ya ascendi\u00f3 a 16 mil millones de pesos.<\/p>\n<\/p>\n<p>En cuanto a la prioridad dada por el Gobierno a la construcci\u00f3n de escuelas, se\u00f1al\u00f3 que son necesarias para materializar el programa de la Jornada Escolar Extendida.<\/p>\n<\/p>\n<p><strong>Revoluci\u00f3n Educativa exige inversi\u00f3n   <\/strong><\/p>\n<p><strong> <\/strong><\/p>\n<p>\u00abTen\u00edamos que construir m\u00e1s aulas. En principio el diagn\u00f3stico indicaba que ten\u00edamos que construir 28 mil aulas y ya llevamos 22 mil.\u00bb<\/p>\n<\/p>\n<p>De igual forma destac\u00f3 que se han mejorado los salarios de los maestros de B\u00e1sica que antes ganaban con los incentivos 28 mil pesos y ahora devengan 44 mil, mientras que un maestro de Media ya cuenta con un salario de 50 mil pesos.<\/p>\n<\/p>\n<p>En lo relativo a la formaci\u00f3n de los maestros, Roberto Rodr\u00edguez Marchena record\u00f3 que el a\u00f1o pasado se invirtieron 3 mil millones de pesos en la capacitaci\u00f3n magisterial.<\/p>\n<\/p>\n<p>\u00abTenemos que seguir construyendo escuelas para lograr la Jornada Escolar Extendida y seguir dignificando la vida del maestro\u00bb, precis\u00f3 el Portavoz del Gobierno.<\/p>\n<p><strong> <\/strong><\/p>\n<p><strong>Seguridad ciudadana en marcha<\/strong><\/p>\n<\/p>\n<p>Al referirse al tema de la seguridad ciudadana, reconoci\u00f3 que ciertamente ha habido escollos que hay que superar; sin embargo, advirti\u00f3 puntos a favor como la entrada en operaci\u00f3n del Sistema de Emergencias 911, que adem\u00e1s de asistir las urgencias m\u00e9dicas ha contribuido significativamente a combatir la inseguridad y la criminalidad en las calles, con la instalaci\u00f3n de c\u00e1maras y el despliegue de sus  unidades.<\/p>\n<\/p>\n<p>Destac\u00f3 que el hecho de que este sistema intervenga a 4 instituciones del Estado, sobre todo la Polic\u00eda Nacional, obliga a hacer una mirada interna hacia esa instituci\u00f3n para el logro de una respuesta m\u00e1s efectiva por parte de los agentes.<\/p>\n<p><strong> <\/strong><\/p>\n<p><strong>5% para salud es pura demagogia <\/strong><\/p>\n<\/p>\n<p>En el aspecto m\u00e9dico calific\u00f3 de pura demagogia reclamar un 5% para salud, cuando las condiciones fiscales actuales no lo permiten.<\/p>\n<\/p>\n<p>Rodr\u00edguez Marchena se\u00f1al\u00f3 que con una presi\u00f3n fiscal de 14 por ciento es imposible elevar la inversi\u00f3n en salud a un 5 por ciento del Producto Interno Bruto (PIB).<\/p>\n<p><strong> <\/strong><\/p>\n<p><strong>Pacto El\u00e9ctrico no es motivo de preocupaci\u00f3n <\/strong><\/p>\n<\/p>\n<p>Al abordar el Pacto El\u00e9ctrico, dijo que el Gobierno participa con el \u00e1nimo de que el pueblo dominicano reciba energ\u00eda el\u00e9ctrica suficiente, de calidad y buen precio.<\/p>\n<\/p>\n<p>Enfatiz\u00f3 que el tema del Pacto El\u00e9ctrico no debe ser motivo de preocupaci\u00f3n, al tiempo que se mostr\u00f3 partidario de que se contin\u00faen los proyectos encaminados a fomentar la producci\u00f3n de energ\u00eda renovable.<\/p>\n<h6> 2016-02-01 13:44:50 <\/h6>\n<p><!--\n<link rel=\"stylesheet\" href=\"css\/bootstrap.min.css\">\n\n\n<ul class=\"pagination\">\n\t    \n\t\n\n<li >\n\t<a href='?page_no=13834'>Previous<\/a>\n\t<\/li>\n\n\n       \n    \n\n<li><a href='?page_no=1'>1<\/a><\/li>\n\n\n\n<li><a href='?page_no=2'>2<\/a><\/li>\n\n\n\n<li><a>...<\/a><\/li>\n\n\n\n<li><a href='?page_no=13833'>13833<\/a><\/li>\n\n\n\n<li><a href='?page_no=13834'>13834<\/a><\/li>\n\n\n\n<li class='active'><a>13835<\/a><\/li>\n\n\n\n<li><a href='?page_no=13836'>13836<\/a><\/li>\n\n\n\n<li><a href='?page_no=13837'>13837<\/a><\/li>\n\n\n\n<li><a>...<\/a><\/li>\n\n\n\n<li><a href='?page_no=56169'>56169<\/a><\/li>\n\n\n\n<li><a href='?page_no=56170'>56170<\/a><\/li>\n\n    \n\t\n\n<li >\n\t<a href='?page_no=13836'>Next<\/a>\n\t<\/li>\n\n\n    \n\n<li><a href='?page_no=56170'>Last &rsaquo;&rsaquo;<\/a><\/li>\n\n<\/ul>\n\n\n--><br \/>\n<\/body><\/p>\n","protected":false},"excerpt":{"rendered":"<p>Santo Domingo, RD, 1 de febrero.- El Director de Comunicaci\u00f3n de la Presidencia dijo que colocar a la gente en el centro de las pol\u00edticas p\u00fablicas es lo que ha dotado al gobierno de Danilo Medina de la suficiente capacidad para desarrollar una gesti\u00f3n inclusiva, democr\u00e1tica y horizontal en favor del pueblo dominicano. \u00abHemos aprendido [&hellip;]<\/p>\n","protected":false},"author":3,"featured_media":0,"comment_status":"open","ping_status":"open","sticky":false,"template":"","format":"standard","meta":{"footnotes":""},"categories":[20],"tags":[],"class_list":["post-219521","post","type-post","status-publish","format-standard","hentry","category-dominicana-hoy"],"_links":{"self":[{"href":"https:\/\/diariodominicano.com\/index.php?rest_route=\/wp\/v2\/posts\/219521","targetHints":{"allow":["GET"]}}],"collection":[{"href":"https:\/\/diariodominicano.com\/index.php?rest_route=\/wp\/v2\/posts"}],"about":[{"href":"https:\/\/diariodominicano.com\/index.php?rest_route=\/wp\/v2\/types\/post"}],"author":[{"embeddable":true,"href":"https:\/\/diariodominicano.com\/index.php?rest_route=\/wp\/v2\/users\/3"}],"replies":[{"embeddable":true,"href":"https:\/\/diariodominicano.com\/index.php?rest_route=%2Fwp%2Fv2%2Fcomments&post=219521"}],"version-history":[{"count":0,"href":"https:\/\/diariodominicano.com\/index.php?rest_route=\/wp\/v2\/posts\/219521\/revisions"}],"wp:attachment":[{"href":"https:\/\/diariodominicano.com\/index.php?rest_route=%2Fwp%2Fv2%2Fmedia&parent=219521"}],"wp:term":[{"taxonomy":"category","embeddable":true,"href":"https:\/\/diariodominicano.com\/index.php?rest_route=%2Fwp%2Fv2%2Fcategories&post=219521"},{"taxonomy":"post_tag","embeddable":true,"href":"https:\/\/diariodominicano.com\/index.php?rest_route=%2Fwp%2Fv2%2Ftags&post=219521"}],"curies":[{"name":"wp","href":"https:\/\/api.w.org\/{rel}","templated":true}]}}