{"id":219520,"date":"2016-02-01T14:23:50","date_gmt":"2016-02-01T14:23:50","guid":{"rendered":"http:\/\/diariodominicano.ddns.net\/?p=219520"},"modified":"2016-02-01T14:23:50","modified_gmt":"2016-02-01T14:23:50","slug":"experto-espanol-antonio-fuertes-imparte-taller-en-el-caid-santiago-2","status":"publish","type":"post","link":"https:\/\/diariodominicano.com\/?p=219520","title":{"rendered":"Experto espa\u00f1ol Antonio Fuertes imparte taller en el CAID-Santiago"},"content":{"rendered":"<p><body><\/p>\n<p><img decoding=\"async\" src=\"img3\/expertocaid.jpg\" \/>  <\/p>\n<p><span class=\"text1noticias\">Santiago, RD, 31 de Febrero.-El Centro de Atenci\u00f3n Integral para la Discapacidad CAID en esta ciudad realiz\u00f3 el Primer taller de formaci\u00f3n continuada, dirigido a empleados, profesionales del \u00e1rea de la regi\u00f3n del Cibao, as\u00ed como a familiares de ni\u00f1os futuros usuarios de los servicios que ofrece esa entidad.<\/span><\/p>\n<\/p>\n<p><strong><span class=\"text1noticias\"> Formaci\u00f3n profesional<\/span><\/strong><\/p>\n<\/p>\n<p><span class=\"text1noticias\">Este taller es el primero de una serie de actividades formativas que desarrollar\u00e1 el CAID-Santiago, como eje transversal para promover la sensibilizaci\u00f3n de familias y colaboradores de calidad, acorde con la misi\u00f3n y visi\u00f3n de la inclusi\u00f3n social de los ni\u00f1os con discapacidad.<\/span><\/p>\n<p><span class=\"text1noticias\"> <\/span><\/p>\n<p><span class=\"text1noticias\">Se inscribe en el compromiso expreso de la Primera Dama C\u00e1ndida Montilla de Medina de dar apoyo a las familias de ni\u00f1os y ni\u00f1as con discapacidad, expres\u00f3 el doctor Guillermo \u00c1ngeles Fern\u00e1ndez, director del CAID-Santiago, al dirigirse a los presentes.<\/span><\/p>\n<p><span class=\"text1noticias\"> <\/span><\/p>\n<p><span class=\"text1noticias\"><strong>\u00abLa Teor\u00eda del apego\u00bb<\/strong><\/span><\/p>\n<\/p>\n<p><span class=\"text1noticias\">El taller bajo el t\u00edtulo \u00abLa Teor\u00eda del Apego, Aplicada en Terapia a Familias con un miembro con Discapacidad\u00bb fue impartido por el especialista espa\u00f1ol Antonio Fuertes, Profesor de la Universidad de Salamanca.<\/span><\/p>\n<\/p>\n<p><span class=\"text1noticias\">Fuertes destac\u00f3 la importancia de que los padres y cuidadores de los ni\u00f1os con discapacidad sepan distinguir los signos del apego como teor\u00eda de la seguridad y proximidad en los infantes.<\/span><\/p>\n<\/p>\n<p><strong><span class=\"text1noticias\">Cobertura para toda la regi\u00f3n<\/span><\/strong><\/p>\n<\/p>\n<p><span class=\"text1noticias\">Adem\u00e1s del personal del CAID-Santiago, el taller estuvo dirigido a terapeutas y profesionales del \u00e1rea que trabajan con ni\u00f1os con discapacidades, en los distintos pueblos de la regi\u00f3n del Cibao y que servir\u00e1n de multiplicadores de los conocimientos en sus respectivas comunidades.<\/span><\/p>\n<\/p>\n<p><span class=\"text1noticias\">Los participantes proced\u00edan de Dajab\u00f3n, Santiago Rodriguez, Mao Valverde, Montecristi, Santiago, Puerto Plata, San Francisco de Macor\u00eds, Salcedo, Moca, La Vega y Bonao.<\/span><\/p>\n<\/p>\n<p><strong><span class=\"text1noticias\">Tambi\u00e9n del Sur y de Santo Domingo<\/span><\/strong><\/p>\n<\/p>\n<p><span class=\"text1noticias\">A la actividad asistieron como invitados especiales, el doctor Fausto Mart\u00ednez, director del CAID-San Juan y la licenciada Vanesa Espaillat, coordinadora de Maestr\u00eda en Psicolog\u00eda de la Universidad Iberoamericana (UNIBE). <\/span><\/p>\n<p><span class=\"text1noticias\"><strong>Agradecen a la Primera Dama<\/strong><\/span><\/p>\n<\/p>\n<p><span class=\"text1noticias\">Asistentes a la jornada de formaci\u00f3n valoraron la importancia de estos talleres y el trabajo de la Primera Dama Montilla de Medina, a trav\u00e9s de los diferentes programas que desarrolla su Despacho.<\/span><\/p>\n<\/p>\n<p><span class=\"text1noticias\"> \u00abMuy interesante. Yo creo que nos va ayudar mucho, definitivamente que vamos a compartir esto con nuestros compa\u00f1eros y con los padres de los ni\u00f1os a los que ofrecemos servicios\u00bb, dijo Ruddy Bekker, presidenta de la Fundaci\u00f3n \u00abCuidado Infantil Dominicano\u00bb, una de las asistentes a la actividad.<\/span><\/p>\n<\/p>\n<p><span class=\"text1noticias\">De igual manera se expres\u00f3 la se\u00f1ora Isabel Gonz\u00e1lez, madre de un ni\u00f1o con autismo, <\/span><\/p>\n<\/p>\n<p><span class=\"text1noticias\">\u00abRealmente yo me siento muy motivada y animada porque a trav\u00e9s de estos talleres los padres vamos a tener m\u00e1s conocimientos. Me comprometo a servir de portavoz para que las personas que lo necesitan, lo adquieran tambi\u00e9n, y yo seguir\u00e9 avanzando en mi experiencia para el cuidado de mi ni\u00f1o\u00bb<\/span>.<\/p>\n<h6> 2016-02-01 14:23:50 <\/h6>\n<p><!--\n<link rel=\"stylesheet\" href=\"css\/bootstrap.min.css\">\n\n\n<ul class=\"pagination\">\n\t    \n\t\n\n<li >\n\t<a href='?page_no=13833'>Previous<\/a>\n\t<\/li>\n\n\n       \n    \n\n<li><a href='?page_no=1'>1<\/a><\/li>\n\n\n\n<li><a href='?page_no=2'>2<\/a><\/li>\n\n\n\n<li><a>...<\/a><\/li>\n\n\n\n<li><a href='?page_no=13832'>13832<\/a><\/li>\n\n\n\n<li><a href='?page_no=13833'>13833<\/a><\/li>\n\n\n\n<li class='active'><a>13834<\/a><\/li>\n\n\n\n<li><a href='?page_no=13835'>13835<\/a><\/li>\n\n\n\n<li><a href='?page_no=13836'>13836<\/a><\/li>\n\n\n\n<li><a>...<\/a><\/li>\n\n\n\n<li><a href='?page_no=56169'>56169<\/a><\/li>\n\n\n\n<li><a href='?page_no=56170'>56170<\/a><\/li>\n\n    \n\t\n\n<li >\n\t<a href='?page_no=13835'>Next<\/a>\n\t<\/li>\n\n\n    \n\n<li><a href='?page_no=56170'>Last &rsaquo;&rsaquo;<\/a><\/li>\n\n<\/ul>\n\n\n--><br \/>\n<\/body><\/p>\n","protected":false},"excerpt":{"rendered":"<p>Santiago, RD, 31 de Febrero.-El Centro de Atenci\u00f3n Integral para la Discapacidad CAID en esta ciudad realiz\u00f3 el Primer taller de formaci\u00f3n continuada, dirigido a empleados, profesionales del \u00e1rea de la regi\u00f3n del Cibao, as\u00ed como a familiares de ni\u00f1os futuros usuarios de los servicios que ofrece esa entidad. Formaci\u00f3n profesional Este taller es el [&hellip;]<\/p>\n","protected":false},"author":3,"featured_media":0,"comment_status":"open","ping_status":"open","sticky":false,"template":"","format":"standard","meta":{"footnotes":""},"categories":[20],"tags":[],"class_list":["post-219520","post","type-post","status-publish","format-standard","hentry","category-dominicana-hoy"],"_links":{"self":[{"href":"https:\/\/diariodominicano.com\/index.php?rest_route=\/wp\/v2\/posts\/219520","targetHints":{"allow":["GET"]}}],"collection":[{"href":"https:\/\/diariodominicano.com\/index.php?rest_route=\/wp\/v2\/posts"}],"about":[{"href":"https:\/\/diariodominicano.com\/index.php?rest_route=\/wp\/v2\/types\/post"}],"author":[{"embeddable":true,"href":"https:\/\/diariodominicano.com\/index.php?rest_route=\/wp\/v2\/users\/3"}],"replies":[{"embeddable":true,"href":"https:\/\/diariodominicano.com\/index.php?rest_route=%2Fwp%2Fv2%2Fcomments&post=219520"}],"version-history":[{"count":0,"href":"https:\/\/diariodominicano.com\/index.php?rest_route=\/wp\/v2\/posts\/219520\/revisions"}],"wp:attachment":[{"href":"https:\/\/diariodominicano.com\/index.php?rest_route=%2Fwp%2Fv2%2Fmedia&parent=219520"}],"wp:term":[{"taxonomy":"category","embeddable":true,"href":"https:\/\/diariodominicano.com\/index.php?rest_route=%2Fwp%2Fv2%2Fcategories&post=219520"},{"taxonomy":"post_tag","embeddable":true,"href":"https:\/\/diariodominicano.com\/index.php?rest_route=%2Fwp%2Fv2%2Ftags&post=219520"}],"curies":[{"name":"wp","href":"https:\/\/api.w.org\/{rel}","templated":true}]}}