{"id":219519,"date":"2016-02-01T17:06:07","date_gmt":"2016-02-01T17:06:07","guid":{"rendered":"http:\/\/diariodominicano.ddns.net\/?p=219519"},"modified":"2016-02-01T17:06:07","modified_gmt":"2016-02-01T17:06:07","slug":"vicepresidenta-gobierno-invierte-en-la-juventud-para-progreso-del-pais","status":"publish","type":"post","link":"https:\/\/diariodominicano.com\/?p=219519","title":{"rendered":"Vicepresidenta: Gobierno invierte en la juventud para progreso del pa\u00eds"},"content":{"rendered":"<p><body><\/p>\n<p><img decoding=\"async\" src=\"img3\/Margarita.jpg\" \/>  <\/p>\n<p><span class=\"text1noticias\">Santto Domingo, RD, 1 de febrero de 2016.-En la erradicaci\u00f3n de la pobreza y la construcci\u00f3n de un pa\u00eds de oportunidades la juventud juega un papel importante, afirm\u00f3 este lunes la vicepresidencia de la Rep\u00fablica, doctora Margarita Cede\u00f1o, al encabezar el acto de graduaci\u00f3n de unos 4,650 gu\u00edas juveniles del programa Progresando con Solidaridad (Prosoli).<\/span><\/p>\n<p><span class=\"text1noticias\"> <\/span><\/p>\n<p><span class=\"text1noticias\">\u00abCon ustedes estamos haciendo la mejor inversi\u00f3n para el progreso de nuestro pa\u00eds, porque invirtiendo en los j\u00f3venes hoy tendremos un futuro promisorio en el ma\u00f1ana\u00bb, indic\u00f3 la Vicemandataria.<\/span><\/p>\n<p><span class=\"text1noticias\"> <\/span><\/p>\n<p><span class=\"text1noticias\">La Vicepresidenta llam\u00f3 a convertirse en protagonistas de su propio desarrollo, ya que los j\u00f3venes tienen en sus manos las oportunidades para mejorar su calidad de vida y la de sus familiares.<\/span><\/p>\n<p><span class=\"text1noticias\"> <\/span><\/p>\n<p><span class=\"text1noticias\">\u00abEstoy convencida de que con este ej\u00e9rcito de j\u00f3venes por el progreso de la Rep\u00fablica Dominicana vamos a lograr este gran compromiso que tenemos: \u00aberradicar la pobreza extrema y construir un pa\u00eds de oportunidades\u00bb, indic\u00f3.<\/span><\/p>\n<p><span class=\"text1noticias\"> <\/span><\/p>\n<p><span class=\"text1noticias\">Los 4,650 j\u00f3venes l\u00edderes de Prosoli recibieron capacitaci\u00f3n para responder de manera adecuada a las situaciones sociales que les presenta el mundo en la actualidad.<\/span><\/p>\n<p><span class=\"text1noticias\"> <\/span><\/p>\n<p><span class=\"text1noticias\">Los nuevos gu\u00edas juveniles tienen la encomienda de desarrollar acciones integrales con los 665,041 adolescentes y j\u00f3venes beneficiarios de las familias Prosoli, quienes a su vez recibir\u00e1n el acompa\u00f1amiento en los procesos de restituci\u00f3n de derechos, inserci\u00f3n escolar, obtenci\u00f3n de actas de nacimiento, inserci\u00f3n laboral, procesos legales, prevenci\u00f3n de embarazo precoz, entre otros temas.<\/span><\/p>\n<p><span class=\"text1noticias\"> <\/span><\/p>\n<p><span class=\"text1noticias\">El acto, realizado con motivo de la semana de la juventud en el auditorio del Banco Central, congreg\u00f3 a j\u00f3venes de todo el pa\u00eds con edades entre 15 y 24 a\u00f1os, quienes han sido capacitados por la direcci\u00f3n de J\u00f3venes Progresando con Solidaridad.<\/span><\/p>\n<p><span class=\"text1noticias\"> <\/span><\/p>\n<p><span class=\"text1noticias\">La promoci\u00f3n del liderazgo juvenil es uno de los pilares de los programas que ejecuta la Vicepresidencia, y es por ello que en lo adelante los graduandos y graduandas se desempe\u00f1ar\u00e1n como facilitadores de los proyectos sociales del Gobierno.<\/span><\/p>\n<\/p>\n<p><span class=\"text1noticias\">Acompa\u00f1aron a la Vicemandataria su hija Yolanda Am\u00e9rica Fern\u00e1ndez Cede\u00f1o; tambi\u00e9n, la directora de Prosoli, Altagracia Suriel; el encargado de la Divisi\u00f3n de J\u00f3venes del programa, Andr\u00e9s Mej\u00eda, as\u00ed como directores de las diferentes instituciones que conforman el Gabinete de Coordinaci\u00f3n de Pol\u00edticas Sociales del Gobierno.<\/span><\/p>\n<\/p>\n<p><span class=\"text1noticias\">La joven Cindy Madelayne Perdomo habl\u00f3 en representaci\u00f3n de los graduandos y graduandas. En el acto, la doctora Margarita Cede\u00f1o entreg\u00f3 reconocimientos especiales, que incluy\u00f3 placas y laptops a un grupo de j\u00f3venes l\u00edderes, por su destacada labor en sus comunidades.<\/span><\/p>\n<p><span class=\"text1noticias\"> <\/span><\/p>\n<p><span class=\"text1noticias\">Posterior al acto de graduaci\u00f3n, el destacado conferencista internacional Isra Garc\u00eda motiv\u00f3 a los j\u00f3venes a emprender con la conferencia magistral \u00abDibuja tu mapa y el\u00edgete a ti mismo\u00bb.<\/span><\/p>\n<p><span class=\"text1noticias\"> <\/span><\/p>\n<p><span class=\"text1noticias\">Garc\u00eda se encuentra en el pa\u00eds invitado por la Vicepresidencia de la Rep\u00fablica para agotar un ciclo de conferencias dirigidas a la juventud.<\/span><\/p>\n<p><span class=\"text1noticias\"><strong> <\/strong><\/span><\/p>\n<p><span class=\"text1noticias\"><strong>La iniciativa<\/strong><\/span><\/p>\n<\/p>\n<p><span class=\"text1noticias\">Los gu\u00edas juveniles reciben capacitaci\u00f3n sobre prevenci\u00f3n de embarazo en adolescentes, temas medioambientales, debates educativos, inclusi\u00f3n social, autoconocimiento, fortalecimiento de las habilidades personales, servicio comunitario, entre otros t\u00f3picos.<\/span><\/p>\n<p><span class=\"text1noticias\"> <\/span><\/p>\n<p><span class=\"text1noticias\">El trabajo que desempe\u00f1an los gu\u00edas juveniles reviste gran importancia para la consecuci\u00f3n de resultados satisfactorios de las iniciativas que desarrolla la Vicepresidenta, ya que los mismos se convierten en identificadores de problem\u00e1ticas que afectan las familias Prosoli y aportan soluciones contactando el personal destinado para tales prop\u00f3sitos. Adem\u00e1s de que son promotores de derechos fundamentales.<\/span><\/p>\n<p><span class=\"text1noticias\"> <\/span><\/p>\n<p><span class=\"text1noticias\">J\u00f3venes Progresando con Solidaridad es una iniciativa de la Vicepresidencia de la Rep\u00fablica que tiene por objetivo empoderar a la poblaci\u00f3n adolescente-joven de 15 a 25 a\u00f1os perteneciente a las familias  Prosoli para que desarrollen capacidades que les permitan mejorar sus condiciones de vida y las de sus familias a trav\u00e9s de su inclusi\u00f3n en estrategias de integraci\u00f3n,  participaci\u00f3n e inclusi\u00f3n social partiendo de la realidad en que viven<\/span>.<\/p>\n<h6> 2016-02-01 17:06:07 <\/h6>\n<p><!--\n<link rel=\"stylesheet\" href=\"css\/bootstrap.min.css\">\n\n\n<ul class=\"pagination\">\n\t    \n\t\n\n<li >\n\t<a href='?page_no=13832'>Previous<\/a>\n\t<\/li>\n\n\n       \n    \n\n<li><a href='?page_no=1'>1<\/a><\/li>\n\n\n\n<li><a href='?page_no=2'>2<\/a><\/li>\n\n\n\n<li><a>...<\/a><\/li>\n\n\n\n<li><a href='?page_no=13831'>13831<\/a><\/li>\n\n\n\n<li><a href='?page_no=13832'>13832<\/a><\/li>\n\n\n\n<li class='active'><a>13833<\/a><\/li>\n\n\n\n<li><a href='?page_no=13834'>13834<\/a><\/li>\n\n\n\n<li><a href='?page_no=13835'>13835<\/a><\/li>\n\n\n\n<li><a>...<\/a><\/li>\n\n\n\n<li><a href='?page_no=56169'>56169<\/a><\/li>\n\n\n\n<li><a href='?page_no=56170'>56170<\/a><\/li>\n\n    \n\t\n\n<li >\n\t<a href='?page_no=13834'>Next<\/a>\n\t<\/li>\n\n\n    \n\n<li><a href='?page_no=56170'>Last &rsaquo;&rsaquo;<\/a><\/li>\n\n<\/ul>\n\n\n--><br \/>\n<\/body><\/p>\n","protected":false},"excerpt":{"rendered":"<p>Santto Domingo, RD, 1 de febrero de 2016.-En la erradicaci\u00f3n de la pobreza y la construcci\u00f3n de un pa\u00eds de oportunidades la juventud juega un papel importante, afirm\u00f3 este lunes la vicepresidencia de la Rep\u00fablica, doctora Margarita Cede\u00f1o, al encabezar el acto de graduaci\u00f3n de unos 4,650 gu\u00edas juveniles del programa Progresando con Solidaridad (Prosoli). [&hellip;]<\/p>\n","protected":false},"author":3,"featured_media":0,"comment_status":"open","ping_status":"open","sticky":false,"template":"","format":"standard","meta":{"footnotes":""},"categories":[20],"tags":[],"class_list":["post-219519","post","type-post","status-publish","format-standard","hentry","category-dominicana-hoy"],"_links":{"self":[{"href":"https:\/\/diariodominicano.com\/index.php?rest_route=\/wp\/v2\/posts\/219519","targetHints":{"allow":["GET"]}}],"collection":[{"href":"https:\/\/diariodominicano.com\/index.php?rest_route=\/wp\/v2\/posts"}],"about":[{"href":"https:\/\/diariodominicano.com\/index.php?rest_route=\/wp\/v2\/types\/post"}],"author":[{"embeddable":true,"href":"https:\/\/diariodominicano.com\/index.php?rest_route=\/wp\/v2\/users\/3"}],"replies":[{"embeddable":true,"href":"https:\/\/diariodominicano.com\/index.php?rest_route=%2Fwp%2Fv2%2Fcomments&post=219519"}],"version-history":[{"count":0,"href":"https:\/\/diariodominicano.com\/index.php?rest_route=\/wp\/v2\/posts\/219519\/revisions"}],"wp:attachment":[{"href":"https:\/\/diariodominicano.com\/index.php?rest_route=%2Fwp%2Fv2%2Fmedia&parent=219519"}],"wp:term":[{"taxonomy":"category","embeddable":true,"href":"https:\/\/diariodominicano.com\/index.php?rest_route=%2Fwp%2Fv2%2Fcategories&post=219519"},{"taxonomy":"post_tag","embeddable":true,"href":"https:\/\/diariodominicano.com\/index.php?rest_route=%2Fwp%2Fv2%2Ftags&post=219519"}],"curies":[{"name":"wp","href":"https:\/\/api.w.org\/{rel}","templated":true}]}}