{"id":219516,"date":"2016-02-01T21:38:03","date_gmt":"2016-02-01T21:38:03","guid":{"rendered":"http:\/\/diariodominicano.ddns.net\/?p=219516"},"modified":"2016-02-01T21:38:03","modified_gmt":"2016-02-01T21:38:03","slug":"presidente-medina-ordena-reparar-calles-aceras-y-canadas-en-los-guandules","status":"publish","type":"post","link":"https:\/\/diariodominicano.com\/?p=219516","title":{"rendered":"Presidente Medina ordena reparar calles, aceras y ca\u00f1adas en Los Guandules"},"content":{"rendered":"<p><body><\/p>\n<p><img decoding=\"async\" src=\"img3\/guandules_0.jpg\" \/><br \/><img decoding=\"async\" src=\"img3\/los_guandules_0.jpg\" \/>  <\/p>\n<p><span class=\"text1noticias\">Santo Domingo, R. D., 2 de febrero.- El presidente Danilo Medina instruy\u00f3 para que sean intervenidos las calles, aceras, callejones y badenes del barrio Los Guandules del Distrito Nacional, con el objetivo de mejor las condiciones de vida de los residentes de ese sector.<\/span><\/p>\n<p><span class=\"text1noticias\"> <\/span><\/p>\n<p><span class=\"text1noticias\">Durante una visita que hizo el ministro Administrativo de la Presidencia, Jos\u00e9 Ram\u00f3n Peralta a Los Guandules, inform\u00f3 que  tambi\u00e9n se terminar\u00e1 el comedor del Centro Parroquial Domingo Sabio \u00abFe y Alegr\u00eda\u00bb y que se construir\u00e1 una cancha de basquetbol.<\/span><\/p>\n<p><span class=\"text1noticias\"> <\/span><\/p>\n<p><span class=\"text1noticias\">Peralta hizo el recorrido acompa\u00f1ado del Alcalde del Distrito Nacional, Roberto Salcedo; el director de la Oficina de Ingenieros Supervisores de Obras del Estado (OISOE), Francisco Pag\u00e1n Rodr\u00edguez y el director de la Corporaci\u00f3n de Acueducto y Alcantarillados de Santo Domingo, (CAASD), Alejandro Mont\u00e1s.<\/span><\/p>\n<p><span class=\"text1noticias\"> <\/span><\/p>\n<p><span class=\"text1noticias\">CAASD reforzar\u00e1 sistema de agua potable<\/span><\/p>\n<p><span class=\"text1noticias\"> <\/span><\/p>\n<p><span class=\"text1noticias\">El ministro Administrativo de la Presidencia dijo que la CAASD reforzar\u00e1 todo el sistema de agua potable de esa barriada, mediante la realizaci\u00f3n de empalmes y colocaci\u00f3n de nuevas tuber\u00edas y  que se terminar\u00e1 de sanear la ca\u00f1ada Bonavides.<\/span><\/p>\n<p><span class=\"text1noticias\"> <\/span><\/p>\n<p><span class=\"text1noticias\">Igualmente inform\u00f3 que el Ayuntamiento del Distrito Nacional crear\u00e1 nuevas rutas de recogida de basura e intervendr\u00e1 el mercadito de la avenida Francisco del Rosario S\u00e1nchez.<\/span><\/p>\n<p><span class=\"text1noticias\"> <\/span><\/p>\n<p><span class=\"text1noticias\">Presidente quiere mejorar vida de la gente<\/span><\/p>\n<p><span class=\"text1noticias\"> <\/span><\/p>\n<p><span class=\"text1noticias\">\u00abEl Presidente quiere mejorar la vida de la gente de los campos y los barrios de nuestro pa\u00eds. En diciembre del a\u00f1o pasado el presidente visit\u00f3 este sector y muchos de los lugare\u00f1os pidieron la reparaci\u00f3n de algunas calles y callejones, as\u00ed como los badenes y aceras que estaban en algunos sitios da\u00f1ados\u00bb, indic\u00f3 Peralta.<\/span><\/p>\n<p><span class=\"text1noticias\"> <\/span><\/p>\n<p><span class=\"text1noticias\">Con dignidad y esparcimiento<\/span><\/p>\n<p><span class=\"text1noticias\"> <\/span><\/p>\n<p><span class=\"text1noticias\">Agreg\u00f3 que Danilo Medina quiere que se vaya a los puntos cr\u00edticos y que la intervenci\u00f3n que se haga sea lo m\u00e1s r\u00e1pido posible. Precis\u00f3 que el gobernante quiere que la gente viva con dignidad y tenga el esparcimiento necesario.<\/span><\/p>\n<p><span class=\"text1noticias\"> <\/span><\/p>\n<p><span class=\"text1noticias\">De su lado, el director de la CAASD, Alejandro Mont\u00e1s explic\u00f3 que adem\u00e1s de la terminaci\u00f3n de la ca\u00f1ada Bonavides, se concluir\u00e1n los empalmes para mejorar y reforzar la presi\u00f3n del agua potable en la parte alta del sector donde no llega con presi\u00f3n.<\/span><\/p>\n<p><span class=\"text1noticias\"> <\/span><\/p>\n<p><span class=\"text1noticias\">\u00abTambi\u00e9n se est\u00e1n ejecutando los empalmes de 12 pulgadas y de 4 pulgadas en 400 metros. Con ese reforzamiento tendr\u00e1n agua, vamos a mejorar el sistema de agua potable para la escuela Domingo Sabio\u00bb, explic\u00f3 Mont\u00e1s.<\/span><\/p>\n<p><span class=\"text1noticias\"> <\/span><\/p>\n<p><span class=\"text1noticias\">Reparaci\u00f3n de viviendas<\/span><\/p>\n<p><span class=\"text1noticias\"> <\/span><\/p>\n<p><span class=\"text1noticias\">Por otro lado, Roberto Salcedo anunci\u00f3 que se iniciar\u00e1 un programa de reparaci\u00f3n de casas en Los Guandules.<\/span><\/p>\n<p><span class=\"text1noticias\"> <\/span><\/p>\n<p><span class=\"text1noticias\">\u00abLe estamos dando un seguimiento riguroso al compromiso que ha hecho el Presidente Medina. \u00c9l est\u00e1 muy pendiente a estos trabajos y vendr\u00e1 pr\u00f3ximamente para ver los resultados de estas visitas, para ver c\u00f3mo hemos operado todos estos pedidos que ha hecho la comunidad\u00bb, detall\u00f3 el alcalde del Distrito Nacional.<\/span><\/p>\n<p><span class=\"text1noticias\"> <\/span><\/p>\n<p><span class=\"text1noticias\">Intervendr\u00e1n mercado de Los Guandules<\/span><\/p>\n<p><span class=\"text1noticias\"> <\/span><\/p>\n<p><span class=\"text1noticias\">Afirm\u00f3 que el mercado de Los Guandules se volver\u00e1 a intervenir por el deterioro que presenta y que se han creado cinco empresas de vocaci\u00f3n comunitaria que se encargar\u00e1n de recoger la basura desde La Ci\u00e9naga hasta la Pulla de Arrollo Hondo.<\/span><\/p>\n<p><span class=\"text1noticias\"> <\/span><\/p>\n<p><span class=\"text1noticias\">Dijo que se pondr\u00e1 m\u00e1s vigilancia en la zona y se crear\u00e1n rutas adicionales para la recogida de la basura, lo que indic\u00f3 aumentar\u00e1 la frecuencia en la recogida de basura de la avenida Francisco del Rosario S\u00e1nchez.<\/span><\/p>\n<p><span class=\"text1noticias\"> <\/span><\/p>\n<p><span class=\"text1noticias\">En el encuentro participaron las comunitarias de Los Guandules, Jesusita Casilla S\u00e1nchez; el padre Aquiles Ozuna de la Parroquia Domingo Sabio; el vocero del Programa Vivir Tranquilo, Mario P\u00e9rez y las directoras del Centro Parroquial Domingo Sabio \u00abFe y Alegr\u00eda\u00bb, Daisy Rodr\u00edguez y Graciela Hern\u00e1ndez.<\/span><\/p>\n<p><span class=\"text1noticias\"> <\/span><\/p>\n<p><span class=\"text1noticias\">Agradecen al presidente Danilo Medina<\/span><\/p>\n<p><span class=\"text1noticias\"> <\/span><\/p>\n<p><span class=\"text1noticias\">Marino P\u00e9rez, comunitario de Los Guandules, agradeci\u00f3 al presidente Medina en nombre de la comunidad. <\/span><\/p>\n<p><span class=\"text1noticias\"> <\/span><\/p>\n<p><span class=\"text1noticias\">\u00abLe quiero dar las gracias al presidente y a sus funcionarios ver las inquietudes de nosotros los comunitarios. En nombre de la comunidad Los Guandules le damos las gracias\u00bb resalt\u00f3. <\/span><\/p>\n<p><span class=\"text1noticias\"> <\/span><\/p>\n<p><span class=\"text1noticias\">Estas acciones forman parte de los trabajos que est\u00e1 haciendo el gobierno de Danilo Medina por todos barrios y campos del pa\u00eds para mejorar la calida<\/span>d de vida de la gente.<\/p>\n<h6> 2016-02-01 21:38:03 <\/h6>\n<p><!--\n<link rel=\"stylesheet\" href=\"css\/bootstrap.min.css\">\n\n\n<ul class=\"pagination\">\n\t    \n\t\n\n<li >\n\t<a href='?page_no=13829'>Previous<\/a>\n\t<\/li>\n\n\n       \n    \n\n<li><a href='?page_no=1'>1<\/a><\/li>\n\n\n\n<li><a href='?page_no=2'>2<\/a><\/li>\n\n\n\n<li><a>...<\/a><\/li>\n\n\n\n<li><a href='?page_no=13828'>13828<\/a><\/li>\n\n\n\n<li><a href='?page_no=13829'>13829<\/a><\/li>\n\n\n\n<li class='active'><a>13830<\/a><\/li>\n\n\n\n<li><a href='?page_no=13831'>13831<\/a><\/li>\n\n\n\n<li><a href='?page_no=13832'>13832<\/a><\/li>\n\n\n\n<li><a>...<\/a><\/li>\n\n\n\n<li><a href='?page_no=56169'>56169<\/a><\/li>\n\n\n\n<li><a href='?page_no=56170'>56170<\/a><\/li>\n\n    \n\t\n\n<li >\n\t<a href='?page_no=13831'>Next<\/a>\n\t<\/li>\n\n\n    \n\n<li><a href='?page_no=56170'>Last &rsaquo;&rsaquo;<\/a><\/li>\n\n<\/ul>\n\n\n--><br \/>\n<\/body><\/p>\n","protected":false},"excerpt":{"rendered":"<p>Santo Domingo, R. D., 2 de febrero.- El presidente Danilo Medina instruy\u00f3 para que sean intervenidos las calles, aceras, callejones y badenes del barrio Los Guandules del Distrito Nacional, con el objetivo de mejor las condiciones de vida de los residentes de ese sector. Durante una visita que hizo el ministro Administrativo de la Presidencia, [&hellip;]<\/p>\n","protected":false},"author":3,"featured_media":0,"comment_status":"open","ping_status":"open","sticky":false,"template":"","format":"standard","meta":{"footnotes":""},"categories":[20],"tags":[],"class_list":["post-219516","post","type-post","status-publish","format-standard","hentry","category-dominicana-hoy"],"_links":{"self":[{"href":"https:\/\/diariodominicano.com\/index.php?rest_route=\/wp\/v2\/posts\/219516","targetHints":{"allow":["GET"]}}],"collection":[{"href":"https:\/\/diariodominicano.com\/index.php?rest_route=\/wp\/v2\/posts"}],"about":[{"href":"https:\/\/diariodominicano.com\/index.php?rest_route=\/wp\/v2\/types\/post"}],"author":[{"embeddable":true,"href":"https:\/\/diariodominicano.com\/index.php?rest_route=\/wp\/v2\/users\/3"}],"replies":[{"embeddable":true,"href":"https:\/\/diariodominicano.com\/index.php?rest_route=%2Fwp%2Fv2%2Fcomments&post=219516"}],"version-history":[{"count":0,"href":"https:\/\/diariodominicano.com\/index.php?rest_route=\/wp\/v2\/posts\/219516\/revisions"}],"wp:attachment":[{"href":"https:\/\/diariodominicano.com\/index.php?rest_route=%2Fwp%2Fv2%2Fmedia&parent=219516"}],"wp:term":[{"taxonomy":"category","embeddable":true,"href":"https:\/\/diariodominicano.com\/index.php?rest_route=%2Fwp%2Fv2%2Fcategories&post=219516"},{"taxonomy":"post_tag","embeddable":true,"href":"https:\/\/diariodominicano.com\/index.php?rest_route=%2Fwp%2Fv2%2Ftags&post=219516"}],"curies":[{"name":"wp","href":"https:\/\/api.w.org\/{rel}","templated":true}]}}