{"id":219513,"date":"2016-02-02T07:43:29","date_gmt":"2016-02-02T07:43:29","guid":{"rendered":"http:\/\/diariodominicano.ddns.net\/?p=219513"},"modified":"2016-02-02T07:43:29","modified_gmt":"2016-02-02T07:43:29","slug":"experto-espanol-antonio-fuertes-imparte-taller-en-el-caid-santiago","status":"publish","type":"post","link":"https:\/\/diariodominicano.com\/?p=219513","title":{"rendered":"Experto espa\u00f1ol Antonio Fuertes imparte taller en el CAID-Santiago"},"content":{"rendered":"<p><body><\/p>\n<p><img decoding=\"async\" src=\"img3\/espa 3.jpg\" \/><br \/><img decoding=\"async\" src=\"img3\/espa 1.jpg\" \/>  <\/p>\n<p>Santiago RD 2 febrero (DICOM) .- El Centro de Atenci\u00f3n Integral para la Discapacidad (CAID) en esta ciudad realiz\u00f3 el pasado fin de semana el Primer Taller de Formaci\u00f3n Continuada, impartido por el espa\u00f1ol Antonio Fuertes, profesor de la Universidad de Salamanca.<\/p>\n<\/p>\n<p><strong>Sensibilizaci\u00f3n de familias y colaboradores de calidad<\/strong><\/p>\n<\/p>\n<p>El taller dirigido a empleados, profesionales del \u00e1rea de la regi\u00f3n del Cibao, as\u00ed como a familiares de ni\u00f1os futuros usuarios de los servicios que ofrece esa entidad, es el primero de una serie de actividades formativas que desarrollar\u00e1 el CAID-Santiago, para promover la sensibilizaci\u00f3n de familias y colaboradores de calidad.<\/p>\n<\/p>\n<p><strong>Apoyo y solidaridad<\/strong><\/p>\n<\/p>\n<p>\u00abSe inscribe en el compromiso expreso de la primera dama, C\u00e1ndida Montilla de Medina de dar apoyo a las familias de ni\u00f1os y ni\u00f1as con discapacidad\u00bb, expres\u00f3 el doctor Guillermo \u00c1ngeles Fern\u00e1ndez, director del CAID-Santiago, al dirigirse a los presentes.<\/p>\n<\/p>\n<p><strong>\u00abLa teor\u00eda del apego\u00bb<\/strong><\/p>\n<\/p>\n<p>\u00abLa teor\u00eda del apego, aplicada en terapia a familias con un miembro con discapacidad\u00bb fue el t\u00edtulo del taller impartido por el especialista espa\u00f1ol Antonio Fuertes, Profesor de la Universidad de Salamanca.<\/p>\n<\/p>\n<p>Fuertes destac\u00f3 la importancia de que los padres y cuidadores de los ni\u00f1os con discapacidad sepan distinguir los signos del apego como teor\u00eda de la seguridad y proximidad en los infantes.<\/p>\n<\/p>\n<p><strong>Multiplicadores de conocimientos<\/strong><\/p>\n<\/p>\n<p>Adem\u00e1s del personal del CAID-Santiago, recibieron la formaci\u00f3n terapeutas y profesionales del \u00e1rea en los distintos pueblos de la regi\u00f3n del Cibao y que servir\u00e1n de multiplicadores de los conocimientos en sus respectivas comunidades.<\/p>\n<\/p>\n<p>Los participantes asisten a ni\u00f1os y ni\u00f1as con habilidades diferentes en las provincias Santiago Rodr\u00edguez, Valverde, Montecristi, Santiago, Puerto Plata, San Francisco de Macor\u00eds, Salcedo, Espaillat, La Vega y Monse\u00f1or Nouel.<\/p>\n<\/p>\n<p> A la actividad asistieron como invitados especiales, Fausto Mart\u00ednez, director del CAID-San Juan y Vanesa Espaillat, coordinadora de Maestr\u00eda en Psicolog\u00eda de la Universidad Iberoamericana (UNIBE).<\/p>\n<\/p>\n<p><strong>Agradecen a la Primera Dama<\/strong><\/p>\n<\/p>\n<p>Asistentes a la jornada de formaci\u00f3n valoraron la importancia de estos talleres y el trabajo de la primera dama, C\u00e1ndida Montilla de Medina, a trav\u00e9s de los diferentes programas que desarrolla su Despacho.<\/p>\n<\/p>\n<p>\u00abMuy interesante. Creo que nos va ayudar mucho, definitivamente que vamos a compartir esto con nuestros compa\u00f1eros y con los padres de los ni\u00f1os a los que ofrecemos servicios\u00bb, dijo Ruddy Bekker, presidenta de la fundaci\u00f3n \u00abCuidado Infantil Dominicano\u00bb, una de las asistentes a la actividad.<\/p>\n<\/p>\n<p>De igual manera se expres\u00f3 la se\u00f1ora Isabel Gonz\u00e1lez, madre de un ni\u00f1o con autismo. \u00abMe siento muy motivada y animada porque a trav\u00e9s de estos talleres los padres vamos a tener m\u00e1s conocimientos. Me comprometo a servir de portavoz para que las personas que lo necesitan, lo adquieran tambi\u00e9n, y yo seguir\u00e9 avanzando en mi experiencia para el cuidado de mi ni\u00f1o\u00bb.<\/p>\n<h6> 2016-02-02 07:43:29 <\/h6>\n<p><!--\n<link rel=\"stylesheet\" href=\"css\/bootstrap.min.css\">\n\n\n<ul class=\"pagination\">\n\t    \n\t\n\n<li >\n\t<a href='?page_no=13827'>Previous<\/a>\n\t<\/li>\n\n\n       \n    \n\n<li><a href='?page_no=1'>1<\/a><\/li>\n\n\n\n<li><a href='?page_no=2'>2<\/a><\/li>\n\n\n\n<li><a>...<\/a><\/li>\n\n\n\n<li><a href='?page_no=13826'>13826<\/a><\/li>\n\n\n\n<li><a href='?page_no=13827'>13827<\/a><\/li>\n\n\n\n<li class='active'><a>13828<\/a><\/li>\n\n\n\n<li><a href='?page_no=13829'>13829<\/a><\/li>\n\n\n\n<li><a href='?page_no=13830'>13830<\/a><\/li>\n\n\n\n<li><a>...<\/a><\/li>\n\n\n\n<li><a href='?page_no=56169'>56169<\/a><\/li>\n\n\n\n<li><a href='?page_no=56170'>56170<\/a><\/li>\n\n    \n\t\n\n<li >\n\t<a href='?page_no=13829'>Next<\/a>\n\t<\/li>\n\n\n    \n\n<li><a href='?page_no=56170'>Last &rsaquo;&rsaquo;<\/a><\/li>\n\n<\/ul>\n\n\n--><br \/>\n<\/body><\/p>\n","protected":false},"excerpt":{"rendered":"<p>Santiago RD 2 febrero (DICOM) .- El Centro de Atenci\u00f3n Integral para la Discapacidad (CAID) en esta ciudad realiz\u00f3 el pasado fin de semana el Primer Taller de Formaci\u00f3n Continuada, impartido por el espa\u00f1ol Antonio Fuertes, profesor de la Universidad de Salamanca. Sensibilizaci\u00f3n de familias y colaboradores de calidad El taller dirigido a empleados, profesionales [&hellip;]<\/p>\n","protected":false},"author":3,"featured_media":0,"comment_status":"open","ping_status":"open","sticky":false,"template":"","format":"standard","meta":{"footnotes":""},"categories":[20],"tags":[],"class_list":["post-219513","post","type-post","status-publish","format-standard","hentry","category-dominicana-hoy"],"_links":{"self":[{"href":"https:\/\/diariodominicano.com\/index.php?rest_route=\/wp\/v2\/posts\/219513","targetHints":{"allow":["GET"]}}],"collection":[{"href":"https:\/\/diariodominicano.com\/index.php?rest_route=\/wp\/v2\/posts"}],"about":[{"href":"https:\/\/diariodominicano.com\/index.php?rest_route=\/wp\/v2\/types\/post"}],"author":[{"embeddable":true,"href":"https:\/\/diariodominicano.com\/index.php?rest_route=\/wp\/v2\/users\/3"}],"replies":[{"embeddable":true,"href":"https:\/\/diariodominicano.com\/index.php?rest_route=%2Fwp%2Fv2%2Fcomments&post=219513"}],"version-history":[{"count":0,"href":"https:\/\/diariodominicano.com\/index.php?rest_route=\/wp\/v2\/posts\/219513\/revisions"}],"wp:attachment":[{"href":"https:\/\/diariodominicano.com\/index.php?rest_route=%2Fwp%2Fv2%2Fmedia&parent=219513"}],"wp:term":[{"taxonomy":"category","embeddable":true,"href":"https:\/\/diariodominicano.com\/index.php?rest_route=%2Fwp%2Fv2%2Fcategories&post=219513"},{"taxonomy":"post_tag","embeddable":true,"href":"https:\/\/diariodominicano.com\/index.php?rest_route=%2Fwp%2Fv2%2Ftags&post=219513"}],"curies":[{"name":"wp","href":"https:\/\/api.w.org\/{rel}","templated":true}]}}