{"id":219512,"date":"2016-02-02T09:10:33","date_gmt":"2016-02-02T09:10:33","guid":{"rendered":"http:\/\/diariodominicano.ddns.net\/?p=219512"},"modified":"2016-02-02T09:10:33","modified_gmt":"2016-02-02T09:10:33","slug":"fallece-vicealcalde-de-higuey-leandro-pina-objio","status":"publish","type":"post","link":"https:\/\/diariodominicano.com\/?p=219512","title":{"rendered":"Fallece vicealcalde de Hig\u00fcey, Leandro Pi\u00f1a Obj\u00edo"},"content":{"rendered":"<p><body><\/p>\n<p>HIGUEY, RD 2 febrero.- Falleci\u00f3 este martes el vicealcalde de esta localidad Leandro Pi\u00f1a Obj\u00edo, quien estaba afectado de c\u00e1ncer de colon.<\/p>\n<\/p>\n<p>El deceso ocurri\u00f3 mientras recib\u00eda tratamiento en una cl\u00ednica en Santo Domingo.<\/p>\n<\/p>\n<p>El presidente del concejo municipal, Reynaldo Caraballo, inform\u00f3 que el c\u00e1ncer le fue detectado hace algo m\u00e1s de un a\u00f1o.<\/p>\n<\/p>\n<p>Explic\u00f3 que el cabildo de Hig\u00fcey espera la decisi\u00f3n de la familia del fallecido para los honores correspondientes a su investidura.<\/p>\n<\/p>\n<p>Leandro Pi\u00f1a Obj\u00edo era nativo del municipio de Ban\u00ed, provincia Peravia, pero resid\u00eda en la ciudad de Hig\u00fcey, donde lleg\u00f3 como gerente del Banco Popular Dominicano.<\/p>\n<\/p>\n<p>Era ingeniero agr\u00f3nomo graduado de la Pontificia Universidad Cat\u00f3lica Madre y Maestra. Fue encargado de la Unidad de Desarrollo Rural del Ministerio de Agricultura durante nueve a\u00f1os.<\/p>\n<\/p>\n<p>Pi\u00f1a Obj\u00edo estuvo vinculado con el sector financiero desde 1985, era adem\u00e1s poeta, miembro de la Asociaci\u00f3n de Escritores de la Provincia La Altagracia y un fino pintor.<\/p>\n<h6> 2016-02-02 09:10:33 <\/h6>\n<p><!--\n<link rel=\"stylesheet\" href=\"css\/bootstrap.min.css\">\n\n\n<ul class=\"pagination\">\n\t    \n\t\n\n<li >\n\t<a href='?page_no=13826'>Previous<\/a>\n\t<\/li>\n\n\n       \n    \n\n<li><a href='?page_no=1'>1<\/a><\/li>\n\n\n\n<li><a href='?page_no=2'>2<\/a><\/li>\n\n\n\n<li><a>...<\/a><\/li>\n\n\n\n<li><a href='?page_no=13825'>13825<\/a><\/li>\n\n\n\n<li><a href='?page_no=13826'>13826<\/a><\/li>\n\n\n\n<li class='active'><a>13827<\/a><\/li>\n\n\n\n<li><a href='?page_no=13828'>13828<\/a><\/li>\n\n\n\n<li><a href='?page_no=13829'>13829<\/a><\/li>\n\n\n\n<li><a>...<\/a><\/li>\n\n\n\n<li><a href='?page_no=56169'>56169<\/a><\/li>\n\n\n\n<li><a href='?page_no=56170'>56170<\/a><\/li>\n\n    \n\t\n\n<li >\n\t<a href='?page_no=13828'>Next<\/a>\n\t<\/li>\n\n\n    \n\n<li><a href='?page_no=56170'>Last &rsaquo;&rsaquo;<\/a><\/li>\n\n<\/ul>\n\n\n--><br \/>\n<\/body><\/p>\n","protected":false},"excerpt":{"rendered":"<p>HIGUEY, RD 2 febrero.- Falleci\u00f3 este martes el vicealcalde de esta localidad Leandro Pi\u00f1a Obj\u00edo, quien estaba afectado de c\u00e1ncer de colon. El deceso ocurri\u00f3 mientras recib\u00eda tratamiento en una cl\u00ednica en Santo Domingo. El presidente del concejo municipal, Reynaldo Caraballo, inform\u00f3 que el c\u00e1ncer le fue detectado hace algo m\u00e1s de un a\u00f1o. Explic\u00f3 [&hellip;]<\/p>\n","protected":false},"author":3,"featured_media":0,"comment_status":"open","ping_status":"open","sticky":false,"template":"","format":"standard","meta":{"footnotes":""},"categories":[20],"tags":[],"class_list":["post-219512","post","type-post","status-publish","format-standard","hentry","category-dominicana-hoy"],"_links":{"self":[{"href":"https:\/\/diariodominicano.com\/index.php?rest_route=\/wp\/v2\/posts\/219512","targetHints":{"allow":["GET"]}}],"collection":[{"href":"https:\/\/diariodominicano.com\/index.php?rest_route=\/wp\/v2\/posts"}],"about":[{"href":"https:\/\/diariodominicano.com\/index.php?rest_route=\/wp\/v2\/types\/post"}],"author":[{"embeddable":true,"href":"https:\/\/diariodominicano.com\/index.php?rest_route=\/wp\/v2\/users\/3"}],"replies":[{"embeddable":true,"href":"https:\/\/diariodominicano.com\/index.php?rest_route=%2Fwp%2Fv2%2Fcomments&post=219512"}],"version-history":[{"count":0,"href":"https:\/\/diariodominicano.com\/index.php?rest_route=\/wp\/v2\/posts\/219512\/revisions"}],"wp:attachment":[{"href":"https:\/\/diariodominicano.com\/index.php?rest_route=%2Fwp%2Fv2%2Fmedia&parent=219512"}],"wp:term":[{"taxonomy":"category","embeddable":true,"href":"https:\/\/diariodominicano.com\/index.php?rest_route=%2Fwp%2Fv2%2Fcategories&post=219512"},{"taxonomy":"post_tag","embeddable":true,"href":"https:\/\/diariodominicano.com\/index.php?rest_route=%2Fwp%2Fv2%2Ftags&post=219512"}],"curies":[{"name":"wp","href":"https:\/\/api.w.org\/{rel}","templated":true}]}}