{"id":219511,"date":"2016-02-02T10:18:34","date_gmt":"2016-02-02T10:18:34","guid":{"rendered":"http:\/\/diariodominicano.ddns.net\/?p=219511"},"modified":"2016-02-02T10:18:34","modified_gmt":"2016-02-02T10:18:34","slug":"director-del-servicio-nacional-de-salud-anuncia-formacion-mesa-de-dialogo","status":"publish","type":"post","link":"https:\/\/diariodominicano.com\/?p=219511","title":{"rendered":"Director del Servicio Nacional de Salud anuncia formaci\u00f3n mesa de di\u00e1logo"},"content":{"rendered":"<p><body><\/p>\n<p><img decoding=\"async\" src=\"img3\/rado 1.jpeg\" \/><br \/><img decoding=\"async\" src=\"img3\/alva 1.jpg\" \/>  <\/p>\n<p>Santo Domingo RD 2 febrero.- El director del Servicio Nacional (SNS), Ram\u00f3n Alvarado, se reuni\u00f3 ayer con representantes de algunos gremios que no forman parte del plan de lucha liderado por el Colegio M\u00e9dico Dominicano (CMD), encuentro en que anunci\u00f3 la conformaci\u00f3n de una mesa de di\u00e1logo para buscar soluciones a las situaciones que afectan a profesionales, t\u00e9cnicos y personal administrativo del sector salud que forman parte de las entidades participantes.<\/p>\n<\/p>\n<p>Los gremios estuvieron representados por Julio C\u00e9sar Cruceta, secretario general del Sindicato Nacional de Trabajadores de Enfermer\u00eda (Sinatrae); Ana Isabel Herrera Plaza, de la Asociaci\u00f3n Farmac\u00e9utica Dominicana, y Argentina Abreu, del Sindicato Nacional de Trabajadores, T\u00e9cnico y Personal de Apoyo del Sector Salud (Sinatesa).<\/p>\n<\/p>\n<p>Tras concluir la reuni\u00f3n, los dirigentes gremiales dijeron que las demandas que hace el CMD y otros gremios son justas, pero que prefieren privilegiar el di\u00e1logo a favor de los servidores del sector salud.<\/p>\n<\/p>\n<p>Asimismo, Alvarado dijo que la mesa de di\u00e1logo lo que busca es alcanzar soluciones conjuntas y consensuadas a situaciones que afectan a profesionales, t\u00e9cnicos y personal administrativo del sector afiliado a esas organizaciones que participan en la misma, en pro de la mejora de la calidad de la atenci\u00f3n y la humanizaci\u00f3n de los servicios que se brinda a la poblaci\u00f3n.<\/p>\n<\/p>\n<p>En torno a los paros de labores que ha estado realizando el CMD y otros gremios de la salud, Alvarado dijo que se hab\u00eda reunido con ellos dando inicio a un proceso de di\u00e1logo y que para su sorpresa al d\u00eda siguiente de esa reuni\u00f3n anunciaron un paro de labores.<\/p>\n<\/p>\n<p>Dijo que con los gremios que participan en el di\u00e1logo se est\u00e1n discutiendo temas como la revisi\u00f3n y nombramiento del personal contratado que cobra por el desmonte de la cuota de recuperaci\u00f3n de los hospitales; revisi\u00f3n e inicio de cambio de designaci\u00f3n para los servidores que se hayan profesionalizado; as\u00ed como discutir en la mesa los temas de pensiones, seguro m\u00e9dico del personal de salud, y asignaci\u00f3n fija de personal que figura en la nomina interna, entre otros.<\/p>\n<\/p>\n<h6> 2016-02-02 10:18:34 <\/h6>\n<p><!--\n<link rel=\"stylesheet\" href=\"css\/bootstrap.min.css\">\n\n\n<ul class=\"pagination\">\n\t    \n\t\n\n<li >\n\t<a href='?page_no=13825'>Previous<\/a>\n\t<\/li>\n\n\n       \n    \n\n<li><a href='?page_no=1'>1<\/a><\/li>\n\n\n\n<li><a href='?page_no=2'>2<\/a><\/li>\n\n\n\n<li><a>...<\/a><\/li>\n\n\n\n<li><a href='?page_no=13824'>13824<\/a><\/li>\n\n\n\n<li><a href='?page_no=13825'>13825<\/a><\/li>\n\n\n\n<li class='active'><a>13826<\/a><\/li>\n\n\n\n<li><a href='?page_no=13827'>13827<\/a><\/li>\n\n\n\n<li><a href='?page_no=13828'>13828<\/a><\/li>\n\n\n\n<li><a>...<\/a><\/li>\n\n\n\n<li><a href='?page_no=56169'>56169<\/a><\/li>\n\n\n\n<li><a href='?page_no=56170'>56170<\/a><\/li>\n\n    \n\t\n\n<li >\n\t<a href='?page_no=13827'>Next<\/a>\n\t<\/li>\n\n\n    \n\n<li><a href='?page_no=56170'>Last &rsaquo;&rsaquo;<\/a><\/li>\n\n<\/ul>\n\n\n--><br \/>\n<\/body><\/p>\n","protected":false},"excerpt":{"rendered":"<p>Santo Domingo RD 2 febrero.- El director del Servicio Nacional (SNS), Ram\u00f3n Alvarado, se reuni\u00f3 ayer con representantes de algunos gremios que no forman parte del plan de lucha liderado por el Colegio M\u00e9dico Dominicano (CMD), encuentro en que anunci\u00f3 la conformaci\u00f3n de una mesa de di\u00e1logo para buscar soluciones a las situaciones que afectan [&hellip;]<\/p>\n","protected":false},"author":3,"featured_media":0,"comment_status":"open","ping_status":"open","sticky":false,"template":"","format":"standard","meta":{"footnotes":""},"categories":[20],"tags":[],"class_list":["post-219511","post","type-post","status-publish","format-standard","hentry","category-dominicana-hoy"],"_links":{"self":[{"href":"https:\/\/diariodominicano.com\/index.php?rest_route=\/wp\/v2\/posts\/219511","targetHints":{"allow":["GET"]}}],"collection":[{"href":"https:\/\/diariodominicano.com\/index.php?rest_route=\/wp\/v2\/posts"}],"about":[{"href":"https:\/\/diariodominicano.com\/index.php?rest_route=\/wp\/v2\/types\/post"}],"author":[{"embeddable":true,"href":"https:\/\/diariodominicano.com\/index.php?rest_route=\/wp\/v2\/users\/3"}],"replies":[{"embeddable":true,"href":"https:\/\/diariodominicano.com\/index.php?rest_route=%2Fwp%2Fv2%2Fcomments&post=219511"}],"version-history":[{"count":0,"href":"https:\/\/diariodominicano.com\/index.php?rest_route=\/wp\/v2\/posts\/219511\/revisions"}],"wp:attachment":[{"href":"https:\/\/diariodominicano.com\/index.php?rest_route=%2Fwp%2Fv2%2Fmedia&parent=219511"}],"wp:term":[{"taxonomy":"category","embeddable":true,"href":"https:\/\/diariodominicano.com\/index.php?rest_route=%2Fwp%2Fv2%2Fcategories&post=219511"},{"taxonomy":"post_tag","embeddable":true,"href":"https:\/\/diariodominicano.com\/index.php?rest_route=%2Fwp%2Fv2%2Ftags&post=219511"}],"curies":[{"name":"wp","href":"https:\/\/api.w.org\/{rel}","templated":true}]}}