{"id":219508,"date":"2016-02-02T16:30:32","date_gmt":"2016-02-02T16:30:32","guid":{"rendered":"http:\/\/diariodominicano.ddns.net\/?p=219508"},"modified":"2016-02-02T16:30:32","modified_gmt":"2016-02-02T16:30:32","slug":"con-saneamiento-de-canada-la-gente-de-el-arrozal-mejora-su-calidad-de-vida","status":"publish","type":"post","link":"https:\/\/diariodominicano.com\/?p=219508","title":{"rendered":"Con saneamiento de ca\u00f1ada, la gente de El Arrozal mejora su calidad de vida"},"content":{"rendered":"<p><body><\/p>\n<p><img decoding=\"async\" src=\"img3\/arrozal.jpg\" \/>  <\/p>\n<p><span class=\"text1noticias\">Santo Domingo, RD, 02 de febrero.-Los habitantes en El Arrozal y Los Cocos, en el sector La Ci\u00e9naga, ya pueden ponerse zapatos y caminar libremente por las calles luego del saneamiento de las ca\u00f1adas que atravesaban el popular barrio del Distrito Nacional.<\/span><\/p>\n<p><span class=\"text1noticias\"> <\/span><\/p>\n<p><span class=\"text1noticias\">\u00abAntes ten\u00edamos una ca\u00f1ada que pasaba por ah\u00ed, ahora tenemos una calle\u00bb, as\u00ed se expresa Jos\u00e9 Altagracia Genao, un alba\u00f1il que tiene 20 a\u00f1os residiendo en el lugar.<\/span><\/p>\n<p><span class=\"text1noticias\"> <\/span><\/p>\n<p><span class=\"text1noticias\"><strong>Brincando entre lagunas<\/strong><\/span><\/p>\n<\/p>\n<p><span class=\"text1noticias\">Recuerda que antes cuando llov\u00eda, el sector se convert\u00eda en un manantial de agua, los residentes ten\u00edan que caminar entre lagunas y muchas casas se inundaban.<\/span><\/p>\n<p><span class=\"text1noticias\"> <\/span><\/p>\n<p><span class=\"text1noticias\">Al valorar los trabajos de la reparaci\u00f3n de las ca\u00f1adas, Jos\u00e9 explica: \u00abesto es algo que ha sido bueno, porque no es lo mismo tener una ca\u00f1ada abierta que tenerla por abajo, si est\u00e1 por abajo, ya usted anda por encima de ella, antes era brincando que se andaba\u00bb.<\/span><\/p>\n<p><span class=\"text1noticias\"> <\/span><\/p>\n<p><span class=\"text1noticias\"><strong>Beneficio doble<\/strong><\/span><\/p>\n<\/p>\n<p><span class=\"text1noticias\">Para los trabajos de saneamiento de las ca\u00f1adas fue utilizada mano de obra de muchos residentes y entre ellos estuvo Jos\u00e9, quien trabaj\u00f3 durante cuatro meses, lo que le permiti\u00f3 resolver algunas cosas en el hogar.<\/span><\/p>\n<p><span class=\"text1noticias\"> <\/span><\/p>\n<p><span class=\"text1noticias\">\u00abPara m\u00ed el beneficio ha sido doble, porque hallamos algo que hacer y mejor\u00f3 el entorno de mi vivienda\u00bb, manifest\u00f3 con una expresi\u00f3n de alegr\u00eda.<\/span><\/p>\n<p><span class=\"text1noticias\"> <\/span><\/p>\n<p><span class=\"text1noticias\"><strong>M\u00e1s higiene y menos enfermedades<\/strong><\/span><\/p>\n<\/p>\n<p><span class=\"text1noticias\">S\u00e1nche Pinales Morillo habita en la zona desde el a\u00f1o 1986. Tiene seis hijos y califica el cambio que ha tenido La Ci\u00e9naga como my bueno.<\/span><\/p>\n<p><span class=\"text1noticias\"> <\/span><\/p>\n<p><span class=\"text1noticias\">\u00abAntes, usted se met\u00eda de ah\u00ed para all\u00e1 y hab\u00eda que pasarla cargada porque hab\u00eda mucho lodo, pero ahora yo veo que est\u00e1 m\u00e1s bonito esto ahora. ya la gente se puede poner sus zapatos y andar m\u00e1s limpiecito\u00bb.<\/span><\/p>\n<p><span class=\"text1noticias\"> <\/span><\/p>\n<p><span class=\"text1noticias\">Recuerda que las personas ten\u00edan que caminar entre agua cuando llov\u00eda porque las calles se inundaban y las ca\u00f1adas se desbordaban.<\/span><\/p>\n<p><span class=\"text1noticias\"> <\/span><\/p>\n<p><span class=\"text1noticias\">S\u00e1nche tambi\u00e9n analiza la soluci\u00f3n al problema de la insalubridad en la barriada ya que la basura y las aguas contaminadas quedar\u00e1n en el pasado.<\/span><\/p>\n<p><span class=\"text1noticias\"> <\/span><\/p>\n<p><span class=\"text1noticias\">Afirma que ahora los habitantes de La Ci\u00e9naga tendr\u00e1n menos enfermedades porque hay m\u00e1s higiene.<\/span><\/p>\n<p><span class=\"text1noticias\"> <\/span><\/p>\n<p><span class=\"text1noticias\"><strong>Motoconcho frente a la casa<\/strong><\/span><\/p>\n<\/p>\n<p><span class=\"text1noticias\">El transporte p\u00fablico m\u00e1s utilizado en La Ci\u00e9naga es el motoconcho. Ahora los pasajeros no tienen que caminar una gran distancia, pueden abordar el veh\u00edculo frente a su casa porque todos los callejones est\u00e1n conectados.<\/span><\/p>\n<p><span class=\"text1noticias\"><strong> <\/strong><\/span><\/p>\n<p><span class=\"text1noticias\"><strong>Comercio mejora notablemente<\/strong><\/span><\/p>\n<\/p>\n<p><span class=\"text1noticias\">Para el comerciante Pedro Herrera (Papito), quien reside en el barrio desde hace 27 a\u00f1os, sus actividades comerciales mejorar\u00e1n notablemente con el cierre de las ca\u00f1adas.<\/span><\/p>\n<p><span class=\"text1noticias\"> <\/span><\/p>\n<p><span class=\"text1noticias\">\u00abEstos trabajos est\u00e1n muy bien, ahora recibo las mercanc\u00edas con m\u00e1s facilidad\u00bb, expres\u00f3<\/span>.<\/p>\n<h6> 2016-02-02 16:30:32 <\/h6>\n<p><!--\n<link rel=\"stylesheet\" href=\"css\/bootstrap.min.css\">\n\n\n<ul class=\"pagination\">\n\t    \n\t\n\n<li >\n\t<a href='?page_no=13822'>Previous<\/a>\n\t<\/li>\n\n\n       \n    \n\n<li><a href='?page_no=1'>1<\/a><\/li>\n\n\n\n<li><a href='?page_no=2'>2<\/a><\/li>\n\n\n\n<li><a>...<\/a><\/li>\n\n\n\n<li><a href='?page_no=13821'>13821<\/a><\/li>\n\n\n\n<li><a href='?page_no=13822'>13822<\/a><\/li>\n\n\n\n<li class='active'><a>13823<\/a><\/li>\n\n\n\n<li><a href='?page_no=13824'>13824<\/a><\/li>\n\n\n\n<li><a href='?page_no=13825'>13825<\/a><\/li>\n\n\n\n<li><a>...<\/a><\/li>\n\n\n\n<li><a href='?page_no=56169'>56169<\/a><\/li>\n\n\n\n<li><a href='?page_no=56170'>56170<\/a><\/li>\n\n    \n\t\n\n<li >\n\t<a href='?page_no=13824'>Next<\/a>\n\t<\/li>\n\n\n    \n\n<li><a href='?page_no=56170'>Last &rsaquo;&rsaquo;<\/a><\/li>\n\n<\/ul>\n\n\n--><br \/>\n<\/body><\/p>\n","protected":false},"excerpt":{"rendered":"<p>Santo Domingo, RD, 02 de febrero.-Los habitantes en El Arrozal y Los Cocos, en el sector La Ci\u00e9naga, ya pueden ponerse zapatos y caminar libremente por las calles luego del saneamiento de las ca\u00f1adas que atravesaban el popular barrio del Distrito Nacional. \u00abAntes ten\u00edamos una ca\u00f1ada que pasaba por ah\u00ed, ahora tenemos una calle\u00bb, as\u00ed [&hellip;]<\/p>\n","protected":false},"author":3,"featured_media":0,"comment_status":"open","ping_status":"open","sticky":false,"template":"","format":"standard","meta":{"footnotes":""},"categories":[20],"tags":[],"class_list":["post-219508","post","type-post","status-publish","format-standard","hentry","category-dominicana-hoy"],"_links":{"self":[{"href":"https:\/\/diariodominicano.com\/index.php?rest_route=\/wp\/v2\/posts\/219508","targetHints":{"allow":["GET"]}}],"collection":[{"href":"https:\/\/diariodominicano.com\/index.php?rest_route=\/wp\/v2\/posts"}],"about":[{"href":"https:\/\/diariodominicano.com\/index.php?rest_route=\/wp\/v2\/types\/post"}],"author":[{"embeddable":true,"href":"https:\/\/diariodominicano.com\/index.php?rest_route=\/wp\/v2\/users\/3"}],"replies":[{"embeddable":true,"href":"https:\/\/diariodominicano.com\/index.php?rest_route=%2Fwp%2Fv2%2Fcomments&post=219508"}],"version-history":[{"count":0,"href":"https:\/\/diariodominicano.com\/index.php?rest_route=\/wp\/v2\/posts\/219508\/revisions"}],"wp:attachment":[{"href":"https:\/\/diariodominicano.com\/index.php?rest_route=%2Fwp%2Fv2%2Fmedia&parent=219508"}],"wp:term":[{"taxonomy":"category","embeddable":true,"href":"https:\/\/diariodominicano.com\/index.php?rest_route=%2Fwp%2Fv2%2Fcategories&post=219508"},{"taxonomy":"post_tag","embeddable":true,"href":"https:\/\/diariodominicano.com\/index.php?rest_route=%2Fwp%2Fv2%2Ftags&post=219508"}],"curies":[{"name":"wp","href":"https:\/\/api.w.org\/{rel}","templated":true}]}}