{"id":219507,"date":"2016-02-02T16:43:22","date_gmt":"2016-02-02T16:43:22","guid":{"rendered":"http:\/\/diariodominicano.ddns.net\/?p=219507"},"modified":"2016-02-02T16:43:22","modified_gmt":"2016-02-02T16:43:22","slug":"valoran-inicio-construccion-funeraria","status":"publish","type":"post","link":"https:\/\/diariodominicano.com\/?p=219507","title":{"rendered":"Valoran inicio construcci\u00f3n funeraria"},"content":{"rendered":"<p><body><\/p>\n<p><img decoding=\"async\" src=\"img3\/LORENZA.JPG\" \/>  <\/p>\n<p><span class=\"text1noticias\">Fantino, S\u00e1nchez Ram\u00edrez, RD, 2 de Febrero.- La alcaldesa de este municipio, profesora Lorenza Rojas, dijo que se siente satisfecha por haber iniciado la construcci\u00f3n de una funeraria municipal, para ofrecer ese importante servicio a la comunidad en esas horas de dolor cuando la familia pierde a un ser querido.<\/span><\/p>\n<\/p>\n<p><span class=\"text1noticias\">Rojas explic\u00f3 que adem\u00e1s de la funeraria, se est\u00e1 buscando un consenso con todos los sectores que interact\u00faan en Fantino, incluyendo juntas de vecinos y los padres y amigos de las escuelas, para tratar de trasladar el viejo vertedero, por las tantas contaminaciones que este vierte hacia el centro de este pueblo.<\/span><\/p>\n<\/p>\n<p><span class=\"text1noticias\">Record\u00f3 que hace un tiempo se hicieron los estudios correspondientes para la nueva ubicaci\u00f3n del vertedero moderno, contemplado poner en operaci\u00f3n en cualquier momento, en un lugar donde no contamine el medio ambiente ni afecte la salud de la gente.<\/span><\/p>\n<\/p>\n<p><span class=\"text1noticias\">Las instituciones que realizaron las investigaciones son el Ministerio de Medio Ambiente, el cuerpo de bomberos local y la Cruz Roja, y otras, seg\u00fan informaci\u00f3n suministrada por Departamento de Prensa del cabildo, que dirige el periodista Osvaldo Brito.<\/span><\/p>\n<\/p>\n<p><span class=\"text1noticias\">La ejecutiva municipal aprovech\u00f3 para agradecer a la Alcald\u00eda de Santiago, en la persona del alcalde Gilberto Serulle, por el apoyo que \u00e9ste le ha estado dando al ayuntamiento local, en particular para la edificaci\u00f3n de la funeraria.<\/span><\/p>\n<\/p>\n<p><span class=\"text1noticias\">Lorenza Rojas inform\u00f3 que entre ella y el alcalde Gilberto Serulle firmaron un acuerdo de hermandad, es decir de apoyo mutuo,  del cual se mostr\u00f3 muy agradecida<\/span>.<\/p>\n<h6> 2016-02-02 16:43:22 <\/h6>\n<p><!--\n<link rel=\"stylesheet\" href=\"css\/bootstrap.min.css\">\n\n\n<ul class=\"pagination\">\n\t    \n\t\n\n<li >\n\t<a href='?page_no=13821'>Previous<\/a>\n\t<\/li>\n\n\n       \n    \n\n<li><a href='?page_no=1'>1<\/a><\/li>\n\n\n\n<li><a href='?page_no=2'>2<\/a><\/li>\n\n\n\n<li><a>...<\/a><\/li>\n\n\n\n<li><a href='?page_no=13820'>13820<\/a><\/li>\n\n\n\n<li><a href='?page_no=13821'>13821<\/a><\/li>\n\n\n\n<li class='active'><a>13822<\/a><\/li>\n\n\n\n<li><a href='?page_no=13823'>13823<\/a><\/li>\n\n\n\n<li><a href='?page_no=13824'>13824<\/a><\/li>\n\n\n\n<li><a>...<\/a><\/li>\n\n\n\n<li><a href='?page_no=56169'>56169<\/a><\/li>\n\n\n\n<li><a href='?page_no=56170'>56170<\/a><\/li>\n\n    \n\t\n\n<li >\n\t<a href='?page_no=13823'>Next<\/a>\n\t<\/li>\n\n\n    \n\n<li><a href='?page_no=56170'>Last &rsaquo;&rsaquo;<\/a><\/li>\n\n<\/ul>\n\n\n--><br \/>\n<\/body><\/p>\n","protected":false},"excerpt":{"rendered":"<p>Fantino, S\u00e1nchez Ram\u00edrez, RD, 2 de Febrero.- La alcaldesa de este municipio, profesora Lorenza Rojas, dijo que se siente satisfecha por haber iniciado la construcci\u00f3n de una funeraria municipal, para ofrecer ese importante servicio a la comunidad en esas horas de dolor cuando la familia pierde a un ser querido. Rojas explic\u00f3 que adem\u00e1s de [&hellip;]<\/p>\n","protected":false},"author":3,"featured_media":0,"comment_status":"open","ping_status":"open","sticky":false,"template":"","format":"standard","meta":{"footnotes":""},"categories":[20],"tags":[],"class_list":["post-219507","post","type-post","status-publish","format-standard","hentry","category-dominicana-hoy"],"_links":{"self":[{"href":"https:\/\/diariodominicano.com\/index.php?rest_route=\/wp\/v2\/posts\/219507","targetHints":{"allow":["GET"]}}],"collection":[{"href":"https:\/\/diariodominicano.com\/index.php?rest_route=\/wp\/v2\/posts"}],"about":[{"href":"https:\/\/diariodominicano.com\/index.php?rest_route=\/wp\/v2\/types\/post"}],"author":[{"embeddable":true,"href":"https:\/\/diariodominicano.com\/index.php?rest_route=\/wp\/v2\/users\/3"}],"replies":[{"embeddable":true,"href":"https:\/\/diariodominicano.com\/index.php?rest_route=%2Fwp%2Fv2%2Fcomments&post=219507"}],"version-history":[{"count":0,"href":"https:\/\/diariodominicano.com\/index.php?rest_route=\/wp\/v2\/posts\/219507\/revisions"}],"wp:attachment":[{"href":"https:\/\/diariodominicano.com\/index.php?rest_route=%2Fwp%2Fv2%2Fmedia&parent=219507"}],"wp:term":[{"taxonomy":"category","embeddable":true,"href":"https:\/\/diariodominicano.com\/index.php?rest_route=%2Fwp%2Fv2%2Fcategories&post=219507"},{"taxonomy":"post_tag","embeddable":true,"href":"https:\/\/diariodominicano.com\/index.php?rest_route=%2Fwp%2Fv2%2Ftags&post=219507"}],"curies":[{"name":"wp","href":"https:\/\/api.w.org\/{rel}","templated":true}]}}