{"id":219503,"date":"2016-02-02T21:01:39","date_gmt":"2016-02-02T21:01:39","guid":{"rendered":"http:\/\/diariodominicano.ddns.net\/?p=219503"},"modified":"2016-02-02T21:01:39","modified_gmt":"2016-02-02T21:01:39","slug":"promesa-cumplida-vecinos-de-la-cienaga-reciben-saneada-la-canada-el-arrozal","status":"publish","type":"post","link":"https:\/\/diariodominicano.com\/?p=219503","title":{"rendered":"\u00a1Promesa cumplida!, vecinos de La Ci\u00e9naga reciben saneada la ca\u00f1ada El Arrozal"},"content":{"rendered":"<p><body><\/p>\n<p><img decoding=\"async\" src=\"img3\/Arrozal1_c.jpg\" \/><br \/><img decoding=\"async\" src=\"img3\/Arrozal2_c.jpg\" \/><br \/><img decoding=\"async\" src=\"img3\/Arrozal3_c.jpg\" \/>  <\/p>\n<p><span class=\"text1noticias\">Santo Domingo, R. D., 2 de febrero (DICOM).- Bastaron solo siete meses para que se hiciera realidad la promesa del presidente Danilo Medina y el anhelado sue\u00f1o de los vecinos de La Ci\u00e9naga de sanear la ca\u00f1ada El Arrozal.<\/span><\/p>\n<p><span class=\"text1noticias\"> <\/span><\/p>\n<p><span class=\"text1noticias\">En una ceremonia encabezada por el jefe de Estado y ante la alegr\u00eda de los comunitarios, fueron inaugurados este martes los trabajos que tambi\u00e9n incluyeron la reparaci\u00f3n y reconstrucci\u00f3n de 79 viviendas de la zona beneficiada, enclavada al noreste del Distrito Nacional.<\/span><\/p>\n<p><span class=\"text1noticias\"> <\/span><\/p>\n<p><span class=\"text1noticias\">Otras obras para La Ci\u00e9naga<\/span><\/p>\n<p><span class=\"text1noticias\"> <\/span><\/p>\n<p><span class=\"text1noticias\">Igualmente, Danilo Medina entreg\u00f3 a los mun\u00edcipes de la barriada, una escuela vocacional para la formaci\u00f3n t\u00e9cnica de los j\u00f3venes, la construcci\u00f3n de una cancha  deportiva, la reparaci\u00f3n de la calle Clar\u00edn, el reforzamiento del sistema de abastecimiento de agua y el reacondicionado de la planta de tratamiento de aguas residuales.<\/span><\/p>\n<p><span class=\"text1noticias\"> <\/span><\/p>\n<p><span class=\"text1noticias\">Fruto de una visita sorpresa<\/span><\/p>\n<p><span class=\"text1noticias\"> <\/span><\/p>\n<p><span class=\"text1noticias\">El saneamiento de la ca\u00f1ada fue prometida en el mes de junio del pasado a\u00f1o por el gobernante, quien atendiendo a una solicitud del p\u00e1rroco de la comunidad, Sacerdote  Edward Figuereo, hizo una visita sorpresa, donde al contactar la dif\u00edcil situaci\u00f3n que enfrentaban los residentes del sector en su d\u00eda a d\u00eda con la ca\u00f1ada, dispuso el inmediato saneamiento pluvial y sanitario de la misma.<\/span><\/p>\n<p><span class=\"text1noticias\"> <\/span><\/p>\n<p><span class=\"text1noticias\">7,742 beneficiados<\/span><\/p>\n<p><span class=\"text1noticias\"> <\/span><\/p>\n<p><span class=\"text1noticias\">La importante obra de infraestructura impactar\u00e1 positivamente a unas 7,742 personas residentes en las barriadas La Ci\u00e9naga, Los Cocos, El Arrozal y Guachupita y consisti\u00f3 en la construcci\u00f3n de 11,000 metros cuadrados de carpeta en hormig\u00f3n, construcci\u00f3n de 2,250 metros de contenes y 1,180 metros cuadrados de aceras.<\/span><\/p>\n<p><span class=\"text1noticias\"> <\/span><\/p>\n<p><span class=\"text1noticias\">De las 79 viviendas intervenidas, 44 fueron reconstruidas en blocks y madera con techo de zinc y pisos de cemento, mientras que las restantes 35 casas de los sectores beneficiados recibieron reparaciones menores.<\/span><\/p>\n<p><span class=\"text1noticias\"> <\/span><\/p>\n<p><span class=\"text1noticias\">Gobernante cercano que escucha a su pueblo<\/span><\/p>\n<p><span class=\"text1noticias\"> <\/span><\/p>\n<p><span class=\"text1noticias\">En nombre de la comunidad agradeci\u00f3 por las obras F\u00e9lix Quiroz, quien defini\u00f3 a Danilo Medina como un presidente que escucha a su pueblo y cercano a la gente, condiciones humanas que lo est\u00e1n llevando a realizar el gobierno que Juan Bosch so\u00f1\u00f3.<\/span><\/p>\n<p><span class=\"text1noticias\"> <\/span><\/p>\n<p><span class=\"text1noticias\">Para el dirigente comunitario, el Gobierno est\u00e1 forjando d\u00eda tras d\u00eda una Rep\u00fablica Dominicana mucho m\u00e1s justa para todos, oyendo las necesidades del pueblo y haciendo las peque\u00f1as, pero importantes obras.<\/span><\/p>\n<p><span class=\"text1noticias\"> <\/span><\/p>\n<p><span class=\"text1noticias\">Una buena voluntad pol\u00edtica de Danilo Medina<\/span><\/p>\n<p><span class=\"text1noticias\"> <\/span><\/p>\n<p><span class=\"text1noticias\">Al momento de bendecir por el saneamiento  de la Ca\u00f1ada El Arrozal, el sacerdote Edward Figuereo, se\u00f1al\u00f3 que todo lo que ha hecho el Gobierno y lo que falta por hacer es fruto de la buena voluntad pol\u00edtica del presidente Danilo Medina.<\/span><\/p>\n<p><span class=\"text1noticias\"> <\/span><\/p>\n<p><span class=\"text1noticias\">\u00abEntonces, quiero dar gracias a Dios por usted se\u00f1or Danilo Medina, por dar respuestas a nuestras necesidades\u00bb, se\u00f1al\u00f3 el l\u00edder religioso, quien dijo que la comunidad estar\u00e1 bien agradecida del Gobierno y sus funcionarios.<\/span><\/p>\n<p><span class=\"text1noticias\"> <\/span><\/p>\n<p><span class=\"text1noticias\">Obra de alta rentabilidad social<\/span><\/p>\n<p><span class=\"text1noticias\"> <\/span><\/p>\n<p><span class=\"text1noticias\">Al hablar a los presentes, el director general de la CAASD, arquitecto Alejandro  Mont\u00e1s, sostuvo que el saneamiento de la quebrada es una obra de alta rentabilidad social que fomentar\u00e1 sustancialmente las microempresas en esta parte.<\/span><\/p>\n<p><span class=\"text1noticias\"> <\/span><\/p>\n<p><span class=\"text1noticias\">El funcionario destac\u00f3  que esta obra mejorar\u00e1 la salud f\u00edsica y ambiental de los vecinos, quienes a su vez elevar\u00e1n su calidad de vida y reducir\u00e1n la delincuencia, por lo que estar\u00e1n m\u00e1s tranquilos, m\u00e1s seguros y m\u00e1s felices.<\/span><\/p>\n<p><span class=\"text1noticias\"> <\/span><\/p>\n<p><span class=\"text1noticias\">Cambio espectacular; sensibilidad, generosidad y compromiso social<\/span><\/p>\n<p><span class=\"text1noticias\"> <\/span><\/p>\n<p><span class=\"text1noticias\">En la ceremonia tambi\u00e9n se dirigi\u00f3 a los presentes el alcalde del Distrito Nacional, Roberto Salcedo, quien observ\u00f3 que en los \u00faltimos a\u00f1os La Ci\u00e9naga ha registrado un cambio espectacular, gracias a la sensibilidad, la generosidad y el compromiso social de Danilo Medina quien puso su vista en este sector y ha realizado importantes infraestructuras.<\/span><\/p>\n<p><span class=\"text1noticias\"> <\/span><\/p>\n<p><span class=\"text1noticias\">Escuela vocacional posee cinco aulas<\/span><\/p>\n<p><span class=\"text1noticias\"> <\/span><\/p>\n<p><span class=\"text1noticias\">La remodelada escuela vocacional La Ci\u00e9naga posee cinco aulas que brindar\u00e1n la oportunidad a 470  j\u00f3venes del sector de estudiar diversas carreras t\u00e9cnicas, entre ellas electricidad residencial, cocina, corte, costura y sal\u00f3n de belleza, inform\u00e1tica, ingl\u00e9s y bisuter\u00eda, proclam\u00f3 el general Luis Pay\u00e1n D\u00edaz, director de  las Escuelas Vocacionales de las Fuerzas Armadas y la Polic\u00eda Nacional.<\/span><\/p>\n<p><span class=\"text1noticias\"> <\/span><\/p>\n<p><span class=\"text1noticias\">Designa comisi\u00f3n; har\u00e1 censo para reparar viviendas<\/span><\/p>\n<p><span class=\"text1noticias\"> <\/span><\/p>\n<p><span class=\"text1noticias\">El presidente Danilo Medina design\u00f3 una amplia comitiva que tendr\u00e1 la tarea de realizar un censo con el prop\u00f3sito de determinar cu\u00e1les viviendas del sector requieren ser reparadas, a fin de proceder de inmediato.<\/span><\/p>\n<p><span class=\"text1noticias\"> <\/span><\/p>\n<p><span class=\"text1noticias\">Dicha comitiva la integran el ministro de Defensa, M\u00e1ximo William Mu\u00f1oz Delgado; el director de la CAASD, Alejandro Mont\u00e1s; el padre Eduard Figueroa; el pastor F\u00e9lix Quiroz, as\u00ed como otros dirigentes comunitarios y religiosos de la zona.<\/span><\/p>\n<p><span class=\"text1noticias\"> <\/span><\/p>\n<p><span class=\"text1noticias\">En  ceremonia inaugural acompa\u00f1aron a Danilo Medina, los ministros Administrativo de la Presidencia, Jos\u00e9 Ram\u00f3n Peralta; de Defensa, teniente general M\u00e1ximo Mu\u00f1oz Delgado y de Agricultura \u00c1ngel Est\u00e9vez, as\u00ed como su asistente especial, Robert de la Cruz.<\/span><\/p>\n<p><span class=\"text1noticias\"> <\/span><\/p>\n<p><span class=\"text1noticias\">Tambi\u00e9n, los directores de la Oficina de Ingenieros Supervisores de Obras del Estado, Francisco Pag\u00e1n; de Presupuesto, Luis Reyes; del Instituto Nacional de Aguas Potables y Alcantarillado, Horacio Mazara; de Edeeste, Luis de Le\u00f3n; de  LA Corporaci\u00f3n de Acueducto y Alcantarillado de Boca Chica, Ferm\u00edn Brito, legisladores y dirigentes comunitari<\/span>os de la zona, entre otros.<\/p>\n<h6> 2016-02-02 21:01:39 <\/h6>\n<p><!--\n<link rel=\"stylesheet\" href=\"css\/bootstrap.min.css\">\n\n\n<ul class=\"pagination\">\n\t    \n\t\n\n<li >\n\t<a href='?page_no=13818'>Previous<\/a>\n\t<\/li>\n\n\n       \n    \n\n<li><a href='?page_no=1'>1<\/a><\/li>\n\n\n\n<li><a href='?page_no=2'>2<\/a><\/li>\n\n\n\n<li><a>...<\/a><\/li>\n\n\n\n<li><a href='?page_no=13817'>13817<\/a><\/li>\n\n\n\n<li><a href='?page_no=13818'>13818<\/a><\/li>\n\n\n\n<li class='active'><a>13819<\/a><\/li>\n\n\n\n<li><a href='?page_no=13820'>13820<\/a><\/li>\n\n\n\n<li><a href='?page_no=13821'>13821<\/a><\/li>\n\n\n\n<li><a>...<\/a><\/li>\n\n\n\n<li><a href='?page_no=56169'>56169<\/a><\/li>\n\n\n\n<li><a href='?page_no=56170'>56170<\/a><\/li>\n\n    \n\t\n\n<li >\n\t<a href='?page_no=13820'>Next<\/a>\n\t<\/li>\n\n\n    \n\n<li><a href='?page_no=56170'>Last &rsaquo;&rsaquo;<\/a><\/li>\n\n<\/ul>\n\n\n--><br \/>\n<\/body><\/p>\n","protected":false},"excerpt":{"rendered":"<p>Santo Domingo, R. D., 2 de febrero (DICOM).- Bastaron solo siete meses para que se hiciera realidad la promesa del presidente Danilo Medina y el anhelado sue\u00f1o de los vecinos de La Ci\u00e9naga de sanear la ca\u00f1ada El Arrozal. En una ceremonia encabezada por el jefe de Estado y ante la alegr\u00eda de los comunitarios, [&hellip;]<\/p>\n","protected":false},"author":3,"featured_media":0,"comment_status":"open","ping_status":"open","sticky":false,"template":"","format":"standard","meta":{"footnotes":""},"categories":[20],"tags":[],"class_list":["post-219503","post","type-post","status-publish","format-standard","hentry","category-dominicana-hoy"],"_links":{"self":[{"href":"https:\/\/diariodominicano.com\/index.php?rest_route=\/wp\/v2\/posts\/219503","targetHints":{"allow":["GET"]}}],"collection":[{"href":"https:\/\/diariodominicano.com\/index.php?rest_route=\/wp\/v2\/posts"}],"about":[{"href":"https:\/\/diariodominicano.com\/index.php?rest_route=\/wp\/v2\/types\/post"}],"author":[{"embeddable":true,"href":"https:\/\/diariodominicano.com\/index.php?rest_route=\/wp\/v2\/users\/3"}],"replies":[{"embeddable":true,"href":"https:\/\/diariodominicano.com\/index.php?rest_route=%2Fwp%2Fv2%2Fcomments&post=219503"}],"version-history":[{"count":0,"href":"https:\/\/diariodominicano.com\/index.php?rest_route=\/wp\/v2\/posts\/219503\/revisions"}],"wp:attachment":[{"href":"https:\/\/diariodominicano.com\/index.php?rest_route=%2Fwp%2Fv2%2Fmedia&parent=219503"}],"wp:term":[{"taxonomy":"category","embeddable":true,"href":"https:\/\/diariodominicano.com\/index.php?rest_route=%2Fwp%2Fv2%2Fcategories&post=219503"},{"taxonomy":"post_tag","embeddable":true,"href":"https:\/\/diariodominicano.com\/index.php?rest_route=%2Fwp%2Fv2%2Ftags&post=219503"}],"curies":[{"name":"wp","href":"https:\/\/api.w.org\/{rel}","templated":true}]}}