{"id":219498,"date":"2016-02-03T14:03:59","date_gmt":"2016-02-03T14:03:59","guid":{"rendered":"http:\/\/diariodominicano.ddns.net\/?p=219498"},"modified":"2016-02-03T14:03:59","modified_gmt":"2016-02-03T14:03:59","slug":"ottt-reafirma-compromiso-con-regulacion-y-educacion-para-el-transporte","status":"publish","type":"post","link":"https:\/\/diariodominicano.com\/?p=219498","title":{"rendered":"OTTT reafirma compromiso con regulaci\u00f3n y educaci\u00f3n para el transporte"},"content":{"rendered":"<p><body><\/p>\n<p><img decoding=\"async\" src=\"img3\/Mojica.jpg\" \/>  <\/p>\n<p><span class=\"text1noticias\">Santo Domingo, RD, 3 de Febrero.-El director de la Oficina T\u00e9cnica de Transporte Terrestre (OTTT), destac\u00f3 los aportes que hicieron al pa\u00eds los tres padres de la Patria, Juan Pablo Duarte, Francisco del Rosario S\u00e1nchez y Mat\u00edas Ram\u00f3n Mella, porque fueron los que contribuyeron a que hoy haya libertad y \u00abgocemos de nuestra soberan\u00eda\u00bb. <\/span><\/p>\n<\/p>\n<p><span class=\"text1noticias\">El licenciado H\u00e9tor Mojica habl\u00f3 durante una Ofrenda Floral en el Altar de la Patria, en honor a los forjadores de la Independencia Nacional, en ocasi\u00f3n de conmemorarse el mes de la patria.<\/span><\/p>\n<\/p>\n<p><span class=\"text1noticias\">\u00abFrente a los fundadores de la patria reafirmamos el compromiso de la OTTT por regular el transporte interurbano de pasajeros, as\u00ed como educar a los motoconchistas, estudiantes y ch\u00f3feres del transporte p\u00fablico con los cursos que frecuentemente impartimos\u00bb, dijo Mojica.<\/span><\/p>\n<\/p>\n<p><span class=\"text1noticias\">\u00abCada d\u00eda decenas de conflictos son solucionados por la OTTT a base del dialogo, se dise\u00f1an planes y estudios, se ofrece apoyo a los que viven del Motoconcho, se imparten miles de horas en cursos de educaci\u00f3n vial y se regula el transporte dentro de los pueblos y de ellos desde y hacia el Distrito Nacional\u00bb.<\/span><\/p>\n<p><span class=\"text1noticias\"> <\/span><\/p>\n<p><span class=\"text1noticias\"> \u00abAprovechamos este mes de la patria para llamar a los transportistas a convivir en paz, ya que el pa\u00eds nos necesita unidos para mejorar la movilidad en nuestras calles\u00bb, sostuvo.<\/span><\/p>\n<\/p>\n<p><span class=\"text1noticias\">Al conmemorarse el 172 aniversario de la independencia y 203 del natalicio de Juan Pablo Duarte, Mojica agreg\u00f3 \u00abque debemos tener presente los ideales de nuestros padres fundadores, dando un servicio con calidad, sin importar bander\u00eda pol\u00edtica, sino las necesidades de nuestro pueblo\u00bb.<\/span><\/p>\n<\/p>\n<p><span class=\"text1noticias\">Al solemne Mausoleo del Altar de la Patria, asistieron subdirectores, encargados departamentales y empleados de la OTTT, para reverencial a los hombres  que con su arrojo y gallard\u00eda lucharon para entregar a los dominicanos  una naci\u00f3n libre y soberana, con sus propios emblemas.<\/span><\/p>\n<p><span class=\"text1noticias\">Con estos actos, que abarcan desde el 26 de enero y culminan el 27 de febrero, la Comisi\u00f3n Permanente de Efem\u00e9rides Patrias (CPEP) conmemora el aniversario del natalicio del patricio Juan Pablo Duarte y la Independencia Nacional.<\/span><\/p>\n<\/p>\n<p><span class=\"text1noticias\">La ofrenda floral depositada por la OTTT y el lanzamiento al aire de globos en la parte frontal de la instituci\u00f3n, se inscribe dentro del calendario de actividades programadas por la Comisi\u00f3n Permanente de Efem\u00e9rides Patrias, con motivo de celebrarse el \u00abMes de la patria\u00bb, del 26 de enero al 27 de febrero<\/span>.<\/p>\n<h6> 2016-02-03 14:03:59 <\/h6>\n<p><!--\n<link rel=\"stylesheet\" href=\"css\/bootstrap.min.css\">\n\n\n<ul class=\"pagination\">\n\t    \n\t\n\n<li >\n\t<a href='?page_no=13813'>Previous<\/a>\n\t<\/li>\n\n\n       \n    \n\n<li><a href='?page_no=1'>1<\/a><\/li>\n\n\n\n<li><a href='?page_no=2'>2<\/a><\/li>\n\n\n\n<li><a>...<\/a><\/li>\n\n\n\n<li><a href='?page_no=13812'>13812<\/a><\/li>\n\n\n\n<li><a href='?page_no=13813'>13813<\/a><\/li>\n\n\n\n<li class='active'><a>13814<\/a><\/li>\n\n\n\n<li><a href='?page_no=13815'>13815<\/a><\/li>\n\n\n\n<li><a href='?page_no=13816'>13816<\/a><\/li>\n\n\n\n<li><a>...<\/a><\/li>\n\n\n\n<li><a href='?page_no=56169'>56169<\/a><\/li>\n\n\n\n<li><a href='?page_no=56170'>56170<\/a><\/li>\n\n    \n\t\n\n<li >\n\t<a href='?page_no=13815'>Next<\/a>\n\t<\/li>\n\n\n    \n\n<li><a href='?page_no=56170'>Last &rsaquo;&rsaquo;<\/a><\/li>\n\n<\/ul>\n\n\n--><br \/>\n<\/body><\/p>\n","protected":false},"excerpt":{"rendered":"<p>Santo Domingo, RD, 3 de Febrero.-El director de la Oficina T\u00e9cnica de Transporte Terrestre (OTTT), destac\u00f3 los aportes que hicieron al pa\u00eds los tres padres de la Patria, Juan Pablo Duarte, Francisco del Rosario S\u00e1nchez y Mat\u00edas Ram\u00f3n Mella, porque fueron los que contribuyeron a que hoy haya libertad y \u00abgocemos de nuestra soberan\u00eda\u00bb. El [&hellip;]<\/p>\n","protected":false},"author":3,"featured_media":0,"comment_status":"open","ping_status":"open","sticky":false,"template":"","format":"standard","meta":{"footnotes":""},"categories":[20],"tags":[],"class_list":["post-219498","post","type-post","status-publish","format-standard","hentry","category-dominicana-hoy"],"_links":{"self":[{"href":"https:\/\/diariodominicano.com\/index.php?rest_route=\/wp\/v2\/posts\/219498","targetHints":{"allow":["GET"]}}],"collection":[{"href":"https:\/\/diariodominicano.com\/index.php?rest_route=\/wp\/v2\/posts"}],"about":[{"href":"https:\/\/diariodominicano.com\/index.php?rest_route=\/wp\/v2\/types\/post"}],"author":[{"embeddable":true,"href":"https:\/\/diariodominicano.com\/index.php?rest_route=\/wp\/v2\/users\/3"}],"replies":[{"embeddable":true,"href":"https:\/\/diariodominicano.com\/index.php?rest_route=%2Fwp%2Fv2%2Fcomments&post=219498"}],"version-history":[{"count":0,"href":"https:\/\/diariodominicano.com\/index.php?rest_route=\/wp\/v2\/posts\/219498\/revisions"}],"wp:attachment":[{"href":"https:\/\/diariodominicano.com\/index.php?rest_route=%2Fwp%2Fv2%2Fmedia&parent=219498"}],"wp:term":[{"taxonomy":"category","embeddable":true,"href":"https:\/\/diariodominicano.com\/index.php?rest_route=%2Fwp%2Fv2%2Fcategories&post=219498"},{"taxonomy":"post_tag","embeddable":true,"href":"https:\/\/diariodominicano.com\/index.php?rest_route=%2Fwp%2Fv2%2Ftags&post=219498"}],"curies":[{"name":"wp","href":"https:\/\/api.w.org\/{rel}","templated":true}]}}