{"id":219497,"date":"2016-02-03T14:11:33","date_gmt":"2016-02-03T14:11:33","guid":{"rendered":"http:\/\/diariodominicano.ddns.net\/?p=219497"},"modified":"2016-02-03T14:11:33","modified_gmt":"2016-02-03T14:11:33","slug":"anuncian-caminata-del-corazon-area-del-faro-a-colon-2","status":"publish","type":"post","link":"https:\/\/diariodominicano.com\/?p=219497","title":{"rendered":"Anuncian caminata del coraz\u00f3n \u00e1rea del Faro a Col\u00f3n"},"content":{"rendered":"<p><body><\/p>\n<p><img decoding=\"async\" src=\"img3\/M Suero00.jpg\" \/>  <\/p>\n<p><strong>La actividad, con motivo de celebrarse el Mes del Coraz\u00f3n, se iniciar\u00e1 a las 8 de la ma\u00f1ana en la avenida Boulevar del Faro.<\/strong><\/p>\n<p><strong> <\/strong><\/p>\n<p><strong>SANTO DOMINGO, RD, 3 de Febrero de 2016.<\/strong>&#8211; El Capitulo de la provincia Santo Domingo de la Sociedad Dominicana de Cardiolog\u00eda realizar\u00e1 el pr\u00f3ximo domingo  7 alrededor del Faro a Col\u00f3n una caminata de promoci\u00f3n a la salud cardiovascular.<\/p>\n<\/p>\n<p>La actividad, con motivo de celebrarse el Mes del Coraz\u00f3n, se iniciar\u00e1 a las 8 de la ma\u00f1ana en la avenida Boulevar del Faro.<\/p>\n<\/p>\n<p>Tras la caminata y durante toda la ma\u00f1ana,  un equipo de cardi\u00f3logos y bionalistas realizar\u00e1 ex\u00e1menes gratuitos  y entrega de medicamentos  a las personas que consulten sus problemas.<\/p>\n<\/p>\n<p>Los doctores Mart\u00edn Suero Decena y Jos\u00e9 Rolando Encarnaci\u00f3n, presidente y secretario del Cap\u00edtulo de la provincia Santo Domingo de la Sociedad Dominicana de Cardiolog\u00eda, dijeron que distintas empresas distribuidoras de medicamentos prestan su colaboraci\u00f3n al montaje de la jornada.  <\/p>\n<h6> 2016-02-03 14:11:33 <\/h6>\n<p><!--\n<link rel=\"stylesheet\" href=\"css\/bootstrap.min.css\">\n\n\n<ul class=\"pagination\">\n\t    \n\t\n\n<li >\n\t<a href='?page_no=13812'>Previous<\/a>\n\t<\/li>\n\n\n       \n    \n\n<li><a href='?page_no=1'>1<\/a><\/li>\n\n\n\n<li><a href='?page_no=2'>2<\/a><\/li>\n\n\n\n<li><a>...<\/a><\/li>\n\n\n\n<li><a href='?page_no=13811'>13811<\/a><\/li>\n\n\n\n<li><a href='?page_no=13812'>13812<\/a><\/li>\n\n\n\n<li class='active'><a>13813<\/a><\/li>\n\n\n\n<li><a href='?page_no=13814'>13814<\/a><\/li>\n\n\n\n<li><a href='?page_no=13815'>13815<\/a><\/li>\n\n\n\n<li><a>...<\/a><\/li>\n\n\n\n<li><a href='?page_no=56169'>56169<\/a><\/li>\n\n\n\n<li><a href='?page_no=56170'>56170<\/a><\/li>\n\n    \n\t\n\n<li >\n\t<a href='?page_no=13814'>Next<\/a>\n\t<\/li>\n\n\n    \n\n<li><a href='?page_no=56170'>Last &rsaquo;&rsaquo;<\/a><\/li>\n\n<\/ul>\n\n\n--><br \/>\n<\/body><\/p>\n","protected":false},"excerpt":{"rendered":"<p>La actividad, con motivo de celebrarse el Mes del Coraz\u00f3n, se iniciar\u00e1 a las 8 de la ma\u00f1ana en la avenida Boulevar del Faro. SANTO DOMINGO, RD, 3 de Febrero de 2016.&#8211; El Capitulo de la provincia Santo Domingo de la Sociedad Dominicana de Cardiolog\u00eda realizar\u00e1 el pr\u00f3ximo domingo 7 alrededor del Faro a Col\u00f3n [&hellip;]<\/p>\n","protected":false},"author":3,"featured_media":0,"comment_status":"open","ping_status":"open","sticky":false,"template":"","format":"standard","meta":{"footnotes":""},"categories":[20],"tags":[],"class_list":["post-219497","post","type-post","status-publish","format-standard","hentry","category-dominicana-hoy"],"_links":{"self":[{"href":"https:\/\/diariodominicano.com\/index.php?rest_route=\/wp\/v2\/posts\/219497","targetHints":{"allow":["GET"]}}],"collection":[{"href":"https:\/\/diariodominicano.com\/index.php?rest_route=\/wp\/v2\/posts"}],"about":[{"href":"https:\/\/diariodominicano.com\/index.php?rest_route=\/wp\/v2\/types\/post"}],"author":[{"embeddable":true,"href":"https:\/\/diariodominicano.com\/index.php?rest_route=\/wp\/v2\/users\/3"}],"replies":[{"embeddable":true,"href":"https:\/\/diariodominicano.com\/index.php?rest_route=%2Fwp%2Fv2%2Fcomments&post=219497"}],"version-history":[{"count":0,"href":"https:\/\/diariodominicano.com\/index.php?rest_route=\/wp\/v2\/posts\/219497\/revisions"}],"wp:attachment":[{"href":"https:\/\/diariodominicano.com\/index.php?rest_route=%2Fwp%2Fv2%2Fmedia&parent=219497"}],"wp:term":[{"taxonomy":"category","embeddable":true,"href":"https:\/\/diariodominicano.com\/index.php?rest_route=%2Fwp%2Fv2%2Fcategories&post=219497"},{"taxonomy":"post_tag","embeddable":true,"href":"https:\/\/diariodominicano.com\/index.php?rest_route=%2Fwp%2Fv2%2Ftags&post=219497"}],"curies":[{"name":"wp","href":"https:\/\/api.w.org\/{rel}","templated":true}]}}