{"id":219489,"date":"2016-02-04T09:26:38","date_gmt":"2016-02-04T09:26:38","guid":{"rendered":"http:\/\/diariodominicano.ddns.net\/?p=219489"},"modified":"2016-02-04T09:26:38","modified_gmt":"2016-02-04T09:26:38","slug":"ex-presidente-de-mexico-pondera-procesos-electorales-en-rd","status":"publish","type":"post","link":"https:\/\/diariodominicano.com\/?p=219489","title":{"rendered":"Ex presidente de M\u00e9xico pondera procesos electorales en RD"},"content":{"rendered":"<p><body><\/p>\n<p><img decoding=\"async\" src=\"img3\/calde 4.jpeg\" \/>  <\/p>\n<p>Santo Domingo RD 4 febrero.- En los \u00faltimos procesos electorales que se han llevado a cabo en la Rep\u00fablica Dominicana, organizados por la Junta Central Electoral (JCE), se ha fortalecido la democracia en el pa\u00eds, seg\u00fan la apreciaci\u00f3n del expresidente de M\u00e9xico, Felipe Calder\u00f3n.<\/p>\n<\/p>\n<p>En ese sentido, Calder\u00f3n consider\u00f3 que la JCE tiene la disposici\u00f3n de que las elecciones presidenciales, congresuales y municipales del pr\u00f3ximo mes de mayo se realicen con objetividad y en orden.<\/p>\n<\/p>\n<p>\u00abEstoy muy contento de mi visita a la Rep\u00fablica Dominicana y regreso gratamente sorprendido por la cultura democr\u00e1tica que prevalece en este pa\u00eds, por la seriedad con que las autoridades electorales est\u00e1n encausando el proceso electoral, que ayer apenas inici\u00f3, por lo que le deseamos el mayor de los \u00e9xitos en esta jornada c\u00edvica a todos los dominicanos\u00bb, expres\u00f3 Calder\u00f3n.<\/p>\n<\/p>\n<p>Entrevistado por los periodistas que cubren la fuente del Palacio Nacional tras visitar al presidente Danilo Medina a su despacho, el exmandatario de M\u00e9xico dijo que Rep\u00fablica Dominicana exhibe una gran fortaleza fruto de esos procesos electorales que ha realizado en los \u00faltimos a\u00f1os, la cual debe hacer el mayor esfuerzo por preservarla.<\/p>\n<\/p>\n<p>\u00abCon esos procesos electorales seguidos el pa\u00eds ha fortalecido su cultura democr\u00e1tica, lo que debe ser aquilatado. Hay un refr\u00e1n que dice que uno sabe lo que tiene hasta que lo pierde, yo digo que en el caso de la democracia que hay en Rep\u00fablica Dominicana, se trata de saber lo que se tiene, que es la democracia, de valorarla en toda su dimensi\u00f3n y de no perderla\u00bb, puntualiz\u00f3.<\/p>\n<h6> 2016-02-04 09:26:38 <\/h6>\n<p><!--\n<link rel=\"stylesheet\" href=\"css\/bootstrap.min.css\">\n\n\n<ul class=\"pagination\">\n\t    \n\t\n\n<li >\n\t<a href='?page_no=13805'>Previous<\/a>\n\t<\/li>\n\n\n       \n    \n\n<li><a href='?page_no=1'>1<\/a><\/li>\n\n\n\n<li><a href='?page_no=2'>2<\/a><\/li>\n\n\n\n<li><a>...<\/a><\/li>\n\n\n\n<li><a href='?page_no=13804'>13804<\/a><\/li>\n\n\n\n<li><a href='?page_no=13805'>13805<\/a><\/li>\n\n\n\n<li class='active'><a>13806<\/a><\/li>\n\n\n\n<li><a href='?page_no=13807'>13807<\/a><\/li>\n\n\n\n<li><a href='?page_no=13808'>13808<\/a><\/li>\n\n\n\n<li><a>...<\/a><\/li>\n\n\n\n<li><a href='?page_no=56169'>56169<\/a><\/li>\n\n\n\n<li><a href='?page_no=56170'>56170<\/a><\/li>\n\n    \n\t\n\n<li >\n\t<a href='?page_no=13807'>Next<\/a>\n\t<\/li>\n\n\n    \n\n<li><a href='?page_no=56170'>Last &rsaquo;&rsaquo;<\/a><\/li>\n\n<\/ul>\n\n\n--><br \/>\n<\/body><\/p>\n","protected":false},"excerpt":{"rendered":"<p>Santo Domingo RD 4 febrero.- En los \u00faltimos procesos electorales que se han llevado a cabo en la Rep\u00fablica Dominicana, organizados por la Junta Central Electoral (JCE), se ha fortalecido la democracia en el pa\u00eds, seg\u00fan la apreciaci\u00f3n del expresidente de M\u00e9xico, Felipe Calder\u00f3n. En ese sentido, Calder\u00f3n consider\u00f3 que la JCE tiene la disposici\u00f3n [&hellip;]<\/p>\n","protected":false},"author":3,"featured_media":0,"comment_status":"open","ping_status":"open","sticky":false,"template":"","format":"standard","meta":{"footnotes":""},"categories":[20],"tags":[],"class_list":["post-219489","post","type-post","status-publish","format-standard","hentry","category-dominicana-hoy"],"_links":{"self":[{"href":"https:\/\/diariodominicano.com\/index.php?rest_route=\/wp\/v2\/posts\/219489","targetHints":{"allow":["GET"]}}],"collection":[{"href":"https:\/\/diariodominicano.com\/index.php?rest_route=\/wp\/v2\/posts"}],"about":[{"href":"https:\/\/diariodominicano.com\/index.php?rest_route=\/wp\/v2\/types\/post"}],"author":[{"embeddable":true,"href":"https:\/\/diariodominicano.com\/index.php?rest_route=\/wp\/v2\/users\/3"}],"replies":[{"embeddable":true,"href":"https:\/\/diariodominicano.com\/index.php?rest_route=%2Fwp%2Fv2%2Fcomments&post=219489"}],"version-history":[{"count":0,"href":"https:\/\/diariodominicano.com\/index.php?rest_route=\/wp\/v2\/posts\/219489\/revisions"}],"wp:attachment":[{"href":"https:\/\/diariodominicano.com\/index.php?rest_route=%2Fwp%2Fv2%2Fmedia&parent=219489"}],"wp:term":[{"taxonomy":"category","embeddable":true,"href":"https:\/\/diariodominicano.com\/index.php?rest_route=%2Fwp%2Fv2%2Fcategories&post=219489"},{"taxonomy":"post_tag","embeddable":true,"href":"https:\/\/diariodominicano.com\/index.php?rest_route=%2Fwp%2Fv2%2Ftags&post=219489"}],"curies":[{"name":"wp","href":"https:\/\/api.w.org\/{rel}","templated":true}]}}