{"id":219487,"date":"2016-02-04T12:34:31","date_gmt":"2016-02-04T12:34:31","guid":{"rendered":"http:\/\/diariodominicano.ddns.net\/?p=219487"},"modified":"2016-02-04T12:34:31","modified_gmt":"2016-02-04T12:34:31","slug":"cdeee-avanza-licitacion-obras-para-reducir-perdidas-y-mejorar-servicio","status":"publish","type":"post","link":"https:\/\/diariodominicano.com\/?p=219487","title":{"rendered":"CDEEE avanza licitaci\u00f3n obras para reducir p\u00e9rdidas y mejorar servicio"},"content":{"rendered":"<p><body><\/p>\n<p><img decoding=\"async\" src=\"img3\/luz 4.jpg\" \/>  <\/p>\n<p>Santo Domingo RD 4 febrero.- La Corporaci\u00f3n Dominicana de Empresas El\u00e9ctricas Estatales recibi\u00f3 ofertas de diez empresas interesadas en la ejecuci\u00f3n de proyectos correspondientes a la segunda etapa del Programa de Modernizaci\u00f3n de la Red de Distribuci\u00f3n y Reducci\u00f3n de P\u00e9rdidas El\u00e9ctricas financiado por distintos organismos internacionales.<\/p>\n<\/p>\n<p>La recepci\u00f3n de las ofertas es resultado del llamado a licitaci\u00f3n p\u00fablica internacional LPI-OFID-01\/2015 convocada por la CDEEE para seleccionar, conforme las leyes dominicanas, a las empresas que se ocupar\u00e1n de ejecutar la fase dos del programa que busca mejorar el desempe\u00f1o de las empresas distribuidoras y garantizar un suministro eficiente y estable a los sectores beneficiarios.<\/p>\n<\/p>\n<p>Las obras licitadas ser\u00e1n financiadas con recursos aportados por el Fondo OPEP para el Desarrollo Internacional (OFID)  como apoyo al programa de reducci\u00f3n de p\u00e9rdidas del sistema el\u00e9ctrico, segundo eje del Plan Estrat\u00e9gico de la CDEEE. <\/p>\n<p>La apertura oficial de las ofertas fue realizada en las instalaciones de la Corporaci\u00f3n Dominicana de Empresas El\u00e9ctricas Estatales, en presencia de representantes de las empresas y consorcios participantes. <\/p>\n<\/p>\n<p>En esta segunda etapa del programa de rehabilitaci\u00f3n que cuenta con apoyo del OFID ser\u00e1n rehabilitadosnueve circuitos de las tres empresas distribuidoras. <\/p>\n<\/p>\n<p>En la zona de concesi\u00f3n de EDESUR se rehabilitar\u00e1n los circuitos KDIE101, KDIE104 y GRBO101, que suministran energ\u00eda el\u00e9ctrica a los sectores de Los Peralejos, Palma Real, Los Girasoles, Av. Monumental, Km. 14, Pantoja y Pueblo Chico en Santo Domingo, y las zonas de Piedra Blanca, Barcequillo, Cab\u00f3n, Los Platanitos, Las Colinas, El Carril, La Cerca, La Pared de Haina (Parcial), en San Crist\u00f3bal. <\/p>\n<\/p>\n<p>En la zona de EDEESTE se trabajar\u00e1 en los circuitos CAPO06 y HAMO02, correspondientes a los sectores Villas Agr\u00edcolas y Cor\u00e1mbar, Invicea, El Almirante Parcial, La Corpor\u00e1nea, Ram\u00f3n Mat\u00edas Mella y San Isidroen Santo Domingo Este.<\/p>\n<\/p>\n<p>En cuanto a la zona de concesi\u00f3n de EDENORTE ser\u00e1n rehabilitados los circuitos NIBA112, NIBA104 y ZFSA114, que suplen de energ\u00eda a los sectores La Otra Banda, La Joya, Villa Liberaci\u00f3n, La Herradura, Bella Vista, Los Reyes y Francisco del Rosario S\u00e1nchez, en Santiago.<\/p>\n<\/p>\n<p>La segunda fase del Programa de Modernizaci\u00f3n de la Red de Distribuci\u00f3n y Reducci\u00f3n de P\u00e9rdidas contempla en su totalidad la inversi\u00f3n de US$358 millones para la rehabilitaci\u00f3n de 64 circuitos, y adem\u00e1s del OFID cuenta con el respaldo del Banco Interamericano de Desarrollo, el Banco Mundial y el Banco Europeo de Inversiones.<\/p>\n<\/p>\n<p>El programa incluye cuatro componentes relacionados, con el objetivo de mejorar la sostenibilidad del sector el\u00e9ctrico mediante la reducci\u00f3n de las p\u00e9rdidas t\u00e9cnicas y comerciales del sistema de distribuci\u00f3n, mejorar la calidad del suministro a los clientes ylograr la eficiencia operativa de las EDEs. <\/p>\n<\/p>\n<h6> 2016-02-04 12:34:31 <\/h6>\n<p><!--\n<link rel=\"stylesheet\" href=\"css\/bootstrap.min.css\">\n\n\n<ul class=\"pagination\">\n\t    \n\t\n\n<li >\n\t<a href='?page_no=13803'>Previous<\/a>\n\t<\/li>\n\n\n       \n    \n\n<li><a href='?page_no=1'>1<\/a><\/li>\n\n\n\n<li><a href='?page_no=2'>2<\/a><\/li>\n\n\n\n<li><a>...<\/a><\/li>\n\n\n\n<li><a href='?page_no=13802'>13802<\/a><\/li>\n\n\n\n<li><a href='?page_no=13803'>13803<\/a><\/li>\n\n\n\n<li class='active'><a>13804<\/a><\/li>\n\n\n\n<li><a href='?page_no=13805'>13805<\/a><\/li>\n\n\n\n<li><a href='?page_no=13806'>13806<\/a><\/li>\n\n\n\n<li><a>...<\/a><\/li>\n\n\n\n<li><a href='?page_no=56169'>56169<\/a><\/li>\n\n\n\n<li><a href='?page_no=56170'>56170<\/a><\/li>\n\n    \n\t\n\n<li >\n\t<a href='?page_no=13805'>Next<\/a>\n\t<\/li>\n\n\n    \n\n<li><a href='?page_no=56170'>Last &rsaquo;&rsaquo;<\/a><\/li>\n\n<\/ul>\n\n\n--><br \/>\n<\/body><\/p>\n","protected":false},"excerpt":{"rendered":"<p>Santo Domingo RD 4 febrero.- La Corporaci\u00f3n Dominicana de Empresas El\u00e9ctricas Estatales recibi\u00f3 ofertas de diez empresas interesadas en la ejecuci\u00f3n de proyectos correspondientes a la segunda etapa del Programa de Modernizaci\u00f3n de la Red de Distribuci\u00f3n y Reducci\u00f3n de P\u00e9rdidas El\u00e9ctricas financiado por distintos organismos internacionales. La recepci\u00f3n de las ofertas es resultado del [&hellip;]<\/p>\n","protected":false},"author":3,"featured_media":0,"comment_status":"open","ping_status":"open","sticky":false,"template":"","format":"standard","meta":{"footnotes":""},"categories":[20],"tags":[],"class_list":["post-219487","post","type-post","status-publish","format-standard","hentry","category-dominicana-hoy"],"_links":{"self":[{"href":"https:\/\/diariodominicano.com\/index.php?rest_route=\/wp\/v2\/posts\/219487","targetHints":{"allow":["GET"]}}],"collection":[{"href":"https:\/\/diariodominicano.com\/index.php?rest_route=\/wp\/v2\/posts"}],"about":[{"href":"https:\/\/diariodominicano.com\/index.php?rest_route=\/wp\/v2\/types\/post"}],"author":[{"embeddable":true,"href":"https:\/\/diariodominicano.com\/index.php?rest_route=\/wp\/v2\/users\/3"}],"replies":[{"embeddable":true,"href":"https:\/\/diariodominicano.com\/index.php?rest_route=%2Fwp%2Fv2%2Fcomments&post=219487"}],"version-history":[{"count":0,"href":"https:\/\/diariodominicano.com\/index.php?rest_route=\/wp\/v2\/posts\/219487\/revisions"}],"wp:attachment":[{"href":"https:\/\/diariodominicano.com\/index.php?rest_route=%2Fwp%2Fv2%2Fmedia&parent=219487"}],"wp:term":[{"taxonomy":"category","embeddable":true,"href":"https:\/\/diariodominicano.com\/index.php?rest_route=%2Fwp%2Fv2%2Fcategories&post=219487"},{"taxonomy":"post_tag","embeddable":true,"href":"https:\/\/diariodominicano.com\/index.php?rest_route=%2Fwp%2Fv2%2Ftags&post=219487"}],"curies":[{"name":"wp","href":"https:\/\/api.w.org\/{rel}","templated":true}]}}