{"id":219486,"date":"2016-02-04T12:38:45","date_gmt":"2016-02-04T12:38:45","guid":{"rendered":"http:\/\/diariodominicano.ddns.net\/?p=219486"},"modified":"2016-02-04T12:38:45","modified_gmt":"2016-02-04T12:38:45","slug":"educacion-rechaza-presiones-interesadas-en-los-frailes","status":"publish","type":"post","link":"https:\/\/diariodominicano.com\/?p=219486","title":{"rendered":"Educaci\u00f3n rechaza presiones interesadas en Los Frailes"},"content":{"rendered":"<p><body><\/p>\n<p><img decoding=\"async\" src=\"img3\/clase 4.jpeg\" \/>  <\/p>\n<p>Santo Domingo RD 4 febrero.- El Ministerio de Educaci\u00f3n reiter\u00f3 hoy que descart\u00f3 la compra de unos terrenos en Los Frailes Primero, Santo Domingo Este, para la construcci\u00f3n de un liceo y por cuya adquisici\u00f3n presionan sectores interesados ajenos al quehacer educativo de esa comunidad, porque aparte de que son m\u00e1s caros e insuficientes, contienen mejoras y otras propiedades por cuya demolici\u00f3n el costo de construcci\u00f3n del plantel se elevar\u00eda en m\u00e1s de 14 millones por encima de lo planificado.<\/p>\n<\/p>\n<p>Esos terrenos, unos 8,000 metros cuadrados no alcanzar\u00edan para construir el liceo de Jornada Escolar Extendida Fernando Alberto Defill\u00f3, de 24 aulas, am\u00e9n de que son ofertados al Ministerio de Educaci\u00f3n a 5,000 pesos el metro cuadrado, 500 pesos el metro cuadrado por encima de lo conseguido en la misma zona para iniciar en breve la construcci\u00f3n del plantel.<\/p>\n<\/p>\n<p>\u00abNo entendemos las presiones que se ejercen hacia este Ministerio, que est\u00e1 cumpliendo la palabra empe\u00f1ada por el Presidente Danilo Medina, sin lesionar el patrimonio estatal y sin ceder a presiones de sectores interesados\u00bb, dijo el Ministerio, refiri\u00e9ndose a las protestas que en varias ocasiones ha encabezado una denominada Junta de Vecinos Unidad y Progreso, que preside un se\u00f1or identificado como Salvador Joaqu\u00edn, quien ha concitado el apoyo de otras entidades y personas del lugar.<\/p>\n<\/p>\n<p>Educaci\u00f3n negoci\u00f3 con la entidad Fe y Alegr\u00eda la adquisici\u00f3n de 11,608 metros cuadrados de tierra, a corta distancia de donde se encuentran los terrenos por cuya adquisici\u00f3n presionan la Junta de Vecinos y sectores particulares de Los Frailes Primero.<\/p>\n<\/p>\n<p>De esta cantidad de tierras, 11 mil 180 metros fueron comprados a 4,500 pesos, 500 pesos menos el terreno cuadrado que los terrenos por cuya adquisici\u00f3n es presionado el Ministerio de Educaci\u00f3n.<\/p>\n<\/p>\n<p>Estos \u00faltimos terrenos, adem\u00e1s de que sobrepasan en 108 metros cuadrados la cantidad requerida, est\u00e1n listos para iniciar la construcci\u00f3n del liceo Fernando Alberto Defill\u00f3. Las tierras objeto de la presi\u00f3n tiene cuatro propietarios diferentes y cuatro edificaciones en su interior, en cuya demolici\u00f3n y sobrevaluaci\u00f3n elevar\u00eda los costos en unos 14 millones de pesos, en detrimento del Ministerio de Educaci\u00f3n.<\/p>\n<\/p>\n<p>En la adquisici\u00f3n de las tierras negociadas con la instituci\u00f3n Fe y Alegr\u00eda, Educaci\u00f3n s\u00f3lo erogar\u00e1 50 millones 310 mil pesos, sin costos adicionales de demolici\u00f3n ni de preparaci\u00f3n extraordinaria de los terrenos.<\/p>\n<\/p>\n<p>S\u00f3lo por la compra de los terrenos objeto de las presiones y protestas y sus mejoras, Educaci\u00f3n tendr\u00eda que erogar unos 47 millones de pesos. A este total habr\u00eda que agregarle el costo por concepto de demolici\u00f3n de las edificaciones.<\/p>\n<\/p>\n<p>Las personas que dicen ser sus propietarios pretenden que Educaci\u00f3n les pague el costo de los terrenos por adelantado, no a trav\u00e9s de una carta compromiso como se estila para autorizar el inicio de la construcci\u00f3n.<\/p>\n<\/p>\n<p> \u00abNosotros no podemos comprar casas para destruir, cuando en el lugar hay m\u00e1s terrenos, sin mejoras y a un precio m\u00e1s bajo\u00bb, explic\u00f3 el Ministerio de Educaci\u00f3n en una declaraci\u00f3n escrita.<\/p>\n<\/p>\n<p>En mayo del a\u00f1o pasado, el Ministerio de Educaci\u00f3n ya se hab\u00eda referido al tema debido a las presiones recurrentes de la denominada Junta de Vecinos Unidad y Progreso y otros sectores interesados del lugar, ajenos al quehacer educativo.<\/p>\n<h6> 2016-02-04 12:38:45 <\/h6>\n<p><!--\n<link rel=\"stylesheet\" href=\"css\/bootstrap.min.css\">\n\n\n<ul class=\"pagination\">\n\t    \n\t\n\n<li >\n\t<a href='?page_no=13802'>Previous<\/a>\n\t<\/li>\n\n\n       \n    \n\n<li><a href='?page_no=1'>1<\/a><\/li>\n\n\n\n<li><a href='?page_no=2'>2<\/a><\/li>\n\n\n\n<li><a>...<\/a><\/li>\n\n\n\n<li><a href='?page_no=13801'>13801<\/a><\/li>\n\n\n\n<li><a href='?page_no=13802'>13802<\/a><\/li>\n\n\n\n<li class='active'><a>13803<\/a><\/li>\n\n\n\n<li><a href='?page_no=13804'>13804<\/a><\/li>\n\n\n\n<li><a href='?page_no=13805'>13805<\/a><\/li>\n\n\n\n<li><a>...<\/a><\/li>\n\n\n\n<li><a href='?page_no=56169'>56169<\/a><\/li>\n\n\n\n<li><a href='?page_no=56170'>56170<\/a><\/li>\n\n    \n\t\n\n<li >\n\t<a href='?page_no=13804'>Next<\/a>\n\t<\/li>\n\n\n    \n\n<li><a href='?page_no=56170'>Last &rsaquo;&rsaquo;<\/a><\/li>\n\n<\/ul>\n\n\n--><br \/>\n<\/body><\/p>\n","protected":false},"excerpt":{"rendered":"<p>Santo Domingo RD 4 febrero.- El Ministerio de Educaci\u00f3n reiter\u00f3 hoy que descart\u00f3 la compra de unos terrenos en Los Frailes Primero, Santo Domingo Este, para la construcci\u00f3n de un liceo y por cuya adquisici\u00f3n presionan sectores interesados ajenos al quehacer educativo de esa comunidad, porque aparte de que son m\u00e1s caros e insuficientes, contienen [&hellip;]<\/p>\n","protected":false},"author":3,"featured_media":0,"comment_status":"open","ping_status":"open","sticky":false,"template":"","format":"standard","meta":{"footnotes":""},"categories":[20],"tags":[],"class_list":["post-219486","post","type-post","status-publish","format-standard","hentry","category-dominicana-hoy"],"_links":{"self":[{"href":"https:\/\/diariodominicano.com\/index.php?rest_route=\/wp\/v2\/posts\/219486","targetHints":{"allow":["GET"]}}],"collection":[{"href":"https:\/\/diariodominicano.com\/index.php?rest_route=\/wp\/v2\/posts"}],"about":[{"href":"https:\/\/diariodominicano.com\/index.php?rest_route=\/wp\/v2\/types\/post"}],"author":[{"embeddable":true,"href":"https:\/\/diariodominicano.com\/index.php?rest_route=\/wp\/v2\/users\/3"}],"replies":[{"embeddable":true,"href":"https:\/\/diariodominicano.com\/index.php?rest_route=%2Fwp%2Fv2%2Fcomments&post=219486"}],"version-history":[{"count":0,"href":"https:\/\/diariodominicano.com\/index.php?rest_route=\/wp\/v2\/posts\/219486\/revisions"}],"wp:attachment":[{"href":"https:\/\/diariodominicano.com\/index.php?rest_route=%2Fwp%2Fv2%2Fmedia&parent=219486"}],"wp:term":[{"taxonomy":"category","embeddable":true,"href":"https:\/\/diariodominicano.com\/index.php?rest_route=%2Fwp%2Fv2%2Fcategories&post=219486"},{"taxonomy":"post_tag","embeddable":true,"href":"https:\/\/diariodominicano.com\/index.php?rest_route=%2Fwp%2Fv2%2Ftags&post=219486"}],"curies":[{"name":"wp","href":"https:\/\/api.w.org\/{rel}","templated":true}]}}