{"id":219484,"date":"2016-02-04T14:23:13","date_gmt":"2016-02-04T14:23:13","guid":{"rendered":"http:\/\/diariodominicano.ddns.net\/?p=219484"},"modified":"2016-02-04T14:23:13","modified_gmt":"2016-02-04T14:23:13","slug":"el-idac-compensaria-a-excontroladores","status":"publish","type":"post","link":"https:\/\/diariodominicano.com\/?p=219484","title":{"rendered":"El IDAC compensar\u00eda a excontroladores"},"content":{"rendered":"<p><body><\/p>\n<p><img decoding=\"async\" src=\"img3\/herrera.jpg\" \/>  <\/p>\n<p><span class=\"text1noticias\">Santo Domingo, RD, 4 de Febrero.-El director general del Instituto Dominicano de Aviaci\u00f3n Civil, Alejandro Herrera, al recibir la sentencia n\u00famero 00035-2016 de fecha 28 de enero del a\u00f1o en curso que rechaza el recurso de revisi\u00f3n administrativo, interpuesto en contra del IDAC por un grupo de controladores de tr\u00e1nsito a\u00e9reo desvinculados de la instituci\u00f3n, declar\u00f3 que con la decisi\u00f3n de la alta corte queda cerrada la fase del proceso encausada por la jurisdicci\u00f3n administrativa.<\/span><\/p>\n<p><span class=\"text1noticias\"> <\/span><\/p>\n<p><span class=\"text1noticias\">Sin embargo, pese a resaltar la ganancia de causa a favor del IDAC, el doctor Herrera se manifest\u00f3 dispuesto a compensar a los t\u00e9cnicos  que no resultaron favorecidos con las decisiones judiciales.<\/span><\/p>\n<p><span class=\"text1noticias\"> <\/span><\/p>\n<p><span class=\"text1noticias\">\u00abAun con todas las decisiones jurisdiccionales favorables, estamos en la disposici\u00f3n de que, una vez se  reconozcan  los errores incurridos en una especie de autocr\u00edticas,  de compensarles econ\u00f3micamente\u00bb,  dijo Herrera al responder la pregunta que le formularan los conductores del programa radial \u00abActualizando y Algo M\u00e1s\u00bb, Sarah Pep\u00e9n y Affe Guti\u00e9rrez, que se transmite por la estaci\u00f3n Estudio 88.<\/span><\/p>\n<p><span class=\"text1noticias\"> <\/span><\/p>\n<p><span class=\"text1noticias\">El funcionario explic\u00f3, que la disposici\u00f3n de compensarles, pese a que el IDAC es favorecido con varias sentencias, es porque sabe que los t\u00e9cnicos no tienen otros medios de subsistencia, y ofrecieron sus mejores a\u00f1os al sector aeron\u00e1utico.<\/span><\/p>\n<p><span class=\"text1noticias\"> <\/span><\/p>\n<p><span class=\"text1noticias\">\u00abNo tenemos inconveniente alguno en hacer el esfuerzo para  buscarle una salida que de alguna manera u otra,  les favorezca\u00bb, agreg\u00f3.<\/span><\/p>\n<p><span class=\"text1noticias\"> <\/span><\/p>\n<p><span class=\"text1noticias\">Notifican sentencia<\/span><\/p>\n<p><span class=\"text1noticias\"> <\/span><\/p>\n<p><span class=\"text1noticias\">El Instituto Dominicano de Aviaci\u00f3n Civil (IDAC) confirm\u00f3 este d\u00eda haber sido notificado sobre la decisi\u00f3n adoptada por  la Primera Sala del Tribunal Superior Administrativo (TSA) rechazando  un recurso de revisi\u00f3n interpuesto  por un reducido grupo de  controladores a\u00e9reos, desvinculados de la instituci\u00f3n por la comisi\u00f3n de faltas graves en el ejercicio de sus funciones.<\/span><\/p>\n<p><span class=\"text1noticias\"> <\/span><\/p>\n<p><span class=\"text1noticias\">En las direcciones General y Legal del IDAC se recibi\u00f3 la sentencia n\u00famero 00035-2016 de fecha 28 de enero del a\u00f1o en curso, que rechaza el recurso de revisi\u00f3n administrativo interpuesto en contra del IDAC por los t\u00e9cnicos desvinculados.<\/span><\/p>\n<p><span class=\"text1noticias\"> <\/span><\/p>\n<p><span class=\"text1noticias\">La sentencia ha sido notificada por Mar\u00eda Alba D\u00edaz Ventura, secretaria del Tribunal, en la que se hace constar la firma de los magistrados  Rafael V\u00e1squez Goico, juez presidente; Vanesa Acosta  y Mery Laine Collado, juezas; y Evlin Germos\u00e9n, secretaria general.<\/span><\/p>\n<p><span class=\"text1noticias\"> <\/span><\/p>\n<p><span class=\"text1noticias\">Entre las causas que motivaron el rechazo de la revisi\u00f3n de la sentencia se cita que los alegatos esgrimidos no se encuentran dentro de las causas que motivan una revisi\u00f3n, \u00abtoda vez que lo que el recurrente cataloga como faltas o errores existentes en la sentencia atacada no responden a un error involuntario del tribunal, sino al criterio y razonamiento al que arribaron los jueces al momento de decidir el indicado asunto\u00bb.<\/span><\/p>\n<p><span class=\"text1noticias\"> <\/span><\/p>\n<p><span class=\"text1noticias\">La sentencia tambi\u00e9n fue notificada a los recurrentes y al procurador general  administrativo, y se orden\u00f3 su publicaci\u00f3n  en el bolet\u00edn del Tribunal Superior Administrativo.<\/span><\/p>\n<p><span class=\"text1noticias\"> <\/span><\/p>\n<p><span class=\"text1noticias\">Con esta decisi\u00f3n del TSA se han emitido cuatro  sentencias de altas cortes y tribunales especializados a favor del IDAC: la sentencia No. 068-2014 de la Presidencia del Tribunal Superior Administrativo, que rechaza la solicitud de medida cautelar interpuesta por los excontroladores;  la sentencia TC-0006-15 del Tribunal Constitucional, que al revisar la sentencia No.230-2014 dictada por la primera sala del Tribunal Superior Administrativo, declar\u00f3 la inadmisibilidad de la acci\u00f3n de amparo interpuesta por los excontroladores; la sentencia 0048-2015, del 26 de febrero de 2015, que  declar\u00f3 inadmisible un recurso contencioso interpuesto en junio de 2014 por los excontroladores, cuya revisi\u00f3n fue rechazada con la emisi\u00f3n de la sentencia  n\u00famero 00035-2016 de fecha 28 de enero de 2016.<\/span><\/p>\n<p><span class=\"text1noticias\"> <\/span><\/p>\n<p><span class=\"text1noticias\">En las decisiones adoptadas por los tribunales  se confirma la validez de los procedimientos disciplinarios adoptados  y las desvinculaciones realizadas por el IDAC ante las faltas cometidas<\/span>.<\/p>\n<h6> 2016-02-04 14:23:13 <\/h6>\n<p><!--\n<link rel=\"stylesheet\" href=\"css\/bootstrap.min.css\">\n\n\n<ul class=\"pagination\">\n\t    \n\t\n\n<li >\n\t<a href='?page_no=13800'>Previous<\/a>\n\t<\/li>\n\n\n       \n    \n\n<li><a href='?page_no=1'>1<\/a><\/li>\n\n\n\n<li><a href='?page_no=2'>2<\/a><\/li>\n\n\n\n<li><a>...<\/a><\/li>\n\n\n\n<li><a href='?page_no=13799'>13799<\/a><\/li>\n\n\n\n<li><a href='?page_no=13800'>13800<\/a><\/li>\n\n\n\n<li class='active'><a>13801<\/a><\/li>\n\n\n\n<li><a href='?page_no=13802'>13802<\/a><\/li>\n\n\n\n<li><a href='?page_no=13803'>13803<\/a><\/li>\n\n\n\n<li><a>...<\/a><\/li>\n\n\n\n<li><a href='?page_no=56169'>56169<\/a><\/li>\n\n\n\n<li><a href='?page_no=56170'>56170<\/a><\/li>\n\n    \n\t\n\n<li >\n\t<a href='?page_no=13802'>Next<\/a>\n\t<\/li>\n\n\n    \n\n<li><a href='?page_no=56170'>Last &rsaquo;&rsaquo;<\/a><\/li>\n\n<\/ul>\n\n\n--><br \/>\n<\/body><\/p>\n","protected":false},"excerpt":{"rendered":"<p>Santo Domingo, RD, 4 de Febrero.-El director general del Instituto Dominicano de Aviaci\u00f3n Civil, Alejandro Herrera, al recibir la sentencia n\u00famero 00035-2016 de fecha 28 de enero del a\u00f1o en curso que rechaza el recurso de revisi\u00f3n administrativo, interpuesto en contra del IDAC por un grupo de controladores de tr\u00e1nsito a\u00e9reo desvinculados de la instituci\u00f3n, [&hellip;]<\/p>\n","protected":false},"author":3,"featured_media":0,"comment_status":"open","ping_status":"open","sticky":false,"template":"","format":"standard","meta":{"footnotes":""},"categories":[20],"tags":[],"class_list":["post-219484","post","type-post","status-publish","format-standard","hentry","category-dominicana-hoy"],"_links":{"self":[{"href":"https:\/\/diariodominicano.com\/index.php?rest_route=\/wp\/v2\/posts\/219484","targetHints":{"allow":["GET"]}}],"collection":[{"href":"https:\/\/diariodominicano.com\/index.php?rest_route=\/wp\/v2\/posts"}],"about":[{"href":"https:\/\/diariodominicano.com\/index.php?rest_route=\/wp\/v2\/types\/post"}],"author":[{"embeddable":true,"href":"https:\/\/diariodominicano.com\/index.php?rest_route=\/wp\/v2\/users\/3"}],"replies":[{"embeddable":true,"href":"https:\/\/diariodominicano.com\/index.php?rest_route=%2Fwp%2Fv2%2Fcomments&post=219484"}],"version-history":[{"count":0,"href":"https:\/\/diariodominicano.com\/index.php?rest_route=\/wp\/v2\/posts\/219484\/revisions"}],"wp:attachment":[{"href":"https:\/\/diariodominicano.com\/index.php?rest_route=%2Fwp%2Fv2%2Fmedia&parent=219484"}],"wp:term":[{"taxonomy":"category","embeddable":true,"href":"https:\/\/diariodominicano.com\/index.php?rest_route=%2Fwp%2Fv2%2Fcategories&post=219484"},{"taxonomy":"post_tag","embeddable":true,"href":"https:\/\/diariodominicano.com\/index.php?rest_route=%2Fwp%2Fv2%2Ftags&post=219484"}],"curies":[{"name":"wp","href":"https:\/\/api.w.org\/{rel}","templated":true}]}}