{"id":219483,"date":"2016-02-04T14:38:17","date_gmt":"2016-02-04T14:38:17","guid":{"rendered":"http:\/\/diariodominicano.ddns.net\/?p=219483"},"modified":"2016-02-04T14:38:17","modified_gmt":"2016-02-04T14:38:17","slug":"en-funcionamiento-estancia-infantil-numero-28-en-los-platanitos-santiago","status":"publish","type":"post","link":"https:\/\/diariodominicano.com\/?p=219483","title":{"rendered":"En funcionamiento estancia infantil n\u00famero 28, en Los Platanitos, Santiago"},"content":{"rendered":"<p><body><\/p>\n<p><img decoding=\"async\" src=\"img3\/platanitos.jpg\" \/>  <\/p>\n<p><span class=\"text1noticias\">Santiago, RD, 04 de febrero.-El Instituto Nacional de Atenci\u00f3n Integral a la Primera Infancia (INAIPI) dej\u00f3 en funcionamiento una estancia infantil en el sector Los Platanitos, en Santiago. Es la n\u00famero 28 a nivel nacional, cada una con matricula de 226 ni\u00f1os menores de 5 a\u00f1os.<\/span><\/p>\n<p><span class=\"text1noticias\"><strong> <\/strong><\/span><\/p>\n<p><span class=\"text1noticias\"><strong>Alegre bienvenida<\/strong><\/span><\/p>\n<\/p>\n<p><span class=\"text1noticias\">El centro inici\u00f3 sus servicios brindando una c\u00e1lida bienvenida a padres, madres e hijos que recibir\u00e1n cuidados de 7:00 de la ma\u00f1ana a 4:00 de la tarde de lunes a viernes.<\/span><\/p>\n<p><span class=\"text1noticias\"> <\/span><\/p>\n<p><span class=\"text1noticias\"><strong>M\u00e1s de 1,600 ni\u00f1os y ni\u00f1as impactados<\/strong><\/span><\/p>\n<\/p>\n<p><span class=\"text1noticias\">En la comunidad fue detectada una poblaci\u00f3n de 1,716 ni\u00f1os y ni\u00f1as menores de 5 a\u00f1os de edad a trav\u00e9s de un levantamiento que se realiz\u00f3 previo a la apertura de la estancia infantil. De ellos, 226 ser\u00e1n atendidos en la estancia y 1,472 ser\u00e1n distribuidos en cuatro Centros de Atenci\u00f3n Comunitarios, lugares donde reciben atenci\u00f3n en d\u00edas no consecutivos y son administrados por un personal bajo la supervisi\u00f3n y asistencia de los profesionales de la estancia.<\/span><\/p>\n<p><span class=\"text1noticias\"> <\/span><\/p>\n<p><span class=\"text1noticias\">Los ni\u00f1os y ni\u00f1as impactados con esta inversi\u00f3n residen en los sectores Ensanche Bol\u00edvar, Ensanche Hermanas Mirabal (La Yag\u00fcita), Ensanche Caonabo (Los Platanitos), El Ejido y el Hoyo de Bartola, en Santiago.<\/span><\/p>\n<p><span class=\"text1noticias\"> <\/span><\/p>\n<p><span class=\"text1noticias\"><strong>Todo lo que necesitan<\/strong><\/span><\/p>\n<\/p>\n<p><span class=\"text1noticias\">En esta estancia, como en las dem\u00e1s, los peque\u00f1os reciben educaci\u00f3n, alimentos, atenciones m\u00e9dicas, estimulaci\u00f3n temprana, asistencia a los padres, mucho amor, entre otros, a trav\u00e9s de un equipo multidisciplinario de 40 personas que trabajan diariamente en cada estancia en procura de que la poblaci\u00f3n infantil reciba una verdadera atenci\u00f3n integral, tal como se lo ha propuesto el Gobierno del presidente Danilo Medina<\/span>.<\/p>\n<h6> 2016-02-04 14:38:17 <\/h6>\n<p><!--\n<link rel=\"stylesheet\" href=\"css\/bootstrap.min.css\">\n\n\n<ul class=\"pagination\">\n\t    \n\t\n\n<li >\n\t<a href='?page_no=13799'>Previous<\/a>\n\t<\/li>\n\n\n       \n    \n\n<li><a href='?page_no=1'>1<\/a><\/li>\n\n\n\n<li><a href='?page_no=2'>2<\/a><\/li>\n\n\n\n<li><a>...<\/a><\/li>\n\n\n\n<li><a href='?page_no=13798'>13798<\/a><\/li>\n\n\n\n<li><a href='?page_no=13799'>13799<\/a><\/li>\n\n\n\n<li class='active'><a>13800<\/a><\/li>\n\n\n\n<li><a href='?page_no=13801'>13801<\/a><\/li>\n\n\n\n<li><a href='?page_no=13802'>13802<\/a><\/li>\n\n\n\n<li><a>...<\/a><\/li>\n\n\n\n<li><a href='?page_no=56169'>56169<\/a><\/li>\n\n\n\n<li><a href='?page_no=56170'>56170<\/a><\/li>\n\n    \n\t\n\n<li >\n\t<a href='?page_no=13801'>Next<\/a>\n\t<\/li>\n\n\n    \n\n<li><a href='?page_no=56170'>Last &rsaquo;&rsaquo;<\/a><\/li>\n\n<\/ul>\n\n\n--><br \/>\n<\/body><\/p>\n","protected":false},"excerpt":{"rendered":"<p>Santiago, RD, 04 de febrero.-El Instituto Nacional de Atenci\u00f3n Integral a la Primera Infancia (INAIPI) dej\u00f3 en funcionamiento una estancia infantil en el sector Los Platanitos, en Santiago. Es la n\u00famero 28 a nivel nacional, cada una con matricula de 226 ni\u00f1os menores de 5 a\u00f1os. Alegre bienvenida El centro inici\u00f3 sus servicios brindando una [&hellip;]<\/p>\n","protected":false},"author":3,"featured_media":0,"comment_status":"open","ping_status":"open","sticky":false,"template":"","format":"standard","meta":{"footnotes":""},"categories":[20],"tags":[],"class_list":["post-219483","post","type-post","status-publish","format-standard","hentry","category-dominicana-hoy"],"_links":{"self":[{"href":"https:\/\/diariodominicano.com\/index.php?rest_route=\/wp\/v2\/posts\/219483","targetHints":{"allow":["GET"]}}],"collection":[{"href":"https:\/\/diariodominicano.com\/index.php?rest_route=\/wp\/v2\/posts"}],"about":[{"href":"https:\/\/diariodominicano.com\/index.php?rest_route=\/wp\/v2\/types\/post"}],"author":[{"embeddable":true,"href":"https:\/\/diariodominicano.com\/index.php?rest_route=\/wp\/v2\/users\/3"}],"replies":[{"embeddable":true,"href":"https:\/\/diariodominicano.com\/index.php?rest_route=%2Fwp%2Fv2%2Fcomments&post=219483"}],"version-history":[{"count":0,"href":"https:\/\/diariodominicano.com\/index.php?rest_route=\/wp\/v2\/posts\/219483\/revisions"}],"wp:attachment":[{"href":"https:\/\/diariodominicano.com\/index.php?rest_route=%2Fwp%2Fv2%2Fmedia&parent=219483"}],"wp:term":[{"taxonomy":"category","embeddable":true,"href":"https:\/\/diariodominicano.com\/index.php?rest_route=%2Fwp%2Fv2%2Fcategories&post=219483"},{"taxonomy":"post_tag","embeddable":true,"href":"https:\/\/diariodominicano.com\/index.php?rest_route=%2Fwp%2Fv2%2Ftags&post=219483"}],"curies":[{"name":"wp","href":"https:\/\/api.w.org\/{rel}","templated":true}]}}