{"id":219480,"date":"2016-02-04T14:58:34","date_gmt":"2016-02-04T14:58:34","guid":{"rendered":"http:\/\/diariodominicano.ddns.net\/?p=219480"},"modified":"2016-02-04T14:58:34","modified_gmt":"2016-02-04T14:58:34","slug":"regidor-del-prsc-acusa-alcalde-roberto-salcedo-de-vender-mirador-sur","status":"publish","type":"post","link":"https:\/\/diariodominicano.com\/?p=219480","title":{"rendered":"Regidor del PRSC acusa alcalde Roberto Salcedo de vender Mirador Sur"},"content":{"rendered":"<p><body><\/p>\n<p><img decoding=\"async\" src=\"img3\/RegidorJoaquin.jpg\" \/>  <\/p>\n<p><span class=\"text1noticias\">Santo Domingo, RD, 4 de Febrero.-El Regidor del Partido Reformista Social Cristiano de la Alcald\u00eda del Distrito Nacional, Joaqu\u00edn D\u00edaz acus\u00f3 a Roberto Salcedo de alquilar los espacios del Mirador Sur a particulares sin previa aprobaci\u00f3n de la Sala Capitular. <\/span><\/p>\n<p><span class=\"text1noticias\"> <\/span><\/p>\n<p><span class=\"text1noticias\">Seg\u00fan dijo, desde hace a\u00f1os viene exigiendo a la Consultor\u00eda Jur\u00eddica de la Alcald\u00eda de la capital los contratos de arrendamientos de los espacios p\u00fablicos, en franca violaci\u00f3n a la Ley 176-07 que dice que los mismos deben ser sometidos al Consejo de Regidores.<\/span><\/p>\n<p><span class=\"text1noticias\"> <\/span><\/p>\n<p><span class=\"text1noticias\">Joaqu\u00edn D\u00edaz, indic\u00f3 que mientras el litoral sur del Parque Mirador Sur est\u00e1 abandonado y plagado de construcciones ilegales, el Parque Iberoamericano ha recibido inversiones por encima de los RD$ 30 millones de pesos.<\/span><\/p>\n<p><span class=\"text1noticias\"> <\/span><\/p>\n<p><span class=\"text1noticias\">\u00abLa Plazoleta del parque est\u00e1 abandonada y las cuevas llenas de escombros y vemos c\u00f3mo operan ilegalmente alquiler de bicicletas, triciclos, restaurantes, un bar, y una terraza. Cobrando el Ayuntamiento sumas irrisorias de RD$ 30 mil pesos al mes por uso de suelos.\u00bb Se\u00f1al\u00f3 el regidor por el Partido Reformista Social Cristiano (PRSC).<\/span><\/p>\n<p><span class=\"text1noticias\"> <\/span><\/p>\n<p><span class=\"text1noticias\">D\u00edaz denunci\u00f3 que la Guacara Taina, el Mes\u00f3n de la Cava, el asadero y otros negocios operan de forma ilegal, ya que la Sala Capitular desconoce los t\u00e9rminos de los contratos, montos y fechas de expiraci\u00f3n de los mismos.<\/span><\/p>\n<p><span class=\"text1noticias\"> <\/span><\/p>\n<p><span class=\"text1noticias\">Apunt\u00f3 adem\u00e1s, que la  inseguridad, los atracos y muertes ocurridas en el  Parque Mirador Sur, son frutos del abandono de las autoridades, a pesar de que es el principal pulm\u00f3n verde de la ciudad y lugar de pr\u00e1cticas de ejercicios de los capitalinos.<\/span><\/p>\n<p><span class=\"text1noticias\"> <\/span><\/p>\n<p><span class=\"text1noticias\">El regidor pidi\u00f3 a los ciclistas, atletas, juntas de vecinos y deportistas en sentido general, as\u00ed como los vecinos aleda\u00f1os al parque, unirse al Patronato para la Protecci\u00f3n del Parque Mirador Sur, para su preservaci\u00f3n y conservaci\u00f3n.<\/span><\/p>\n<p><span class=\"text1noticias\"> <\/span><\/p>\n<p><span class=\"text1noticias\">Joaqu\u00edn D\u00edaz, se\u00f1al\u00f3 de igual modo que el Parque Mirador Sur no cuenta con una normativa de uso de suelos, debido al desinter\u00e9s  del alcalde Roberto Salcedo<\/span>.<\/p>\n<\/p>\n<h6> 2016-02-04 14:58:34 <\/h6>\n<p><!--\n<link rel=\"stylesheet\" href=\"css\/bootstrap.min.css\">\n\n\n<ul class=\"pagination\">\n\t    \n\t\n\n<li >\n\t<a href='?page_no=13798'>Previous<\/a>\n\t<\/li>\n\n\n       \n    \n\n<li><a href='?page_no=1'>1<\/a><\/li>\n\n\n\n<li><a href='?page_no=2'>2<\/a><\/li>\n\n\n\n<li><a>...<\/a><\/li>\n\n\n\n<li><a href='?page_no=13797'>13797<\/a><\/li>\n\n\n\n<li><a href='?page_no=13798'>13798<\/a><\/li>\n\n\n\n<li class='active'><a>13799<\/a><\/li>\n\n\n\n<li><a href='?page_no=13800'>13800<\/a><\/li>\n\n\n\n<li><a href='?page_no=13801'>13801<\/a><\/li>\n\n\n\n<li><a>...<\/a><\/li>\n\n\n\n<li><a href='?page_no=56169'>56169<\/a><\/li>\n\n\n\n<li><a href='?page_no=56170'>56170<\/a><\/li>\n\n    \n\t\n\n<li >\n\t<a href='?page_no=13800'>Next<\/a>\n\t<\/li>\n\n\n    \n\n<li><a href='?page_no=56170'>Last &rsaquo;&rsaquo;<\/a><\/li>\n\n<\/ul>\n\n\n--><br \/>\n<\/body><\/p>\n","protected":false},"excerpt":{"rendered":"<p>Santo Domingo, RD, 4 de Febrero.-El Regidor del Partido Reformista Social Cristiano de la Alcald\u00eda del Distrito Nacional, Joaqu\u00edn D\u00edaz acus\u00f3 a Roberto Salcedo de alquilar los espacios del Mirador Sur a particulares sin previa aprobaci\u00f3n de la Sala Capitular. Seg\u00fan dijo, desde hace a\u00f1os viene exigiendo a la Consultor\u00eda Jur\u00eddica de la Alcald\u00eda de [&hellip;]<\/p>\n","protected":false},"author":3,"featured_media":0,"comment_status":"open","ping_status":"open","sticky":false,"template":"","format":"standard","meta":{"footnotes":""},"categories":[20],"tags":[],"class_list":["post-219480","post","type-post","status-publish","format-standard","hentry","category-dominicana-hoy"],"_links":{"self":[{"href":"https:\/\/diariodominicano.com\/index.php?rest_route=\/wp\/v2\/posts\/219480","targetHints":{"allow":["GET"]}}],"collection":[{"href":"https:\/\/diariodominicano.com\/index.php?rest_route=\/wp\/v2\/posts"}],"about":[{"href":"https:\/\/diariodominicano.com\/index.php?rest_route=\/wp\/v2\/types\/post"}],"author":[{"embeddable":true,"href":"https:\/\/diariodominicano.com\/index.php?rest_route=\/wp\/v2\/users\/3"}],"replies":[{"embeddable":true,"href":"https:\/\/diariodominicano.com\/index.php?rest_route=%2Fwp%2Fv2%2Fcomments&post=219480"}],"version-history":[{"count":0,"href":"https:\/\/diariodominicano.com\/index.php?rest_route=\/wp\/v2\/posts\/219480\/revisions"}],"wp:attachment":[{"href":"https:\/\/diariodominicano.com\/index.php?rest_route=%2Fwp%2Fv2%2Fmedia&parent=219480"}],"wp:term":[{"taxonomy":"category","embeddable":true,"href":"https:\/\/diariodominicano.com\/index.php?rest_route=%2Fwp%2Fv2%2Fcategories&post=219480"},{"taxonomy":"post_tag","embeddable":true,"href":"https:\/\/diariodominicano.com\/index.php?rest_route=%2Fwp%2Fv2%2Ftags&post=219480"}],"curies":[{"name":"wp","href":"https:\/\/api.w.org\/{rel}","templated":true}]}}