{"id":219479,"date":"2016-02-04T15:52:53","date_gmt":"2016-02-04T15:52:53","guid":{"rendered":"http:\/\/diariodominicano.ddns.net\/?p=219479"},"modified":"2016-02-04T15:52:53","modified_gmt":"2016-02-04T15:52:53","slug":"peggy-cabral-por-reapertura-de-embajada-italiana-en-santo-domingo","status":"publish","type":"post","link":"https:\/\/diariodominicano.com\/?p=219479","title":{"rendered":"Peggy Cabral por reapertura de embajada italiana en Santo Domingo"},"content":{"rendered":"<p><body><\/p>\n<p><img decoding=\"async\" src=\"img3\/peggy.jpg\" \/>  <\/p>\n<p><span class=\"text1noticias\">Italia, 4 de Febrero.-Al iniciar los tr\u00e1mites de su formal presentaci\u00f3n de cartas credenciales como designada embajadora dominicana en Italia, Peggy Cabral apel\u00f3 en Roma al principio de reciprocidad para que esa naci\u00f3n reponga hom\u00f3logo en su pa\u00eds.<\/span><\/p>\n<\/p>\n<p><span class=\"text1noticias\">En el Ministerio de Asuntos Exteriores y Cooperaci\u00f3n Internacional (MAECI), al entregar a su titular plenipotenciario, Riccardo Guariglia, copia de las cartas credenciales de su investidura, aludi\u00f3 a una serie de asuntos de intercambios bilaterales que precisan contar con sendas embajadas.<\/span><\/p>\n<\/p>\n<p><span class=\"text1noticias\">Cabral expres\u00f3, \u00abpara fortalecer las hist\u00f3ricas relaciones bilaterales de la Rep\u00fablica Dominicana con Italia, que adem\u00e1s de armoniosas han redituado en el tiempo altos beneficios para ambas naciones, es de alto inter\u00e9s de mi gobierno la reapertura de la Embajada de esa naci\u00f3n en Santo Domingo\u00bb.<\/span><\/p>\n<\/p>\n<p><span class=\"text1noticias\">Desde el 31 de diciembre de 2014, la Embajada de Italia en Santo Domingo dej\u00f3 de operar y pas\u00f3 sus competencias a la Embajada de Italia en Panam\u00e1, desde donde tambi\u00e9n son despachados los servicios para los Estados de Hait\u00ed, Antigua y Barbuda, y Saint Kitts y Nevis, en tanto que para Jamaica lo hace desde el consulado de Italia en Miami.<\/span><\/p>\n<\/p>\n<p><span class=\"text1noticias\">Cabral puntualiz\u00f3, que entre otros, \u00abtr\u00e1mites como los de facilitar los permisos de trabajos, las iniciativas de convenciones para la educaci\u00f3n y las defensas de los derechos de los ciudadanos. As\u00ed como el turismo y las s\u00f3lidas inversiones Italianas existentes en el pa\u00eds Caribe\u00f1o, para su seguridad jur\u00eddica y expansi\u00f3n requieren contar con representaci\u00f3n diplom\u00e1tica al m\u00e1s alto nivel operando\u00bb.<\/span><\/p>\n<\/p>\n<p><span class=\"text1noticias\">En la reuni\u00f3n en el MAECI participaron tambi\u00e9n con el ministro, los se\u00f1ores Stefano Zanini y Claudio Miscia, del ceremonial diplom\u00e1tico.<\/span><\/p>\n<\/p>\n<p><span class=\"text1noticias\">Luego, Cabral sostuvo un encuentro con la se\u00f1ora Caterina Bertolini, directora central por los pa\u00edses de Am\u00e9rica Latina, con quien trat\u00f3 sobre las nuevas iniciativas sobre las que trabaja Italia en colaboraci\u00f3n con los pa\u00edses de la regi\u00f3n.<\/span><\/p>\n<\/p>\n<p><span class=\"text1noticias\">El martes 2, la Embajadora se habr\u00eda reunido con el senador Italiano, Vicenzo Cuomo, y con el representante de la Asociaci\u00f3n Parlamentaria \u00edtalo-dominicano, Maurizio Capuozzo<\/span>.<\/p>\n<h6> 2016-02-04 15:52:53 <\/h6>\n<p><!--\n<link rel=\"stylesheet\" href=\"css\/bootstrap.min.css\">\n\n\n<ul class=\"pagination\">\n\t    \n\t\n\n<li >\n\t<a href='?page_no=13797'>Previous<\/a>\n\t<\/li>\n\n\n       \n    \n\n<li><a href='?page_no=1'>1<\/a><\/li>\n\n\n\n<li><a href='?page_no=2'>2<\/a><\/li>\n\n\n\n<li><a>...<\/a><\/li>\n\n\n\n<li><a href='?page_no=13796'>13796<\/a><\/li>\n\n\n\n<li><a href='?page_no=13797'>13797<\/a><\/li>\n\n\n\n<li class='active'><a>13798<\/a><\/li>\n\n\n\n<li><a href='?page_no=13799'>13799<\/a><\/li>\n\n\n\n<li><a href='?page_no=13800'>13800<\/a><\/li>\n\n\n\n<li><a>...<\/a><\/li>\n\n\n\n<li><a href='?page_no=56169'>56169<\/a><\/li>\n\n\n\n<li><a href='?page_no=56170'>56170<\/a><\/li>\n\n    \n\t\n\n<li >\n\t<a href='?page_no=13799'>Next<\/a>\n\t<\/li>\n\n\n    \n\n<li><a href='?page_no=56170'>Last &rsaquo;&rsaquo;<\/a><\/li>\n\n<\/ul>\n\n\n--><br \/>\n<\/body><\/p>\n","protected":false},"excerpt":{"rendered":"<p>Italia, 4 de Febrero.-Al iniciar los tr\u00e1mites de su formal presentaci\u00f3n de cartas credenciales como designada embajadora dominicana en Italia, Peggy Cabral apel\u00f3 en Roma al principio de reciprocidad para que esa naci\u00f3n reponga hom\u00f3logo en su pa\u00eds. En el Ministerio de Asuntos Exteriores y Cooperaci\u00f3n Internacional (MAECI), al entregar a su titular plenipotenciario, Riccardo [&hellip;]<\/p>\n","protected":false},"author":3,"featured_media":0,"comment_status":"open","ping_status":"open","sticky":false,"template":"","format":"standard","meta":{"footnotes":""},"categories":[20],"tags":[],"class_list":["post-219479","post","type-post","status-publish","format-standard","hentry","category-dominicana-hoy"],"_links":{"self":[{"href":"https:\/\/diariodominicano.com\/index.php?rest_route=\/wp\/v2\/posts\/219479","targetHints":{"allow":["GET"]}}],"collection":[{"href":"https:\/\/diariodominicano.com\/index.php?rest_route=\/wp\/v2\/posts"}],"about":[{"href":"https:\/\/diariodominicano.com\/index.php?rest_route=\/wp\/v2\/types\/post"}],"author":[{"embeddable":true,"href":"https:\/\/diariodominicano.com\/index.php?rest_route=\/wp\/v2\/users\/3"}],"replies":[{"embeddable":true,"href":"https:\/\/diariodominicano.com\/index.php?rest_route=%2Fwp%2Fv2%2Fcomments&post=219479"}],"version-history":[{"count":0,"href":"https:\/\/diariodominicano.com\/index.php?rest_route=\/wp\/v2\/posts\/219479\/revisions"}],"wp:attachment":[{"href":"https:\/\/diariodominicano.com\/index.php?rest_route=%2Fwp%2Fv2%2Fmedia&parent=219479"}],"wp:term":[{"taxonomy":"category","embeddable":true,"href":"https:\/\/diariodominicano.com\/index.php?rest_route=%2Fwp%2Fv2%2Fcategories&post=219479"},{"taxonomy":"post_tag","embeddable":true,"href":"https:\/\/diariodominicano.com\/index.php?rest_route=%2Fwp%2Fv2%2Ftags&post=219479"}],"curies":[{"name":"wp","href":"https:\/\/api.w.org\/{rel}","templated":true}]}}