{"id":219478,"date":"2016-02-04T16:17:26","date_gmt":"2016-02-04T16:17:26","guid":{"rendered":"http:\/\/diariodominicano.ddns.net\/?p=219478"},"modified":"2016-02-04T16:17:26","modified_gmt":"2016-02-04T16:17:26","slug":"danilo-medina-supervisa-avance-construccion-caid-san-juan","status":"publish","type":"post","link":"https:\/\/diariodominicano.com\/?p=219478","title":{"rendered":"Danilo Medina supervisa avance construcci\u00f3n CAID-San Juan"},"content":{"rendered":"<p><body><\/p>\n<p><img decoding=\"async\" src=\"img3\/caiddanilo.jpg\" \/>  <\/p>\n<p><span class=\"text1noticias\">Santo Domingo, RD, 04 de febrero.-San Juan.-El presidente Danilo Medina realiz\u00f3 una visita sorpresa a esta provincia, donde supervis\u00f3 los trabajos de construcci\u00f3n del Centro de Atenci\u00f3n Integral para la Discapacidad (CAID), que construye el Despacho de la Primera Dama.<\/span><\/p>\n<\/p>\n<p><span class=\"text1noticias\">Por espacio de casi media hora, el jefe de Estado recorri\u00f3 las instalaciones y se interes\u00f3 por el estado real en que se encuentra actualmente dicha obra.<\/span><\/p>\n<\/p>\n<p><strong><span class=\"text1noticias\">Estar\u00e1 listo en febrero<\/span><\/strong><\/p>\n<\/p>\n<p><span class=\"text1noticias\">Los ingenieros responsables del CAID-San Juan se comprometieron a entregar la obra de infraestructura a finales de febrero, a los fines de que el gobernante disponga la fecha en que ser\u00e1 inaugurada.<\/span><\/p>\n<\/p>\n<p><strong><span class=\"text1noticias\">Es el tercer CAID del pa\u00eds <\/span><\/strong><\/p>\n<\/p>\n<p><span class=\"text1noticias\">Con el CAID-San Juan son tres los que el Gobierno, mediante el Despacho de la Primera Dama, ha construido en el pa\u00eds.  Est\u00e1n en pleno funcionamiento el CAID-Santo Domingo y el CAID-Santiago. La entidad tiene programado construir dos  centros m\u00e1s, que al igual que estos, dar\u00e1n servicio a ni\u00f1os con condiciones especiales.<\/span><\/p>\n<p><span class=\"text1noticias\"><strong>Tambi\u00e9n la Primera Dama<\/strong><\/span><\/p>\n<\/p>\n<p><span class=\"text1noticias\">Interesada por la agilizaci\u00f3n de los trabajos del CAID-San Juan, tambi\u00e9n la Primera Dama Candida Montilla de Medina ha realizado varias visitas de supervisi\u00f3n por las instalaciones que se construyen. La m\u00e1s reciente se produjo la semana pasada.<\/span><\/p>\n<\/p>\n<p><span class=\"text1noticias\">En su visita sorpresa el presidente Danilo Medina estuvo acompa\u00f1ado de sus asistentes especiales Carlos Pared P\u00e9rez, Robert de la Cruz y Miguel Mercedes, as\u00ed como el jefe del Cuerpo de Seguridad Presidencial, mayor general Ad\u00e1n C\u00e1ceres<\/span>.<\/p>\n<h6> 2016-02-04 16:17:26 <\/h6>\n<p><!--\n<link rel=\"stylesheet\" href=\"css\/bootstrap.min.css\">\n\n\n<ul class=\"pagination\">\n\t    \n\t\n\n<li >\n\t<a href='?page_no=13796'>Previous<\/a>\n\t<\/li>\n\n\n       \n    \n\n<li><a href='?page_no=1'>1<\/a><\/li>\n\n\n\n<li><a href='?page_no=2'>2<\/a><\/li>\n\n\n\n<li><a>...<\/a><\/li>\n\n\n\n<li><a href='?page_no=13795'>13795<\/a><\/li>\n\n\n\n<li><a href='?page_no=13796'>13796<\/a><\/li>\n\n\n\n<li class='active'><a>13797<\/a><\/li>\n\n\n\n<li><a href='?page_no=13798'>13798<\/a><\/li>\n\n\n\n<li><a href='?page_no=13799'>13799<\/a><\/li>\n\n\n\n<li><a>...<\/a><\/li>\n\n\n\n<li><a href='?page_no=56169'>56169<\/a><\/li>\n\n\n\n<li><a href='?page_no=56170'>56170<\/a><\/li>\n\n    \n\t\n\n<li >\n\t<a href='?page_no=13798'>Next<\/a>\n\t<\/li>\n\n\n    \n\n<li><a href='?page_no=56170'>Last &rsaquo;&rsaquo;<\/a><\/li>\n\n<\/ul>\n\n\n--><br \/>\n<\/body><\/p>\n","protected":false},"excerpt":{"rendered":"<p>Santo Domingo, RD, 04 de febrero.-San Juan.-El presidente Danilo Medina realiz\u00f3 una visita sorpresa a esta provincia, donde supervis\u00f3 los trabajos de construcci\u00f3n del Centro de Atenci\u00f3n Integral para la Discapacidad (CAID), que construye el Despacho de la Primera Dama. Por espacio de casi media hora, el jefe de Estado recorri\u00f3 las instalaciones y se [&hellip;]<\/p>\n","protected":false},"author":3,"featured_media":0,"comment_status":"open","ping_status":"open","sticky":false,"template":"","format":"standard","meta":{"footnotes":""},"categories":[20],"tags":[],"class_list":["post-219478","post","type-post","status-publish","format-standard","hentry","category-dominicana-hoy"],"_links":{"self":[{"href":"https:\/\/diariodominicano.com\/index.php?rest_route=\/wp\/v2\/posts\/219478","targetHints":{"allow":["GET"]}}],"collection":[{"href":"https:\/\/diariodominicano.com\/index.php?rest_route=\/wp\/v2\/posts"}],"about":[{"href":"https:\/\/diariodominicano.com\/index.php?rest_route=\/wp\/v2\/types\/post"}],"author":[{"embeddable":true,"href":"https:\/\/diariodominicano.com\/index.php?rest_route=\/wp\/v2\/users\/3"}],"replies":[{"embeddable":true,"href":"https:\/\/diariodominicano.com\/index.php?rest_route=%2Fwp%2Fv2%2Fcomments&post=219478"}],"version-history":[{"count":0,"href":"https:\/\/diariodominicano.com\/index.php?rest_route=\/wp\/v2\/posts\/219478\/revisions"}],"wp:attachment":[{"href":"https:\/\/diariodominicano.com\/index.php?rest_route=%2Fwp%2Fv2%2Fmedia&parent=219478"}],"wp:term":[{"taxonomy":"category","embeddable":true,"href":"https:\/\/diariodominicano.com\/index.php?rest_route=%2Fwp%2Fv2%2Fcategories&post=219478"},{"taxonomy":"post_tag","embeddable":true,"href":"https:\/\/diariodominicano.com\/index.php?rest_route=%2Fwp%2Fv2%2Ftags&post=219478"}],"curies":[{"name":"wp","href":"https:\/\/api.w.org\/{rel}","templated":true}]}}