{"id":219477,"date":"2016-02-04T17:33:57","date_gmt":"2016-02-04T17:33:57","guid":{"rendered":"http:\/\/diariodominicano.ddns.net\/?p=219477"},"modified":"2016-02-04T17:33:57","modified_gmt":"2016-02-04T17:33:57","slug":"presidente-medina-entrega-liceo-de-27-aulas-en-el-municipio-de-los-alcarrizos","status":"publish","type":"post","link":"https:\/\/diariodominicano.com\/?p=219477","title":{"rendered":"Presidente Medina entrega liceo de 27 aulas en el municipio de Los Alcarrizos"},"content":{"rendered":"<p><body><\/p>\n<p><img decoding=\"async\" src=\"img3\/daniloalcarrizos.jpg\" \/>  <\/p>\n<p><span class=\"text1noticias\">Santo Domingo, RD, 4 de Febrero.-El presidente Danilo Medina inaugur\u00f3 este jueves en el sector El Chucho, municipio Los Alcarrizos, provincia Santo Domingo, el Liceo Profesor Juan Bosch y Gavi\u00f1o, construido con fondos del Ministerio de Educaci\u00f3n (MINERD) a un costo de 61 millones 242 mil 161 pesos con 76 centavos.<\/span><\/p>\n<\/p>\n<p><span class=\"text1noticias\">El plantel cuenta con 27 aulas nuevas, que beneficiar\u00e1n a 840 estudiantes. Adem\u00e1s cuenta con laboratorios de Ciencias e Inform\u00e1tica, biblioteca, \u00e1rea administrativa equipada, comedor y cocina.<\/span><\/p>\n<\/p>\n<p><span class=\"text1noticias\">En la edificaci\u00f3n, cuyos trabajos de construcci\u00f3n fueron supervisados por la Oficina de Ingenieros Supervisores de Obras del Estado (OISOE), se invirtieron 54 millones 488 mil 902 pesos con 94 centavos.<\/span><\/p>\n<\/p>\n<p><span class=\"text1noticias\">En los laboratorios de Ciencias e Inform\u00e1tica el monto invertido fue de 565 mil pesos y 745 mil 280 pesos con 82 centavos, respectivamente. La biblioteca tuvo un costo de 1 mill\u00f3n 868 mil 350 pesos y 3 millones 574 mil 628 pesos, en el equipamiento de las oficinas.<\/span><\/p>\n<\/p>\n<p><span class=\"text1noticias\">El discurso central del acto fue pronunciado por el Ministro de Educaci\u00f3n, licenciado Carlos Amarante Baret, quien resalt\u00f3 el ambiente de alegr\u00eda y satisfacci\u00f3n de los residentes en El Chucho, porque hoy el presidente Medina les hace realidad un viejo anhelo que har\u00e1 que los estudiantes del lugar reciban clases en un ambiente seguro y confortable, \u00aben una gran obra que har\u00e1 que fructifique el conocimiento de nuestros estudiantes\u00bb.<\/span><\/p>\n<\/p>\n<p><span class=\"text1noticias\">Resalt\u00f3 que adem\u00e1s de una escuela b\u00e1sica inaugurada pr\u00f3ximo al liceo Juan Bosch, ahora el presidente dispuso la construcci\u00f3n de una estancia infantil para completar la Ciudad Universitaria de El Chucho. Llam\u00f3 a estudiantes, profesores y estudiantes a que a trav\u00e9s del nuevo plantel honren la memoria del profesor Juan Bosch para que como \u00e9l quer\u00eda, los futuros profesionales sean ma\u00f1ana buenos ciudadanos y ciudadanas.<\/span><\/p>\n<p><span class=\"text1noticias\">\u00abEso es lo que quiere esta Revoluci\u00f3n Educativa que impulsa nuestro presidente\u00bb, plante\u00f3 el Ministro de Educaci\u00f3n. Expres\u00f3 que gracias a la Jornada Escolar Extendida, las principales defensoras de la actual Revoluci\u00f3n Educativa son las madres dominicanas, porque gracias a ella sus familias e ven m\u00e1s protegidas porque adem\u00e1s de la educaci\u00f3n, sus hijos est\u00e1n bien cuidados y bien alimentados.<\/span><\/p>\n<\/p>\n<p><span class=\"text1noticias\">Amarante Baret proclam\u00f3 que la actual revoluci\u00f3n educativa est\u00e1 concebida para transformar todo el sistema de ense\u00f1anza en la Rep\u00fablica dominicana y ser un ente de progreso para todos los dominicanos. Manifest\u00f3 que todos los integrantes del sistema educativo dominicano son beneficiados con la Revoluci\u00f3n Educativa y su componente paradigm\u00e1tico, que es la Jornada Escolar Extendida.<\/span><\/p>\n<\/p>\n<p><span class=\"text1noticias\">Simult\u00e1neamente al corte de la cinta, fueron develizados sendos bustos al Padre de la Patria, Juan Pablo Duarte, y al profesor Juan Bosch, cuyo nombre lleva el nuevo plantel.<\/span><\/p>\n<\/p>\n<p><span class=\"text1noticias\">Tambi\u00e9n hablaron el Director de la OISOE, Francisco Pag\u00e1n, y la estudiante de tercer grado de Media, Susana Lluberes, pronunci\u00f3 el discurso de agradecimiento. Pag\u00e1n anunci\u00f3 que por disposici\u00f3n del presidente Medina, la OISOE construir\u00e1 en Los Alcarrizos una estancia infantil, un play-cancha deportiva con sus gradas, la continuaci\u00f3n de las calles Jimmy Garc\u00eda y Juan Marichal, cada una con su asfaltado, aceras y contenes.<\/span><\/p>\n<\/p>\n<p><span class=\"text1noticias\">En sus palabras de bienvenida, el director del centro, Rafael Bid\u00f3 N\u00fa\u00f1ez, dijo que durante 12 a\u00f1os el liceo estuvo funcionando en locales alquilados, con m\u00faltiples precariedades que limitaban el aprendizaje de los estudiantes.<\/span><\/p>\n<\/p>\n<p><span class=\"text1noticias\">\u00abHoy se vislumbra una luz, nace una esperanza, renace un nuevo d\u00eda, miramos hacia el frente, hacia atr\u00e1s, hacia los lados, hacia arriba y vemos un hermoso palacio. Este palacio recibe el  nombre de Liceo Profesor Juan Bosch, y lo recibir\u00e1n los y las estudiantes, los profesores, la comunidad y los sectores circundantes\u00bb, expres\u00f3 Bid\u00f3 N\u00fa\u00f1ez.<\/span><\/p>\n<\/p>\n<p><span class=\"text1noticias\">De su lado, la estudiante Susana Lluberes manifest\u00f3 que Dios tarda, pero nunca falla y act\u00faa en el momento oportuno, porque gracias a \u00c9l en esta ocasi\u00f3n el presidente Medina le entrega a la comunidad una moderna estructura educativa insertada en la Jornada Escolar Extendida.<\/span><\/p>\n<\/p>\n<p><span class=\"text1noticias\">La \u00faltima visita del presidente Medina a Los Alcarrizos se produjo el 12 de enero pasado, cuando inaugur\u00f3 la escuela de Nivel B\u00e1sico, Socorro S\u00e1nchez, construida por el Gobierno con fondos del Ministerio de Educaci\u00f3n (MINERD), con una inversi\u00f3n de 74 millones 771 mil 604 pesos con 73 centavos.<\/span><\/p>\n<p><span class=\"text1noticias\">Ese plantel cuenta con 29 aulas nuevas, entre ellas tres para el nivel Inicial, para albergar a 945 estudiantes. Posee adem\u00e1s biblioteca, rincones tecnol\u00f3gicos, laboratorios de inform\u00e1tica y ciencias, \u00e1rea administrativa equipada, comedor y cocina.<\/span><\/p>\n<\/p>\n<p><span class=\"text1noticias\">La inversi\u00f3n en la edificaci\u00f3n fue de 68 millones 119 mil 740 pesos con 84 centavos, y en equipamiento el costo es de 6 millones 651 mil 863 pesos con 89 centavos.<\/span><\/p>\n<\/p>\n<p><span class=\"text1noticias\">Acompa\u00f1aron al presidente Medina en la mesa principal y en el corte de cinta, el gobernador de la provincia, Juan Fr\u00edas; los diputados Yako Alberti, Aracelis Duarte y Omar de Marchena.<\/span><\/p>\n<\/p>\n<p><span class=\"text1noticias\">Tambi\u00e9n estuvieron presentes el alcalde de Los Alcarrizos, Junior Santos; Francisca Suero, Directora de la Regional 15 de Educaci\u00f3n, y el padre Jos\u00e9 Solano, de la parroquia Sagrado Coraz\u00f3n de Jes\u00fas, que bendijo el acto y la obra.  <\/span><\/p>\n<p><span class=\"text1noticias\"> <\/span><\/p>\n<p><span class=\"text1noticias\"><strong>Cifras provincia Santo Domingo<\/strong><\/span><\/p>\n<\/p>\n<p><span class=\"text1noticias\">En esta provincia hay 811 centros educativos, con una matr\u00edcula de 424,316 estudiantes. De estos centros, 91 funcionan en el municipio Los Alcarrizos, con 49,553 alumnos.<\/span><\/p>\n<\/p>\n<p><span class=\"text1noticias\">La provincia Santo Domingo cuenta con 188 escuelas de Jornada de Tanda Extendida, con 113,584 estudiantes beneficiados. De estos centros de tanda extendida, 13 est\u00e1n en Los Alcarrizos con 7,580 estudiantes matriculados<\/span>.<\/p>\n<h6> 2016-02-04 17:33:57 <\/h6>\n<p><!--\n<link rel=\"stylesheet\" href=\"css\/bootstrap.min.css\">\n\n\n<ul class=\"pagination\">\n\t    \n\t\n\n<li >\n\t<a href='?page_no=13795'>Previous<\/a>\n\t<\/li>\n\n\n       \n    \n\n<li><a href='?page_no=1'>1<\/a><\/li>\n\n\n\n<li><a href='?page_no=2'>2<\/a><\/li>\n\n\n\n<li><a>...<\/a><\/li>\n\n\n\n<li><a href='?page_no=13794'>13794<\/a><\/li>\n\n\n\n<li><a href='?page_no=13795'>13795<\/a><\/li>\n\n\n\n<li class='active'><a>13796<\/a><\/li>\n\n\n\n<li><a href='?page_no=13797'>13797<\/a><\/li>\n\n\n\n<li><a href='?page_no=13798'>13798<\/a><\/li>\n\n\n\n<li><a>...<\/a><\/li>\n\n\n\n<li><a href='?page_no=56169'>56169<\/a><\/li>\n\n\n\n<li><a href='?page_no=56170'>56170<\/a><\/li>\n\n    \n\t\n\n<li >\n\t<a href='?page_no=13797'>Next<\/a>\n\t<\/li>\n\n\n    \n\n<li><a href='?page_no=56170'>Last &rsaquo;&rsaquo;<\/a><\/li>\n\n<\/ul>\n\n\n--><br \/>\n<\/body><\/p>\n","protected":false},"excerpt":{"rendered":"<p>Santo Domingo, RD, 4 de Febrero.-El presidente Danilo Medina inaugur\u00f3 este jueves en el sector El Chucho, municipio Los Alcarrizos, provincia Santo Domingo, el Liceo Profesor Juan Bosch y Gavi\u00f1o, construido con fondos del Ministerio de Educaci\u00f3n (MINERD) a un costo de 61 millones 242 mil 161 pesos con 76 centavos. El plantel cuenta con [&hellip;]<\/p>\n","protected":false},"author":3,"featured_media":0,"comment_status":"open","ping_status":"open","sticky":false,"template":"","format":"standard","meta":{"footnotes":""},"categories":[20],"tags":[],"class_list":["post-219477","post","type-post","status-publish","format-standard","hentry","category-dominicana-hoy"],"_links":{"self":[{"href":"https:\/\/diariodominicano.com\/index.php?rest_route=\/wp\/v2\/posts\/219477","targetHints":{"allow":["GET"]}}],"collection":[{"href":"https:\/\/diariodominicano.com\/index.php?rest_route=\/wp\/v2\/posts"}],"about":[{"href":"https:\/\/diariodominicano.com\/index.php?rest_route=\/wp\/v2\/types\/post"}],"author":[{"embeddable":true,"href":"https:\/\/diariodominicano.com\/index.php?rest_route=\/wp\/v2\/users\/3"}],"replies":[{"embeddable":true,"href":"https:\/\/diariodominicano.com\/index.php?rest_route=%2Fwp%2Fv2%2Fcomments&post=219477"}],"version-history":[{"count":0,"href":"https:\/\/diariodominicano.com\/index.php?rest_route=\/wp\/v2\/posts\/219477\/revisions"}],"wp:attachment":[{"href":"https:\/\/diariodominicano.com\/index.php?rest_route=%2Fwp%2Fv2%2Fmedia&parent=219477"}],"wp:term":[{"taxonomy":"category","embeddable":true,"href":"https:\/\/diariodominicano.com\/index.php?rest_route=%2Fwp%2Fv2%2Fcategories&post=219477"},{"taxonomy":"post_tag","embeddable":true,"href":"https:\/\/diariodominicano.com\/index.php?rest_route=%2Fwp%2Fv2%2Ftags&post=219477"}],"curies":[{"name":"wp","href":"https:\/\/api.w.org\/{rel}","templated":true}]}}