{"id":219475,"date":"2016-02-05T08:10:50","date_gmt":"2016-02-05T08:10:50","guid":{"rendered":"http:\/\/diariodominicano.ddns.net\/?p=219475"},"modified":"2016-02-05T08:10:50","modified_gmt":"2016-02-05T08:10:50","slug":"medicos-advierten-continuaran-haciendo-sus-reclamos","status":"publish","type":"post","link":"https:\/\/diariodominicano.com\/?p=219475","title":{"rendered":"M\u00e9dicos advierten continuar\u00e1n haciendo sus reclamos"},"content":{"rendered":"<p><body><\/p>\n<p><img decoding=\"async\" src=\"img3\/paro 1.jpg\" \/><br \/><img decoding=\"async\" src=\"img3\/nada 1.jpg\" \/>  <\/p>\n<p>Santo Domingo RD 5 febrero.- Cientos de pacientes quedaron sin servicios de salud en los principales hospitales p\u00fablicos y del Seguro Social del Gran Santo Domingo, tras el personal acoger un paro de labores de 24 horas convocado por el Colegio M\u00e9dico Dominicano (CMD) y varios gremios de la salud, en reclamo de varias reivindicaciones.<\/p>\n<\/p>\n<p>La protesta, que mantuvo ayer en la explanada de los centros asistenciales a decenas de enfermeras, m\u00e9dicos, bionalistas y otros servidores, tom\u00f3 de sorpresa a pacientes que acudieron temprano a los hospitales a cumplir con citas para consultas m\u00e9dicas y otros servicios, lo que provoc\u00f3 la queja de algunos de ellos, aunque reconocen que las demandas son justas.<\/p>\n<\/p>\n<p>El personal de salud demanda aumento salarial, la conclusi\u00f3n de las intervenciones que se hacen en m\u00e1s de 50 hospitales del pa\u00eds, mejor\u00eda en las pensiones y una asignaci\u00f3n del cinco por ciento del Producto Interno Bruto (PIB) para el sector salud, entre otras.<\/p>\n<\/p>\n<p> Ayer en los hospitales del modelo tradicional de salud, entre ellos el Dar\u00edo Contreras, Francisco Moscoso Puello, Padre Billini, Infantil Robert Reid Cabral, San Lorenzo de Los Mina, Maternidad La Altagracia y Centro de Gastroenterolog\u00eda, entre otros, as\u00ed como en  los del IDSS, como el Salvador B. Gautier, solamente se atend\u00edan las emergencias y los pacientes ingresados en condiciones delicadas.<\/p>\n<\/p>\n<p>En centros como en el Moscoso Puello, s\u00f3lo algunos m\u00e9dicos militares ofrecieron consultas a los pacientes que llegaron, mientras en el Dar\u00edo Contreras hicieron lo propio m\u00e9dicos que ocupan labores gerenciales dentro del centro.<\/p>\n<\/p>\n<p>Las labores se desarrollaron de forma normal en hospitales del modelo de autogesti\u00f3n, donde el personal labora por contrato, como Cecanot, Ney Arias Lora, Marcelino V\u00e9lez Santana, Reynaldo Alm\u00e1nzar y Hugo Mendoza, entre otros.<\/p>\n<\/p>\n<p>Al ver la protesta, la mayor\u00eda de los pacientes opt\u00f3 por retirarse a sus hogares tras lamentar que gastaron sus pasajes y tuvieron que marcharse sin recibir los servicios, y otros acudieron a las \u00e1reas de emergencias para ser atendidos.<\/p>\n<\/p>\n<p> El personal de salud se mantuvo en la explanada vociferando consignas y mostrando cartelones donde recogen sus demandas. Se quejaban de las condiciones precarias con que realizan su trabajo ante la falta de equipos, espacios, instrumentos y escasez de personal.<\/p>\n<\/p>\n<p>Con el paro de labores de ayer, se concluye una jornada de paros escalonados convocados por el CMD y la mayor\u00eda de los  gremios de la salud que conforman el Pacto Nacional por la Salud. La semana pasada fueron paralizados los hospitales del Norte y Sur del pa\u00eds, este mi\u00e9rcoles se paralizaron los del Este y ayer los centros del Distrito Nacional y la provincia Santo Domingo.<\/p>\n<h6> 2016-02-05 08:10:50 <\/h6>\n<p><!--\n<link rel=\"stylesheet\" href=\"css\/bootstrap.min.css\">\n\n\n<ul class=\"pagination\">\n\t    \n\t\n\n<li >\n\t<a href='?page_no=13793'>Previous<\/a>\n\t<\/li>\n\n\n       \n    \n\n<li><a href='?page_no=1'>1<\/a><\/li>\n\n\n\n<li><a href='?page_no=2'>2<\/a><\/li>\n\n\n\n<li><a>...<\/a><\/li>\n\n\n\n<li><a href='?page_no=13792'>13792<\/a><\/li>\n\n\n\n<li><a href='?page_no=13793'>13793<\/a><\/li>\n\n\n\n<li class='active'><a>13794<\/a><\/li>\n\n\n\n<li><a href='?page_no=13795'>13795<\/a><\/li>\n\n\n\n<li><a href='?page_no=13796'>13796<\/a><\/li>\n\n\n\n<li><a>...<\/a><\/li>\n\n\n\n<li><a href='?page_no=56169'>56169<\/a><\/li>\n\n\n\n<li><a href='?page_no=56170'>56170<\/a><\/li>\n\n    \n\t\n\n<li >\n\t<a href='?page_no=13795'>Next<\/a>\n\t<\/li>\n\n\n    \n\n<li><a href='?page_no=56170'>Last &rsaquo;&rsaquo;<\/a><\/li>\n\n<\/ul>\n\n\n--><br \/>\n<\/body><\/p>\n","protected":false},"excerpt":{"rendered":"<p>Santo Domingo RD 5 febrero.- Cientos de pacientes quedaron sin servicios de salud en los principales hospitales p\u00fablicos y del Seguro Social del Gran Santo Domingo, tras el personal acoger un paro de labores de 24 horas convocado por el Colegio M\u00e9dico Dominicano (CMD) y varios gremios de la salud, en reclamo de varias reivindicaciones. [&hellip;]<\/p>\n","protected":false},"author":3,"featured_media":0,"comment_status":"open","ping_status":"open","sticky":false,"template":"","format":"standard","meta":{"footnotes":""},"categories":[20],"tags":[],"class_list":["post-219475","post","type-post","status-publish","format-standard","hentry","category-dominicana-hoy"],"_links":{"self":[{"href":"https:\/\/diariodominicano.com\/index.php?rest_route=\/wp\/v2\/posts\/219475","targetHints":{"allow":["GET"]}}],"collection":[{"href":"https:\/\/diariodominicano.com\/index.php?rest_route=\/wp\/v2\/posts"}],"about":[{"href":"https:\/\/diariodominicano.com\/index.php?rest_route=\/wp\/v2\/types\/post"}],"author":[{"embeddable":true,"href":"https:\/\/diariodominicano.com\/index.php?rest_route=\/wp\/v2\/users\/3"}],"replies":[{"embeddable":true,"href":"https:\/\/diariodominicano.com\/index.php?rest_route=%2Fwp%2Fv2%2Fcomments&post=219475"}],"version-history":[{"count":0,"href":"https:\/\/diariodominicano.com\/index.php?rest_route=\/wp\/v2\/posts\/219475\/revisions"}],"wp:attachment":[{"href":"https:\/\/diariodominicano.com\/index.php?rest_route=%2Fwp%2Fv2%2Fmedia&parent=219475"}],"wp:term":[{"taxonomy":"category","embeddable":true,"href":"https:\/\/diariodominicano.com\/index.php?rest_route=%2Fwp%2Fv2%2Fcategories&post=219475"},{"taxonomy":"post_tag","embeddable":true,"href":"https:\/\/diariodominicano.com\/index.php?rest_route=%2Fwp%2Fv2%2Ftags&post=219475"}],"curies":[{"name":"wp","href":"https:\/\/api.w.org\/{rel}","templated":true}]}}