{"id":219472,"date":"2016-02-05T12:33:14","date_gmt":"2016-02-05T12:33:14","guid":{"rendered":"http:\/\/diariodominicano.ddns.net\/?p=219472"},"modified":"2016-02-05T12:33:14","modified_gmt":"2016-02-05T12:33:14","slug":"ventura-camejo-habla-con-autoridades-de-salud-de-trabajos-en-hospitales","status":"publish","type":"post","link":"https:\/\/diariodominicano.com\/?p=219472","title":{"rendered":"Ventura Camejo habla con autoridades de salud de trabajos en hospitales"},"content":{"rendered":"<p><body><\/p>\n<p><img decoding=\"async\" src=\"img3\/camejo 1.jpg\" \/>  <\/p>\n<p>San Francisco de Macoris RD 5 febrero.- -El ministro de Administraci\u00f3n P\u00fablica, licenciado Ram\u00f3n Ventura Camejo, inform\u00f3 que se reuni\u00f3 con la ministra del Ministerio de Salud P\u00fablica, doctora Altagracia Guzm\u00e1n, como con el doctor Ram\u00f3n Alvarado, de esa misma instituci\u00f3n, con los cuales habl\u00f3 de los trabajos de mejoramientos de  las instalaciones  de los hospitales p\u00fablicos que desarrolla el gobierno, incluido el San Vicente de Pa\u00fal, de esta ciudad, para luego continuar con la habilitaci\u00f3n de los mismos.  <\/p>\n<\/p>\n<p>Indic\u00f3 que el Presidente Danilo Medina est\u00e1 interesado en que el pa\u00eds cuente con instalaciones hospitalarias que respondan a las demandas de los ciudadanos, por lo que se est\u00e1 trabajando aceleradamente en el mejoramiento de los centros asistenciales, como de otras \u00e1reas de la administraci\u00f3n p\u00fablica.<\/p>\n<\/p>\n<p>Observ\u00f3 que a\u00fan manteni\u00e9ndose los trabajos de mejoramientos de  las instalaciones de esos hospitales,  el Ministerio de Administraci\u00f3n P\u00fablica (MAP), bajo su direcci\u00f3n, contin\u00faa con  los procesos de capacitaci\u00f3n del personal de cada una de esas entidades y dem\u00e1s instituciones p\u00fablicas, seg\u00fan lo informado por el periodista Lu\u00eds C\u00e9spedes Pe\u00f1a.   <\/p>\n<\/p>\n<p>Inform\u00f3 que una vez concluidos los planes de mejoras en los hospitales, se dar\u00e1  inicio a un proceso de habilitaci\u00f3n, ya no se manera formal, sino de forma cooperativa.  Dijo que se busca que todo eso pueda \u00abconducirnos, de manera objetiva, a poner en buenas condiciones a nuestros hospitales, para poder responder a las necesidades de la ciudadan\u00eda que hace uso de ellos\u00bb.<\/p>\n<\/p>\n<p>El ministro Ventura Camejo hablo durante la firma de un acuerdo-compromiso para la capacitaci\u00f3n, a cargo de t\u00e9cnicos del MAP, del personal  del Hospital San Vicente de Pa\u00fal. Firm\u00f3, por el centro asistencial, el director  doctor \u00c1ngel Rosario, con la participaci\u00f3n del viceministro del MAP, Elso Segura Mart\u00ednez, responsable en el Cibao del \u00e1rea de Administraci\u00f3n P\u00fablica.  Tambi\u00e9n particip\u00f3 la subdirectora administrativa del centro asistencial, licenciada Hortensia Hern\u00e1ndez.<\/p>\n<\/p>\n<p>El ministro Ventura Camejo declar\u00f3 que hace tres a\u00f1os, la Organizaci\u00f3n Panamericana de la Salud (OPS), invit\u00f3 al MAP, como al Ministerio de Salud P\u00fablica, para participar en un evento internacional, debido a que esa entidad, como la Organizaci\u00f3n Mundial de la Salud, entiende  que  uno de los grandes retos  que tienen los hospitales, es el relacionado con  personal.<\/p>\n<\/p>\n<p>Observ\u00f3 que esos organismos  internacionales consideran que en la medida en que el personal p\u00fablico mejora en su capacidad y calidad, en este caso, los hospitales, se incrementa la cobertura a favor de los ciudadanos. Dijo que se hizo el compromiso de colaborar con el Ministerio de Salud P\u00fablica, en lo que se refiere a la capacitaci\u00f3n del personal.<\/p>\n<\/p>\n<p>Destac\u00f3 la importancia de que cada instituci\u00f3n p\u00fablica se haga un  auto-diagn\u00f3stico, el cual  tiene que estar basado en un plan de mejoras continuas, que debe desarrollarse a trav\u00e9s de un plan estrat\u00e9gico.<\/p>\n<\/p>\n<p>Afirm\u00f3 que as\u00ed se podr\u00e1 establecer cu\u00e1les son las \u00e1reas que requieren de mayor atenci\u00f3n, los retos  y desaf\u00edos para contar con una buena organizaci\u00f3n en hospitales. Tambi\u00e9n, en los dem\u00e1s organismos del Estado. Destac\u00f3 la importancia de ese tipo de acuerdo para cumplir y dar respuestas a las necesidades que reclama  la poblaci\u00f3n. \u00abEs una forma de ir solucionando las deficiencias que se pueden tener\u00bb, indic\u00f3 el ministro. Precis\u00f3 que hay que seguir con el proceso de auto-evaluaci\u00f3n, transparencia,  mejora continua y calidad. \u00abLuego, debemos saber qu\u00e9 piensa la gente del trabajo que desarrollamos\u00bb, dijo.   <\/p>\n<\/p>\n<p>\u00abCada quien debe estar en la funci\u00f3n que tiene capacidad de desempe\u00f1ar \u00ab, reiter\u00f3  el ministro Ram\u00f3n Ventura Camejo.<\/p>\n<\/p>\n<p>Manifest\u00f3 que el marco Com\u00fan de Evaluaci\u00f3n (CAF) est\u00e1 dise\u00f1ado para el desarrollo de una buena gerencia p\u00fablica a trav\u00e9s de los resultados.  Dijo que para eso hay que contar con un buen plan estrat\u00e9gico para no improvisar.  Habl\u00f3 de la importancia de la gesti\u00f3n del personal.<\/p>\n<\/p>\n<p>El funcionario manifest\u00f3 que nuestra responsabilidad est\u00e1 en servirles a los ciudadanos con calidad y calidez. \u00abY, adem\u00e1s, ver qu\u00e9 impacto produce el trabajo de calidad en el entorno\u00bb, indic\u00f3. Dijo que hay que seguir trabajando para darles respuestas positivas a las demandas de los ciudadanos.<\/p>\n<\/p>\n<p>Precis\u00f3 que  a cada rector\u00eda de las instituciones del Estado le corresponde  hacer  un estudio de clima y determinar qu\u00e9 tipo de pol\u00edtica p\u00fablica debe aplicar. \u00abSi hay una pol\u00edtica p\u00fablica para reducir la mortalidad materno infantil, como es el caso de los hospitales, ver en qu\u00e9 medida eso est\u00e1 dando buenos resultados con la reducci\u00f3n de ese tipo de muerte\u00bb, afirm\u00f3.<\/p>\n<\/p>\n<p>El ministro Ventura Camejo explic\u00f3 que hay que hacer mediciones en el entorno para conocer si los ciudadanos est\u00e1n satisfechos o no con el trabajo de la instituci\u00f3n. Dijo que hay que trabajar enfocado en los ciudadanos.  Declar\u00f3 que hay que trabajar para producir buenos resultados.<\/p>\n<\/p>\n<p>Habl\u00f3 de la importancia de determinar d\u00f3nde est\u00e1n los puntos fuertes y las debilidades de la las instituciones. Afirm\u00f3 que hay que trabajar para fortalecer los puntos fuertes y enfrentar las debilidades. \u00abTenemos que trabajar con los auto-diagn\u00f3sticos para poder aplicar las terapias\u00bb, agreg\u00f3.<\/p>\n<\/p>\n<h6> 2016-02-05 12:33:14 <\/h6>\n<p><!--\n<link rel=\"stylesheet\" href=\"css\/bootstrap.min.css\">\n\n\n<ul class=\"pagination\">\n\t    \n\t\n\n<li >\n\t<a href='?page_no=13790'>Previous<\/a>\n\t<\/li>\n\n\n       \n    \n\n<li><a href='?page_no=1'>1<\/a><\/li>\n\n\n\n<li><a href='?page_no=2'>2<\/a><\/li>\n\n\n\n<li><a>...<\/a><\/li>\n\n\n\n<li><a href='?page_no=13789'>13789<\/a><\/li>\n\n\n\n<li><a href='?page_no=13790'>13790<\/a><\/li>\n\n\n\n<li class='active'><a>13791<\/a><\/li>\n\n\n\n<li><a href='?page_no=13792'>13792<\/a><\/li>\n\n\n\n<li><a href='?page_no=13793'>13793<\/a><\/li>\n\n\n\n<li><a>...<\/a><\/li>\n\n\n\n<li><a href='?page_no=56169'>56169<\/a><\/li>\n\n\n\n<li><a href='?page_no=56170'>56170<\/a><\/li>\n\n    \n\t\n\n<li >\n\t<a href='?page_no=13792'>Next<\/a>\n\t<\/li>\n\n\n    \n\n<li><a href='?page_no=56170'>Last &rsaquo;&rsaquo;<\/a><\/li>\n\n<\/ul>\n\n\n--><br \/>\n<\/body><\/p>\n","protected":false},"excerpt":{"rendered":"<p>San Francisco de Macoris RD 5 febrero.- -El ministro de Administraci\u00f3n P\u00fablica, licenciado Ram\u00f3n Ventura Camejo, inform\u00f3 que se reuni\u00f3 con la ministra del Ministerio de Salud P\u00fablica, doctora Altagracia Guzm\u00e1n, como con el doctor Ram\u00f3n Alvarado, de esa misma instituci\u00f3n, con los cuales habl\u00f3 de los trabajos de mejoramientos de las instalaciones de los [&hellip;]<\/p>\n","protected":false},"author":3,"featured_media":0,"comment_status":"open","ping_status":"open","sticky":false,"template":"","format":"standard","meta":{"footnotes":""},"categories":[20],"tags":[],"class_list":["post-219472","post","type-post","status-publish","format-standard","hentry","category-dominicana-hoy"],"_links":{"self":[{"href":"https:\/\/diariodominicano.com\/index.php?rest_route=\/wp\/v2\/posts\/219472","targetHints":{"allow":["GET"]}}],"collection":[{"href":"https:\/\/diariodominicano.com\/index.php?rest_route=\/wp\/v2\/posts"}],"about":[{"href":"https:\/\/diariodominicano.com\/index.php?rest_route=\/wp\/v2\/types\/post"}],"author":[{"embeddable":true,"href":"https:\/\/diariodominicano.com\/index.php?rest_route=\/wp\/v2\/users\/3"}],"replies":[{"embeddable":true,"href":"https:\/\/diariodominicano.com\/index.php?rest_route=%2Fwp%2Fv2%2Fcomments&post=219472"}],"version-history":[{"count":0,"href":"https:\/\/diariodominicano.com\/index.php?rest_route=\/wp\/v2\/posts\/219472\/revisions"}],"wp:attachment":[{"href":"https:\/\/diariodominicano.com\/index.php?rest_route=%2Fwp%2Fv2%2Fmedia&parent=219472"}],"wp:term":[{"taxonomy":"category","embeddable":true,"href":"https:\/\/diariodominicano.com\/index.php?rest_route=%2Fwp%2Fv2%2Fcategories&post=219472"},{"taxonomy":"post_tag","embeddable":true,"href":"https:\/\/diariodominicano.com\/index.php?rest_route=%2Fwp%2Fv2%2Ftags&post=219472"}],"curies":[{"name":"wp","href":"https:\/\/api.w.org\/{rel}","templated":true}]}}