{"id":219471,"date":"2016-02-05T19:00:10","date_gmt":"2016-02-05T19:00:10","guid":{"rendered":"http:\/\/diariodominicano.ddns.net\/?p=219471"},"modified":"2016-02-05T19:00:10","modified_gmt":"2016-02-05T19:00:10","slug":"cdp-condena-agresion-contra-fotoreportero-del-periodico-el-caribe","status":"publish","type":"post","link":"https:\/\/diariodominicano.com\/?p=219471","title":{"rendered":"CDP condena agresi\u00f3n contra fotoreportero del Peri\u00f3dico El Caribe"},"content":{"rendered":"<p><body><\/p>\n<p><img decoding=\"async\" src=\"img3\/Colegiodistas.jpg\" \/>  <\/p>\n<p><span class=\"text1noticias\">Santo Domingo, R. D., 5 de febrero.- \u00abNo es posible que pase desapercibido el hecho de que a un trabajador de la prensa se le hiera de 12 perdigones y que no haya consecuencias en el plano legal\u00bb, Olivo De Le\u00f3n, CDP.<\/span><\/p>\n<p><span class=\"text1noticias\"> <\/span><\/p>\n<p><span class=\"text1noticias\">Santo Domingo, R.D.- El Comit\u00e9 Ejecutivo del Colegio Dominicano de Periodistas (CDP) conden\u00f3 en\u00e9rgicamente la agresi\u00f3n a perdigonazos de que fue objeto el foto-reportero del peri\u00f3dico El Caribe Danni Polanco, durante manifestaciones de protestas en la UASD.<\/span><\/p>\n<p><span class=\"text1noticias\"> <\/span><\/p>\n<p><span class=\"text1noticias\">Mediante una Nota de Prensa de Protesta, el presidente del CDP, licenciado Olivo De Le\u00f3n, llam\u00f3 a la Polic\u00eda Nacional y al Ministerio P\u00fablico a que investiguen a los agresores del trabajador de la prensa, para que se tomen las sanciones que la ley dispone frente a ese hecho punible.<\/span><\/p>\n<p><span class=\"text1noticias\"> <\/span><\/p>\n<p><span class=\"text1noticias\">La agresi\u00f3n de que fue v\u00edctima el fotoreportero Polanco se produce a pocos d\u00edas de que el Colegio Dominicano de Periodistas y la Organizaci\u00f3n de las Naciones Unidas para el Desarrollo de la Ciencia y la Cultura (Unesco) desarrollaran en la Regi\u00f3n este del pa\u00eds el Seminario \u00abLa Seguridad del Periodista en Rep\u00fablica Dominicana\u00bb, durante el cual un grupo de comunic\u00f3logos nacionales y extranjeros abord\u00f3 los desaf\u00edos y amenazas que enfrentan los periodistas en pleno ejercicio, tanto en este pa\u00eds como en Am\u00e9rica Latina y otras latitudes.<\/span><\/p>\n<p><span class=\"text1noticias\"> <\/span><\/p>\n<p><span class=\"text1noticias\">\u00abNo es posible que pase desapercibido el hecho de que a un trabajador de la prensa se le hiera de 12 perdigones y que no haya consecuencias en el plano legal, as\u00ed sea durante manifestaciones de protestas o en condiciones normales\u00bb, plante\u00f3 el presidente del CDP.<\/span><\/p>\n<p><span class=\"text1noticias\"> <\/span><\/p>\n<p><span class=\"text1noticias\">Dijo que el Estado debe garantizar la seguridad ciudadana y en esencia la de profesionales que ejercen una profesi\u00f3n de riesgos por la preservaci\u00f3n de la democracia del pa\u00eds a trav\u00e9s del ejercicio noble de la comunicaci\u00f3n y el periodismo en sus distintas face<\/span>tas.<\/p>\n<h6> 2016-02-05 19:00:10 <\/h6>\n<p><!--\n<link rel=\"stylesheet\" href=\"css\/bootstrap.min.css\">\n\n\n<ul class=\"pagination\">\n\t    \n\t\n\n<li >\n\t<a href='?page_no=13789'>Previous<\/a>\n\t<\/li>\n\n\n       \n    \n\n<li><a href='?page_no=1'>1<\/a><\/li>\n\n\n\n<li><a href='?page_no=2'>2<\/a><\/li>\n\n\n\n<li><a>...<\/a><\/li>\n\n\n\n<li><a href='?page_no=13788'>13788<\/a><\/li>\n\n\n\n<li><a href='?page_no=13789'>13789<\/a><\/li>\n\n\n\n<li class='active'><a>13790<\/a><\/li>\n\n\n\n<li><a href='?page_no=13791'>13791<\/a><\/li>\n\n\n\n<li><a href='?page_no=13792'>13792<\/a><\/li>\n\n\n\n<li><a>...<\/a><\/li>\n\n\n\n<li><a href='?page_no=56169'>56169<\/a><\/li>\n\n\n\n<li><a href='?page_no=56170'>56170<\/a><\/li>\n\n    \n\t\n\n<li >\n\t<a href='?page_no=13791'>Next<\/a>\n\t<\/li>\n\n\n    \n\n<li><a href='?page_no=56170'>Last &rsaquo;&rsaquo;<\/a><\/li>\n\n<\/ul>\n\n\n--><br \/>\n<\/body><\/p>\n","protected":false},"excerpt":{"rendered":"<p>Santo Domingo, R. D., 5 de febrero.- \u00abNo es posible que pase desapercibido el hecho de que a un trabajador de la prensa se le hiera de 12 perdigones y que no haya consecuencias en el plano legal\u00bb, Olivo De Le\u00f3n, CDP. Santo Domingo, R.D.- El Comit\u00e9 Ejecutivo del Colegio Dominicano de Periodistas (CDP) conden\u00f3 [&hellip;]<\/p>\n","protected":false},"author":3,"featured_media":0,"comment_status":"open","ping_status":"open","sticky":false,"template":"","format":"standard","meta":{"footnotes":""},"categories":[20],"tags":[],"class_list":["post-219471","post","type-post","status-publish","format-standard","hentry","category-dominicana-hoy"],"_links":{"self":[{"href":"https:\/\/diariodominicano.com\/index.php?rest_route=\/wp\/v2\/posts\/219471","targetHints":{"allow":["GET"]}}],"collection":[{"href":"https:\/\/diariodominicano.com\/index.php?rest_route=\/wp\/v2\/posts"}],"about":[{"href":"https:\/\/diariodominicano.com\/index.php?rest_route=\/wp\/v2\/types\/post"}],"author":[{"embeddable":true,"href":"https:\/\/diariodominicano.com\/index.php?rest_route=\/wp\/v2\/users\/3"}],"replies":[{"embeddable":true,"href":"https:\/\/diariodominicano.com\/index.php?rest_route=%2Fwp%2Fv2%2Fcomments&post=219471"}],"version-history":[{"count":0,"href":"https:\/\/diariodominicano.com\/index.php?rest_route=\/wp\/v2\/posts\/219471\/revisions"}],"wp:attachment":[{"href":"https:\/\/diariodominicano.com\/index.php?rest_route=%2Fwp%2Fv2%2Fmedia&parent=219471"}],"wp:term":[{"taxonomy":"category","embeddable":true,"href":"https:\/\/diariodominicano.com\/index.php?rest_route=%2Fwp%2Fv2%2Fcategories&post=219471"},{"taxonomy":"post_tag","embeddable":true,"href":"https:\/\/diariodominicano.com\/index.php?rest_route=%2Fwp%2Fv2%2Ftags&post=219471"}],"curies":[{"name":"wp","href":"https:\/\/api.w.org\/{rel}","templated":true}]}}