{"id":219469,"date":"2016-02-05T19:19:59","date_gmt":"2016-02-05T19:19:59","guid":{"rendered":"http:\/\/diariodominicano.ddns.net\/?p=219469"},"modified":"2016-02-05T19:19:59","modified_gmt":"2016-02-05T19:19:59","slug":"primera-dama-candida-montilla-vuelve-a-san-juan-supervisar-caid","status":"publish","type":"post","link":"https:\/\/diariodominicano.com\/?p=219469","title":{"rendered":"Primera Dama, C\u00e1ndida Montilla vuelve a San Juan supervisar CAID"},"content":{"rendered":"<p><body><\/p>\n<p><img decoding=\"async\" src=\"img3\/IMG_3157.JPG\" \/><br \/><img decoding=\"async\" src=\"img3\/IMG_3145.JPG\" \/>  <\/p>\n<p><span class=\"text1noticias\">Santo Domingo, R. D., 5 de febrero.-  El embajador de la Rep\u00fablica de China Taiw\u00e1n en el pa\u00eds, Valentino Ji Zen Tang, gir\u00f3 este viernes una visita al Centro de Atenci\u00f3n Integral (CAID), en el municipio Santo Domingo Oeste y consider\u00f3 que los dominicanos deben \u00absentirse orgullosos de esa instituci\u00f3n, que constituye un ejemplo para la regi\u00f3n del Caribe y Centroam\u00e9rica\u00bb.<\/span><\/p>\n<p><span class=\"text1noticias\"> <\/span><\/p>\n<p><span class=\"text1noticias\">Concomitantemente, la Primera Dama de la Rep\u00fablica, C\u00e1ndida Montilla de Medina, se encontraba en San Juan en labores de supervisi\u00f3n de los trabajos de construcci\u00f3n del tercer CAID, que pronto ser\u00e1 inaugurado en esa provincia.<\/span><\/p>\n<p><span class=\"text1noticias\"> <\/span><\/p>\n<p><span class=\"text1noticias\">Taiw\u00e1n quiere replicar experiencia en otros pa\u00edses<\/span><\/p>\n<p><span class=\"text1noticias\">Ji Zen Tang manifest\u00f3 el firme inter\u00e9s de su gobierno de continuar apoyando a los CAID, que construye el Despacho de la Primera Dama y mostrar estos proyectos a otros pa\u00edses aliados de Taiw\u00e1n, para extender hacia ellos la cooperaci\u00f3n que ha brindado al Despacho de la Primera Dama.<\/span><\/p>\n<p><span class=\"text1noticias\"> <\/span><\/p>\n<p><span class=\"text1noticias\">Su visi\u00f3n sobre el equipo del CAID<\/span><\/p>\n<p><span class=\"text1noticias\">El diplom\u00e1tico dijo que \u00abeste es un centro para muchos angelitos y a esos angelitos no podemos ignorarlos, tenemos que cuidarlos y hacer todo lo posible. Nosotros vamos a cumplir con nuestra responsabilidad porque nosotros debemos darle lo mejor a ellos, porque ellos son parte importante de nuestra sociedad\u00bb.<\/span><\/p>\n<p><span class=\"text1noticias\"> <\/span><\/p>\n<p><span class=\"text1noticias\">A su llegada, el embajador de China Taiw\u00e1n fue recibido por el director del CAID, Mois\u00e9s Taveras,  y las coordinadora y Supervisora de Servicios de Salud, Ros\u00e1ngela Mendoza y Mayra Ramos, respectivamente, quienes tambi\u00e9n realizaron un recorrido con el diplom\u00e1tico.<\/span><\/p>\n<p><span class=\"text1noticias\"> <\/span><\/p>\n<p><span class=\"text1noticias\">Montilla de Medina contin\u00faa supervisi\u00f3n<\/span><\/p>\n<p><span class=\"text1noticias\">La Primera Dama, como lo ha hecho varias veces en las \u00faltimas semanas, recorri\u00f3 nueva vez este viernes el CAID-San Juan, que ser\u00e1 inaugurado en los pr\u00f3ximos d\u00edas.<\/span><\/p>\n<p><span class=\"text1noticias\"> <\/span><\/p>\n<p><span class=\"text1noticias\">En la visita estuvo acompa\u00f1ada de la diputada Luc\u00eda Medina y de una comisi\u00f3n de ingenieros supervisores, designada por el ministro de Obras P\u00fablicas, Gonzalo Castillo, para continuar los trabajos de supervisi\u00f3n de la construcci\u00f3n de la obra, en el Sur. <\/span><\/p>\n<p><span class=\"text1noticias\"> <\/span><\/p>\n<p><span class=\"text1noticias\">Los CAID ofrecen atenci\u00f3n a ni\u00f1os y ni\u00f1as de cero a diez a\u00f1os de edad, con Trastornos del Espectro Autista, S\u00edndrome de Down y Par\u00e1lisis Cerebral, entre<\/span> otros.<\/p>\n<h6> 2016-02-05 19:19:59 <\/h6>\n<p><!--\n<link rel=\"stylesheet\" href=\"css\/bootstrap.min.css\">\n\n\n<ul class=\"pagination\">\n\t    \n\t\n\n<li >\n\t<a href='?page_no=13788'>Previous<\/a>\n\t<\/li>\n\n\n       \n    \n\n<li><a href='?page_no=1'>1<\/a><\/li>\n\n\n\n<li><a href='?page_no=2'>2<\/a><\/li>\n\n\n\n<li><a>...<\/a><\/li>\n\n\n\n<li><a href='?page_no=13787'>13787<\/a><\/li>\n\n\n\n<li><a href='?page_no=13788'>13788<\/a><\/li>\n\n\n\n<li class='active'><a>13789<\/a><\/li>\n\n\n\n<li><a href='?page_no=13790'>13790<\/a><\/li>\n\n\n\n<li><a href='?page_no=13791'>13791<\/a><\/li>\n\n\n\n<li><a>...<\/a><\/li>\n\n\n\n<li><a href='?page_no=56169'>56169<\/a><\/li>\n\n\n\n<li><a href='?page_no=56170'>56170<\/a><\/li>\n\n    \n\t\n\n<li >\n\t<a href='?page_no=13790'>Next<\/a>\n\t<\/li>\n\n\n    \n\n<li><a href='?page_no=56170'>Last &rsaquo;&rsaquo;<\/a><\/li>\n\n<\/ul>\n\n\n--><br \/>\n<\/body><\/p>\n","protected":false},"excerpt":{"rendered":"<p>Santo Domingo, R. D., 5 de febrero.- El embajador de la Rep\u00fablica de China Taiw\u00e1n en el pa\u00eds, Valentino Ji Zen Tang, gir\u00f3 este viernes una visita al Centro de Atenci\u00f3n Integral (CAID), en el municipio Santo Domingo Oeste y consider\u00f3 que los dominicanos deben \u00absentirse orgullosos de esa instituci\u00f3n, que constituye un ejemplo para [&hellip;]<\/p>\n","protected":false},"author":3,"featured_media":0,"comment_status":"open","ping_status":"open","sticky":false,"template":"","format":"standard","meta":{"footnotes":""},"categories":[20],"tags":[],"class_list":["post-219469","post","type-post","status-publish","format-standard","hentry","category-dominicana-hoy"],"_links":{"self":[{"href":"https:\/\/diariodominicano.com\/index.php?rest_route=\/wp\/v2\/posts\/219469","targetHints":{"allow":["GET"]}}],"collection":[{"href":"https:\/\/diariodominicano.com\/index.php?rest_route=\/wp\/v2\/posts"}],"about":[{"href":"https:\/\/diariodominicano.com\/index.php?rest_route=\/wp\/v2\/types\/post"}],"author":[{"embeddable":true,"href":"https:\/\/diariodominicano.com\/index.php?rest_route=\/wp\/v2\/users\/3"}],"replies":[{"embeddable":true,"href":"https:\/\/diariodominicano.com\/index.php?rest_route=%2Fwp%2Fv2%2Fcomments&post=219469"}],"version-history":[{"count":0,"href":"https:\/\/diariodominicano.com\/index.php?rest_route=\/wp\/v2\/posts\/219469\/revisions"}],"wp:attachment":[{"href":"https:\/\/diariodominicano.com\/index.php?rest_route=%2Fwp%2Fv2%2Fmedia&parent=219469"}],"wp:term":[{"taxonomy":"category","embeddable":true,"href":"https:\/\/diariodominicano.com\/index.php?rest_route=%2Fwp%2Fv2%2Fcategories&post=219469"},{"taxonomy":"post_tag","embeddable":true,"href":"https:\/\/diariodominicano.com\/index.php?rest_route=%2Fwp%2Fv2%2Ftags&post=219469"}],"curies":[{"name":"wp","href":"https:\/\/api.w.org\/{rel}","templated":true}]}}