{"id":219468,"date":"2016-02-05T19:55:52","date_gmt":"2016-02-05T19:55:52","guid":{"rendered":"http:\/\/diariodominicano.ddns.net\/?p=219468"},"modified":"2016-02-05T19:55:52","modified_gmt":"2016-02-05T19:55:52","slug":"ofician-misa-por-sexta-jornada-mundial-del-enfermo","status":"publish","type":"post","link":"https:\/\/diariodominicano.com\/?p=219468","title":{"rendered":"Ofician misa por Sexta Jornada Mundial del Enfermo"},"content":{"rendered":"<p><body><\/p>\n<p><img decoding=\"async\" src=\"img3\/DSC_0443.JPG\" \/>  <\/p>\n<p>Santo Domingo, R. D., 5 de febrero.- En el marco de la celebraci\u00f3n de la Vig\u00e9sima Sexta Jornada Mundial del Enfermo, fue realizada este viernes una misa por los pacientes del Hospital Docente Padre Billini.<\/p>\n<\/p>\n<p>La celebraci\u00f3n religiosa fue organizada por la congregaci\u00f3n de las hermanas mercedarias de la caridad, la pastoral de la salud, congregaciones de la zona colonial y   las autoridades del centro asistencial.<\/p>\n<\/p>\n<p>La eucarist\u00eda fue celebrada por el  sacerdote Juan Bautista Cordero, arcipreste de la Zona Colonial.<\/p>\n<\/p>\n<p>En el marco de la misa, el religioso ungi\u00f3 a los pacientes con el sacramento de la unci\u00f3n de los enfermos.<\/p>\n<\/p>\n<p>En su homil\u00eda el padre Bautista Cordero pidi\u00f3 a los enfermos seguir las prescripciones medicas del personal de salud del Padre Billini y no auto medicarse.<\/p>\n<\/p>\n<p>De su lado, la directora del hospital ubicado en la zona colonial,  doctora Ysabel Menual inst\u00f3 a los m\u00e9dicos del centro de salud a continuar trabajando con amor y misericordia, adem\u00e1s de renovarse cada d\u00eda para seguir ofreciendo un servicio acorde a las necesidades del usuario.<\/p>\n<\/p>\n<p>En la misa por los enfermos participaron el vicepresidente de la Pastoral de la Salud, Cesar Iv\u00e1n Ferris Iglesias y la representante de la entidad en la zona colonial, Maritza Flores.<\/p>\n<\/p>\n<p>A la celebraci\u00f3n religiosa encabezada por las autoridades del centro,  acudieron pacientes y personas internas en el Hospital Padre Billini, m\u00e9dicos. Enfermeras y personal administrativo. <\/p>\n<h6> 2016-02-05 19:55:52 <\/h6>\n<p><!--\n<link rel=\"stylesheet\" href=\"css\/bootstrap.min.css\">\n\n\n<ul class=\"pagination\">\n\t    \n\t\n\n<li >\n\t<a href='?page_no=13787'>Previous<\/a>\n\t<\/li>\n\n\n       \n    \n\n<li><a href='?page_no=1'>1<\/a><\/li>\n\n\n\n<li><a href='?page_no=2'>2<\/a><\/li>\n\n\n\n<li><a>...<\/a><\/li>\n\n\n\n<li><a href='?page_no=13786'>13786<\/a><\/li>\n\n\n\n<li><a href='?page_no=13787'>13787<\/a><\/li>\n\n\n\n<li class='active'><a>13788<\/a><\/li>\n\n\n\n<li><a href='?page_no=13789'>13789<\/a><\/li>\n\n\n\n<li><a href='?page_no=13790'>13790<\/a><\/li>\n\n\n\n<li><a>...<\/a><\/li>\n\n\n\n<li><a href='?page_no=56169'>56169<\/a><\/li>\n\n\n\n<li><a href='?page_no=56170'>56170<\/a><\/li>\n\n    \n\t\n\n<li >\n\t<a href='?page_no=13789'>Next<\/a>\n\t<\/li>\n\n\n    \n\n<li><a href='?page_no=56170'>Last &rsaquo;&rsaquo;<\/a><\/li>\n\n<\/ul>\n\n\n--><br \/>\n<\/body><\/p>\n","protected":false},"excerpt":{"rendered":"<p>Santo Domingo, R. D., 5 de febrero.- En el marco de la celebraci\u00f3n de la Vig\u00e9sima Sexta Jornada Mundial del Enfermo, fue realizada este viernes una misa por los pacientes del Hospital Docente Padre Billini. La celebraci\u00f3n religiosa fue organizada por la congregaci\u00f3n de las hermanas mercedarias de la caridad, la pastoral de la salud, [&hellip;]<\/p>\n","protected":false},"author":3,"featured_media":0,"comment_status":"open","ping_status":"open","sticky":false,"template":"","format":"standard","meta":{"footnotes":""},"categories":[20],"tags":[],"class_list":["post-219468","post","type-post","status-publish","format-standard","hentry","category-dominicana-hoy"],"_links":{"self":[{"href":"https:\/\/diariodominicano.com\/index.php?rest_route=\/wp\/v2\/posts\/219468","targetHints":{"allow":["GET"]}}],"collection":[{"href":"https:\/\/diariodominicano.com\/index.php?rest_route=\/wp\/v2\/posts"}],"about":[{"href":"https:\/\/diariodominicano.com\/index.php?rest_route=\/wp\/v2\/types\/post"}],"author":[{"embeddable":true,"href":"https:\/\/diariodominicano.com\/index.php?rest_route=\/wp\/v2\/users\/3"}],"replies":[{"embeddable":true,"href":"https:\/\/diariodominicano.com\/index.php?rest_route=%2Fwp%2Fv2%2Fcomments&post=219468"}],"version-history":[{"count":0,"href":"https:\/\/diariodominicano.com\/index.php?rest_route=\/wp\/v2\/posts\/219468\/revisions"}],"wp:attachment":[{"href":"https:\/\/diariodominicano.com\/index.php?rest_route=%2Fwp%2Fv2%2Fmedia&parent=219468"}],"wp:term":[{"taxonomy":"category","embeddable":true,"href":"https:\/\/diariodominicano.com\/index.php?rest_route=%2Fwp%2Fv2%2Fcategories&post=219468"},{"taxonomy":"post_tag","embeddable":true,"href":"https:\/\/diariodominicano.com\/index.php?rest_route=%2Fwp%2Fv2%2Ftags&post=219468"}],"curies":[{"name":"wp","href":"https:\/\/api.w.org\/{rel}","templated":true}]}}