{"id":219466,"date":"2016-02-05T21:52:39","date_gmt":"2016-02-05T21:52:39","guid":{"rendered":"http:\/\/diariodominicano.ddns.net\/?p=219466"},"modified":"2016-02-05T21:52:39","modified_gmt":"2016-02-05T21:52:39","slug":"presidente-designa-nuevo-gobernador-de-san-jose-de-ocoa","status":"publish","type":"post","link":"https:\/\/diariodominicano.com\/?p=219466","title":{"rendered":"Presidente designa nuevo gobernador de San jos\u00e9 de Ocoa"},"content":{"rendered":"<p><body><\/p>\n<p><img decoding=\"async\" src=\"img3\/Ocoa.jpg\" \/>  <\/p>\n<p><span class=\"text1noticias\">Santo Domingo, R. D., 5 de febrero.- Mediante el decreto 14-16, el presidente Danilo Medina nombr\u00f3 como gobernador civil de la provincia de San Jos\u00e9 de Ocoa a Abraham de la Cruz Mart\u00ednez Pujols, en sustituci\u00f3n de Bernab\u00e9 F\u00e9lix Estrella Ovalles.<\/span><\/p>\n<p><span class=\"text1noticias\"> <\/span><\/p>\n<p><span class=\"text1noticias\">En la misma disposici\u00f3n el Poder Ejecutivo design\u00f3 a Roberto Mej\u00eda Pujols como miembro del Consejo de Administraci\u00f3n de la Empresa de Generaci\u00f3n Hidroel\u00e9ctrica Dominicana (EGEHID), en sustituci\u00f3n de Mart\u00ednez Pujols.<\/span><\/p>\n<p><span class=\"text1noticias\"> <\/span><\/p>\n<p><span class=\"text1noticias\">En tanto que Estrella Ovalles, fue nombrado como viceministro de Medio Ambiente, en lugar de Roberto Mej\u00eda Pujol<\/span>s.<\/p>\n<h6> 2016-02-05 21:52:39 <\/h6>\n<p><!--\n<link rel=\"stylesheet\" href=\"css\/bootstrap.min.css\">\n\n\n<ul class=\"pagination\">\n\t    \n\t\n\n<li >\n\t<a href='?page_no=13785'>Previous<\/a>\n\t<\/li>\n\n\n       \n    \n\n<li><a href='?page_no=1'>1<\/a><\/li>\n\n\n\n<li><a href='?page_no=2'>2<\/a><\/li>\n\n\n\n<li><a>...<\/a><\/li>\n\n\n\n<li><a href='?page_no=13784'>13784<\/a><\/li>\n\n\n\n<li><a href='?page_no=13785'>13785<\/a><\/li>\n\n\n\n<li class='active'><a>13786<\/a><\/li>\n\n\n\n<li><a href='?page_no=13787'>13787<\/a><\/li>\n\n\n\n<li><a href='?page_no=13788'>13788<\/a><\/li>\n\n\n\n<li><a>...<\/a><\/li>\n\n\n\n<li><a href='?page_no=56169'>56169<\/a><\/li>\n\n\n\n<li><a href='?page_no=56170'>56170<\/a><\/li>\n\n    \n\t\n\n<li >\n\t<a href='?page_no=13787'>Next<\/a>\n\t<\/li>\n\n\n    \n\n<li><a href='?page_no=56170'>Last &rsaquo;&rsaquo;<\/a><\/li>\n\n<\/ul>\n\n\n--><br \/>\n<\/body><\/p>\n","protected":false},"excerpt":{"rendered":"<p>Santo Domingo, R. D., 5 de febrero.- Mediante el decreto 14-16, el presidente Danilo Medina nombr\u00f3 como gobernador civil de la provincia de San Jos\u00e9 de Ocoa a Abraham de la Cruz Mart\u00ednez Pujols, en sustituci\u00f3n de Bernab\u00e9 F\u00e9lix Estrella Ovalles. En la misma disposici\u00f3n el Poder Ejecutivo design\u00f3 a Roberto Mej\u00eda Pujols como miembro [&hellip;]<\/p>\n","protected":false},"author":3,"featured_media":0,"comment_status":"open","ping_status":"open","sticky":false,"template":"","format":"standard","meta":{"footnotes":""},"categories":[20],"tags":[],"class_list":["post-219466","post","type-post","status-publish","format-standard","hentry","category-dominicana-hoy"],"_links":{"self":[{"href":"https:\/\/diariodominicano.com\/index.php?rest_route=\/wp\/v2\/posts\/219466","targetHints":{"allow":["GET"]}}],"collection":[{"href":"https:\/\/diariodominicano.com\/index.php?rest_route=\/wp\/v2\/posts"}],"about":[{"href":"https:\/\/diariodominicano.com\/index.php?rest_route=\/wp\/v2\/types\/post"}],"author":[{"embeddable":true,"href":"https:\/\/diariodominicano.com\/index.php?rest_route=\/wp\/v2\/users\/3"}],"replies":[{"embeddable":true,"href":"https:\/\/diariodominicano.com\/index.php?rest_route=%2Fwp%2Fv2%2Fcomments&post=219466"}],"version-history":[{"count":0,"href":"https:\/\/diariodominicano.com\/index.php?rest_route=\/wp\/v2\/posts\/219466\/revisions"}],"wp:attachment":[{"href":"https:\/\/diariodominicano.com\/index.php?rest_route=%2Fwp%2Fv2%2Fmedia&parent=219466"}],"wp:term":[{"taxonomy":"category","embeddable":true,"href":"https:\/\/diariodominicano.com\/index.php?rest_route=%2Fwp%2Fv2%2Fcategories&post=219466"},{"taxonomy":"post_tag","embeddable":true,"href":"https:\/\/diariodominicano.com\/index.php?rest_route=%2Fwp%2Fv2%2Ftags&post=219466"}],"curies":[{"name":"wp","href":"https:\/\/api.w.org\/{rel}","templated":true}]}}