{"id":219465,"date":"2016-02-05T22:53:31","date_gmt":"2016-02-05T22:53:31","guid":{"rendered":"http:\/\/diariodominicano.ddns.net\/?p=219465"},"modified":"2016-02-05T22:53:31","modified_gmt":"2016-02-05T22:53:31","slug":"presidente-medina-designa-a-abraham-de-la-cruz-martinez-pujols-gobernador-de-ocoa","status":"publish","type":"post","link":"https:\/\/diariodominicano.com\/?p=219465","title":{"rendered":"Presidente Medina designa a Abraham de la Cruz Mart\u00ednez Pujols gobernador de Ocoa"},"content":{"rendered":"<p><body><\/p>\n<p>Santo Domingo RD 6 febrero.- Mediante el decreto 14-16, el presidente Danilo Medina nombr\u00f3 como gobernador civil de la provincia de San Jos\u00e9 de Ocoa a Abraham de la Cruz Mart\u00ednez Pujols, en sustituci\u00f3n de Bernab\u00e9 F\u00e9lix Estrella Ovalles.<\/p>\n<\/p>\n<p>En la misma disposici\u00f3n el Poder Ejecutivo design\u00f3 a Roberto Mej\u00eda Pujols como miembro del Consejo de Administraci\u00f3n de la Empresa de Generaci\u00f3n Hidroel\u00e9ctrica Dominicana (EGEHID), en sustituci\u00f3n de Mart\u00ednez Pujols.<\/p>\n<\/p>\n<p>En tanto que Estrella Ovalles, fue nombrado como viceministro de Medio Ambiente, en lugar de Roberto Mej\u00eda Pujols.<\/p>\n<h6> 2016-02-05 22:53:31 <\/h6>\n<p><!--\n<link rel=\"stylesheet\" href=\"css\/bootstrap.min.css\">\n\n\n<ul class=\"pagination\">\n\t    \n\t\n\n<li >\n\t<a href='?page_no=13784'>Previous<\/a>\n\t<\/li>\n\n\n       \n    \n\n<li><a href='?page_no=1'>1<\/a><\/li>\n\n\n\n<li><a href='?page_no=2'>2<\/a><\/li>\n\n\n\n<li><a>...<\/a><\/li>\n\n\n\n<li><a href='?page_no=13783'>13783<\/a><\/li>\n\n\n\n<li><a href='?page_no=13784'>13784<\/a><\/li>\n\n\n\n<li class='active'><a>13785<\/a><\/li>\n\n\n\n<li><a href='?page_no=13786'>13786<\/a><\/li>\n\n\n\n<li><a href='?page_no=13787'>13787<\/a><\/li>\n\n\n\n<li><a>...<\/a><\/li>\n\n\n\n<li><a href='?page_no=56169'>56169<\/a><\/li>\n\n\n\n<li><a href='?page_no=56170'>56170<\/a><\/li>\n\n    \n\t\n\n<li >\n\t<a href='?page_no=13786'>Next<\/a>\n\t<\/li>\n\n\n    \n\n<li><a href='?page_no=56170'>Last &rsaquo;&rsaquo;<\/a><\/li>\n\n<\/ul>\n\n\n--><br \/>\n<\/body><\/p>\n","protected":false},"excerpt":{"rendered":"<p>Santo Domingo RD 6 febrero.- Mediante el decreto 14-16, el presidente Danilo Medina nombr\u00f3 como gobernador civil de la provincia de San Jos\u00e9 de Ocoa a Abraham de la Cruz Mart\u00ednez Pujols, en sustituci\u00f3n de Bernab\u00e9 F\u00e9lix Estrella Ovalles. En la misma disposici\u00f3n el Poder Ejecutivo design\u00f3 a Roberto Mej\u00eda Pujols como miembro del Consejo [&hellip;]<\/p>\n","protected":false},"author":3,"featured_media":0,"comment_status":"open","ping_status":"open","sticky":false,"template":"","format":"standard","meta":{"footnotes":""},"categories":[20],"tags":[],"class_list":["post-219465","post","type-post","status-publish","format-standard","hentry","category-dominicana-hoy"],"_links":{"self":[{"href":"https:\/\/diariodominicano.com\/index.php?rest_route=\/wp\/v2\/posts\/219465","targetHints":{"allow":["GET"]}}],"collection":[{"href":"https:\/\/diariodominicano.com\/index.php?rest_route=\/wp\/v2\/posts"}],"about":[{"href":"https:\/\/diariodominicano.com\/index.php?rest_route=\/wp\/v2\/types\/post"}],"author":[{"embeddable":true,"href":"https:\/\/diariodominicano.com\/index.php?rest_route=\/wp\/v2\/users\/3"}],"replies":[{"embeddable":true,"href":"https:\/\/diariodominicano.com\/index.php?rest_route=%2Fwp%2Fv2%2Fcomments&post=219465"}],"version-history":[{"count":0,"href":"https:\/\/diariodominicano.com\/index.php?rest_route=\/wp\/v2\/posts\/219465\/revisions"}],"wp:attachment":[{"href":"https:\/\/diariodominicano.com\/index.php?rest_route=%2Fwp%2Fv2%2Fmedia&parent=219465"}],"wp:term":[{"taxonomy":"category","embeddable":true,"href":"https:\/\/diariodominicano.com\/index.php?rest_route=%2Fwp%2Fv2%2Fcategories&post=219465"},{"taxonomy":"post_tag","embeddable":true,"href":"https:\/\/diariodominicano.com\/index.php?rest_route=%2Fwp%2Fv2%2Ftags&post=219465"}],"curies":[{"name":"wp","href":"https:\/\/api.w.org\/{rel}","templated":true}]}}